{"id":331567,"date":"2025-08-20T12:34:10","date_gmt":"2025-08-20T12:34:10","guid":{"rendered":"https:\/\/www.europesays.com\/fr\/331567\/"},"modified":"2025-08-20T12:34:10","modified_gmt":"2025-08-20T12:34:10","slug":"a-nantes-le-salon-du-chiot-dans-le-viseur-des-animalistes","status":"publish","type":"post","link":"https:\/\/www.europesays.com\/fr\/331567\/","title":{"rendered":"\u00e0 Nantes, le salon du chiot dans le viseur des animalistes"},"content":{"rendered":"<p>Cette ann\u00e9e encore, des b\u00e9b\u00e9s chiens issus d\u2019\u00e9levages sont accueillis \u00e0 l\u2019hippodrome de Nantes. Comme souvent, les associations de protection animale pr\u00e9voient de manifester.<\/p>\n<p class=\"fig-paragraph\">Un salon du chiot est attendu ce week-end \u00e0\u00a0<a href=\"http:\/\/www.lefigaro.fr\/nantes\/des-blablabanc-et-des-parcs-pour-chiens-mais-toujours-pas-de-cameras-pres-de-nantes-la-colere-des-commercants-encore-cambrioles-20250820\" target=\"_blank\" data-fig-type=\"NewsFlash\" rel=\"noopener\" data-gtm-custom-categorie=\"navigation\" data-gtm-custom-action=\"crossclick\" data-gtm-custom-label=\"Contextuel\" data-gtm-event=\"customEventSPE\" data-fig-domain=\"LEFIGARO\">Nantes<\/a>. Depuis quelques ann\u00e9es, un peu partout en France, ces rendez-vous sont devenus le lieu de ralliement des\u00a0<a href=\"http:\/\/www.lefigaro.fr\/vox\/societe\/l-animalisme-est-un-revelateur-de-nos-demissions-civilisationnelles-20241227\" target=\"_blank\" data-fig-type=\"Article\" rel=\"noopener\" data-gtm-custom-categorie=\"navigation\" data-gtm-custom-action=\"crossclick\" data-gtm-custom-label=\"Contextuel\" data-gtm-event=\"customEventSPE\" data-fig-domain=\"LEFIGARO\">d\u00e9fenseurs de la cause animale<\/a>. La\u00a0<a href=\"https:\/\/www.lefigaro.fr\/arts-expositions\/a-nantes-un-temple-de-la-curiosite-pour-la-cite-des-ducs-20240517\" target=\"_blank\" data-fig-type=\"Article\" rel=\"noopener\" data-gtm-custom-categorie=\"navigation\" data-gtm-custom-action=\"crossclick\" data-gtm-custom-label=\"Contextuel\" data-gtm-event=\"customEventSPE\" data-fig-domain=\"LEFIGARO\">Cit\u00e9 des Ducs<\/a>\u00a0ne va pas y \u00e9chapper. Des opposants politiques et militants associatifs ont d\u00e9cid\u00e9 de se relayer tout le week-end, indign\u00e9s par cet \u00e9v\u00e9nement pr\u00e9vu \u00e0 l\u2019hippodrome du Petit Port. \u00abNous ne pouvons plus ignorer les cons\u00e9quences dramatiques de la commercialisation des \u00eatres vivants\u00bb, tance Karine Letellier, correspondante du\u00a0<a href=\"http:\/\/www.lefigaro.fr\/animaux\/un-elu-porte-plainte-apres-l-euthanasie-de-200-chauves-souris-au-zoo-de-montpellier-20250730\" target=\"_blank\" data-fig-type=\"NewsFlash\" rel=\"noopener\" data-gtm-custom-categorie=\"navigation\" data-gtm-custom-action=\"crossclick\" data-gtm-custom-label=\"Contextuel\" data-gtm-event=\"customEventSPE\" data-fig-domain=\"LEFIGARO\">parti animaliste<\/a>\u00a0en Loire-Atlantique.<\/p>\n<p class=\"fig-paragraph\">\u00abCe salon, comme tant d\u2019autres, encourage l\u2019achat impulsif, favorise des \u00e9levages dont les conditions sont souvent opaques et contribue \u00e0 la surpopulation de nos refuges. Il est temps que les animaux ne soient plus trait\u00e9s comme de simples marchandises\u00bb, attaque-t-elle, alors que son parti souhaite l\u2019interdiction nationale de ces salons.<\/p>\n<p>                                    <a class=\"fig-a11y-skip a11y-hidden\" href=\"#fig-a11y-skip-main-inarticle\"><br \/>\n        Passer la publicit\u00e9<br \/>\n    <\/a><\/p>\n<p>Un \u00abbusiness sur l\u2019\u00e9levage des chiens\u00bb pour les opposants<\/p>\n<p class=\"fig-paragraph\">Parmi les autres protestataires, la tr\u00e8s active\u00a0<a href=\"http:\/\/www.lefigaro.fr\/lyon\/plus-de-la-moitie-des-lyonnais-favorables-a-la-fermeture-du-celebre-zoo-de-la-tete-d-or-selon-un-sondage-20250402\" target=\"_blank\" data-fig-type=\"NewsFlash\" rel=\"noopener\" data-gtm-custom-categorie=\"navigation\" data-gtm-custom-action=\"crossclick\" data-gtm-custom-label=\"Contextuel\" data-gtm-event=\"customEventSPE\" data-fig-domain=\"LEFIGARO\">association de protection animale PAZ<\/a>, d\u00e9nonce aussi dans un communiqu\u00e9 des salons qui \u00abfont du business sur l\u2019\u00e9levage de chiens\u00bb. \u00abProvoquer des envies d\u2019acheter des animaux de compagnie alors que la France est le premier pays en termes d\u2019abandon est choquant\u00a0!\u00bb, \u00e9crit-elle, demandant aux maires de refuser ces salons. PAZ assure m\u00eame avoir convaincu la mairie de Nogent-sur-Oise de ne plus en accueillir. \u00c0 Nantes, d\u2019autres structures locales se sont associ\u00e9es \u00e0 ces revendications.<\/p>\n<p class=\"fig-paragraph\">Ces messages ne semblent pas faire trembler pas les organisateurs du salon (Passion Chiots Organisation), qui pr\u00e9voient de maintenir l\u2019\u00e9v\u00e9nement. D\u00e9j\u00e0 l\u2019an dernier, quelques perturbateurs s\u2019y \u00e9taient press\u00e9s. Sollicit\u00e9 par Le Figaro, son pr\u00e9sident, Bernard Moreau, r\u00e9pond \u00e0 ses d\u00e9tracteurs. \u00abC\u2019est un combat d\u2019extr\u00e9mistes. On ne peut pas tirer \u00e0 boulets rouges sans savoir de quoi on parle en face\u00bb, commence-t-il, rappelant qu\u2019un v\u00e9t\u00e9rinaire habilit\u00e9 par la Direction des services v\u00e9t\u00e9rinaires va contr\u00f4ler la sant\u00e9 et l\u2019origine des animaux.<\/p>\n<p class=\"fig-paragraph\">D\u00e9fendant un salon tr\u00e8s r\u00e9glement\u00e9 rassemblant des \u00e9leveurs naisseurs producteurs des quatre coins de France, l\u2019organisation pr\u00e9cise sur son site qu\u2019il n\u2019y aura \u00abpas d\u2019animaux issus d\u2019importation ou de n\u00e9goce\u00bb. Habituellement, seuls \u00ab2 \u00e0 3% des visiteurs ach\u00e8tent un chien\u00bb, reprend Bernard Moreau, alors qu\u2019un peu moins de 2000 personnes sont attendues. \u00abLa plupart sont des grands-parents qui viennent avec leurs petits-enfants. Il y a un c\u00f4t\u00e9 ludique\u00bb.<\/p>\n<p>Certificat d\u2019engagement et de connaissance \u00e0 signer<\/p>\n<p class=\"fig-paragraph\">\u00abNous allons refaire un comptage ce week-end pour voir le nombre de chiots qui sortent\u00bb, r\u00e9torque Karine Letellier, la correspondante du parti animaliste. Lors d\u2019un pr\u00e9c\u00e9dent salon \u00e0 Saint-Herblain, en p\u00e9riph\u00e9rie nantaise, elle avait d\u00e9j\u00e0 proc\u00e9d\u00e9 de la sorte. \u00abNous allons interroger les acheteurs pour savoir comment ils en sont arriv\u00e9s \u00e0 acheter un chien et s\u2019ils ont bien pris connaissance du\u00a0<a href=\"http:\/\/www.lefigaro.fr\/flash-actu\/adopter-un-chat-ou-un-cheval-les-nouvelles-regles-arrivent-en-france-20220719\" target=\"_blank\" data-fig-type=\"NewsFlash\" rel=\"noopener\" data-gtm-custom-categorie=\"navigation\" data-gtm-custom-action=\"crossclick\" data-gtm-custom-label=\"Contextuel\" data-gtm-event=\"customEventSPE\" data-fig-domain=\"LEFIGARO\">certificat d\u2019engagement et de connaissance<\/a> \u00a0qui doit \u00eatre sign\u00e9 sept jours avant. Sur place, les \u00e9leveurs peuvent l\u2019antidater. Bien souvent, les familles viennent avec des enfants, ont un coup de c\u0153ur, et ressortent avec un chiot comme si c\u2019\u00e9tait un jouet\u00bb, d\u00e9plore-t-elle, se r\u00e9f\u00e9rant aux images d\u2019une cam\u00e9ra cach\u00e9e tourn\u00e9es lors d\u2019un salon \u00e0 Perpignan en 2023 montrant que le document demand\u00e9,<a href=\"http:\/\/www.lefigaro.fr\/actualite-france\/lutte-contre-la-maltraitance-animale-ultime-vote-de-l-assemblee-quasi-unanime-avant-le-senat-jeudi-20211116\" target=\"_blank\" data-fig-type=\"NewsFlash\" rel=\"noopener\" data-gtm-custom-categorie=\"navigation\" data-gtm-custom-action=\"crossclick\" data-gtm-custom-label=\"Contextuel\" data-gtm-event=\"customEventSPE\" data-fig-domain=\"LEFIGARO\">\u00a0inscrit dans la r\u00e9cente la loi de 2021 contre la maltraitance animale<\/a>, n\u2019\u00e9tait pas toujours \u00e9tabli dans les r\u00e8gles.<\/p>\n<p class=\"fig-paragraph\">Ce n\u2019est pas pour autant que tout le monde contourne cette r\u00e9glementation. L\u2019organisateur du salon nantais assure qu\u2019il propose aux participants de le signer avant. En effet, les acheteurs potentiels sont invit\u00e9s \u00e0 le t\u00e9l\u00e9charger en amont. \u00abC\u2019est aussi dans cette optique que nous faisons un salon \u00e0 Rennes huit jours apr\u00e8s celui de Nantes. Pour que les gens viennent chercher leur chien\u00bb, assure le responsable.<\/p>\n<p>                                    <a class=\"fig-a11y-skip a11y-hidden\" href=\"#fig-a11y-skip-main-inarticle_mtf\"><br \/>\n        Passer la publicit\u00e9<br \/>\n    <\/a><\/p>\n<p class=\"fig-paragraph\">Il sugg\u00e8re aux associations de s\u2019en prendre davantage aux particuliers qui ach\u00e8tent par exemple sur internet leur animal. \u00abSur Leboncoin par exemple, personne ne va demander des informations pour savoir si tout se passe bien. Les \u00e9leveurs, eux, re\u00e7oivent des photos des chiens. Le but est que tout se passe pour le mieux. Vous pouvez retourner chez l\u2019\u00e9leveur\u00bb. L\u2019expert en \u00e9v\u00e9nements canins assure que \u00able pourcentage d\u2019abandon de chiens vendus dans les salons et chez les \u00e9leveurs est tr\u00e8s faible\u00bb. Face \u00e0 la mont\u00e9e des critiques, il pr\u00e9voit de mettre prochainement des affiches p\u00e9dagogiques \u00e0 l\u2019entr\u00e9e pour expliquer la provenance et rassurer le public.<\/p>\n","protected":false},"excerpt":{"rendered":"Cette ann\u00e9e encore, des b\u00e9b\u00e9s chiens issus d\u2019\u00e9levages sont accueillis \u00e0 l\u2019hippodrome de Nantes. Comme souvent, les associations&hellip;\n","protected":false},"author":2,"featured_media":331568,"comment_status":"","ping_status":"","sticky":false,"template":"","format":"standard","meta":{"footnotes":""},"categories":[2818],"tags":[1111,11,46893,4850,1777,674,1011,27,6795,766,12,42372,2636,25],"class_list":{"0":"post-331567","1":"post","2":"type-post","3":"status-publish","4":"format-standard","5":"has-post-thumbnail","7":"category-nantes","8":"tag-actu","9":"tag-actualites","10":"tag-cause-animale","11":"tag-chien","12":"tag-eu","13":"tag-europe","14":"tag-fr","15":"tag-france","16":"tag-maltraitance-animale","17":"tag-nantes","18":"tag-news","19":"tag-parti-animaliste","20":"tag-pays-de-la-loire","21":"tag-republique-francaise"},"share_on_mastodon":{"url":"https:\/\/pubeurope.com\/@fr\/115061120312717053","error":""},"_links":{"self":[{"href":"https:\/\/www.europesays.com\/fr\/wp-json\/wp\/v2\/posts\/331567","targetHints":{"allow":["GET"]}}],"collection":[{"href":"https:\/\/www.europesays.com\/fr\/wp-json\/wp\/v2\/posts"}],"about":[{"href":"https:\/\/www.europesays.com\/fr\/wp-json\/wp\/v2\/types\/post"}],"author":[{"embeddable":true,"href":"https:\/\/www.europesays.com\/fr\/wp-json\/wp\/v2\/users\/2"}],"replies":[{"embeddable":true,"href":"https:\/\/www.europesays.com\/fr\/wp-json\/wp\/v2\/comments?post=331567"}],"version-history":[{"count":0,"href":"https:\/\/www.europesays.com\/fr\/wp-json\/wp\/v2\/posts\/331567\/revisions"}],"wp:featuredmedia":[{"embeddable":true,"href":"https:\/\/www.europesays.com\/fr\/wp-json\/wp\/v2\/media\/331568"}],"wp:attachment":[{"href":"https:\/\/www.europesays.com\/fr\/wp-json\/wp\/v2\/media?parent=331567"}],"wp:term":[{"taxonomy":"category","embeddable":true,"href":"https:\/\/www.europesays.com\/fr\/wp-json\/wp\/v2\/categories?post=331567"},{"taxonomy":"post_tag","embeddable":true,"href":"https:\/\/www.europesays.com\/fr\/wp-json\/wp\/v2\/tags?post=331567"}],"curies":[{"name":"wp","href":"https:\/\/api.w.org\/{rel}","templated":true}]}}