{"id":331569,"date":"2025-08-20T12:35:09","date_gmt":"2025-08-20T12:35:09","guid":{"rendered":"https:\/\/www.europesays.com\/fr\/331569\/"},"modified":"2025-08-20T12:35:09","modified_gmt":"2025-08-20T12:35:09","slug":"aux-portes-de-bordeaux-un-festival-pour-clore-lete-entre-musique-independante-et-electro","status":"publish","type":"post","link":"https:\/\/www.europesays.com\/fr\/331569\/","title":{"rendered":"Aux portes de Bordeaux, un festival pour clore l&rsquo;\u00e9t\u00e9 entre musique ind\u00e9pendante et electro"},"content":{"rendered":"<p>            Par<br \/>\n        <strong><br \/>\n            <a href=\"https:\/\/actu.fr\/auteur\/charlotte-lesprit\" title=\"Consulter tous les articles de Charlotte Lesprit\" rel=\"nofollow noopener\" target=\"_blank\">Charlotte Lesprit<\/a><br \/>\n        <\/strong><\/p>\n<p>        Publi\u00e9 le<\/p>\n<p>            20 ao\u00fbt 2025 \u00e0 13h18        <\/p>\n<p>Balterno revient du 29 au 31\u00a0ao\u00fbt dans <strong>l\u2019\u00e9crin verdoyant du parc Mussonville<\/strong>, \u00e0 B\u00e8gles, pour trois jours de<strong> f\u00eate en plein air<\/strong>. Quinze groupes sont \u00e0 l\u2019affiche, accompagn\u00e9s d\u2019une<strong> caravane sound system<\/strong>, pour faire vibrer la sc\u00e8ne dans une ambiance chaleureuse et dansante. Avant la reprise de septembre, le mot d\u2019ordre est clair\u2009: danser, rire, s\u2019amuser \u00e0 la crois\u00e9e des styles et des musiques dans un festival \u00e0 taille humaine.<\/p>\n<p class=\" wall-content\">Les festivit\u00e9s d\u00e9buteront vendredi soir, \u00e0 19 heures, avec Hilight Tribe, Bandikoot in dub, Scientyfreaks et Stepper sons, des groupes issus de la sc\u00e8ne ind\u00e9pendante. <strong>Un m\u00e9lange des genres et des rythmes<\/strong> avec une promesse\u2009: l\u2019\u00e9nergie et le rythme n\u00e9cessaire pour faire danser les festivaliers. <strong>Jusqu\u2019\u00e0 1\u2009500\u00a0personnes<\/strong> sont attendues sur le week-end dont le fonctionnement est assur\u00e9 par une quarantaine de b\u00e9n\u00e9voles, tous mobilis\u00e9s pour assurer le bon d\u00e9roulement de l\u2019\u00e9v\u00e9nement.<\/p>\n<p class=\" wall-content\"><a href=\"https:\/\/www.instagram.com\/reel\/DMYA_LJK1zI\/embed\" title=\"Ouvrir le lien sur Instagram\" rel=\"nofollow noopener\" target=\"_blank\">Visualiser le contenu sur Instagram<\/a><\/p>\n<p>Didier Super se met au style metal<\/p>\n<p class=\" wall-content\">Samedi, la production a mis\u00e9 sur le fantasque Didier Super en t\u00eate d\u2019affiche (et son show metal). Il chante majoritairement faux mais ces textes corrosifs et son <strong>univers d\u00e9jant\u00e9<\/strong> l\u2019emm\u00e8ne aux quatre coins de l\u2019Hexagone, dont l\u2019\u00c9lys\u00e9e Montmartre \u00e0 Paris en novembre\u00a02025.<\/p>\n<p class=\" wall-content\">Pour ce qui est du programme de cette journ\u00e9e qui d\u00e9butera \u00e0 17\u00a0heures\u2009: Carmen Maria Vega, avec son projet Show Carmen Ultra, et, c\u00f4t\u00e9 \u00e9lectro, Elisa Do Brasil et Tha Trickaz qui viendront faire vibrer les festivaliers entre drum and bass et bass music. Pour ceux qui ne le connaissent pas, il sera \u00e9galement possible de d\u00e9couvrir le <strong>vainqueur du tremplin DJ de la F\u00eate de la Morue 2025<\/strong>. Son nom\u2009: L.atipik et il sera \u00e9galement pr\u00e9sent le dimanche apr\u00e8s-midi. Autre talent local sur sc\u00e8ne le samedi soir\u2009: Nova Sauvageonne, pour \u00ab\u2009un univers plein de relief, des rythmiques chaloup\u00e9es, jazzy et neo-soul\u2009\u00bb.<\/p>\n<p class=\" wall-content\"><a href=\"https:\/\/www.instagram.com\/p\/DNi276TKPyi\/embed\" title=\"Ouvrir le lien sur Instagram\" rel=\"nofollow noopener\" target=\"_blank\">Visualiser le contenu sur Instagram<\/a><\/p>\n<p class=\" wall-content\">Dimanche, apr\u00e8s une matin\u00e9e de repos, Balterno propose une <strong>apr\u00e8s-midi<\/strong> <strong>enti\u00e8rement gratuite<\/strong> de 15 \u00e0 20 heures, petite tradition depuis le lancement du festival, en collaboration avec l\u2019\u00e9cole de musique Larsen (avec Neo Bourgeois, FAA, Wave Blowers).<\/p>\n<p class=\" wall-content\">Ce festival mise sur une programmation hybride, certes, mais il y aura \u00e9videmment les incontournables food-trucks et une buvette pour se restaurer. Pour prendre sa pr\u00e9vente, c\u2019est <a href=\"https:\/\/www.helloasso.com\/associations\/balterno-production\" rel=\"nofollow noopener\" target=\"_blank\">en cliquant ici<\/a>.<\/p>\n<p>Sur r\u00e9servation, pass 1 jour \u00e0 partir de 19 euros et 34 euros pour deux journ\u00e9es. Les soir\u00e9es de vendredi et samedi se termineront \u00e0 1 heure du matin. Gratuit pour les moins de 10 ans.<\/p>\n<p class=\" wall-content\">Personnalisez votre actualit\u00e9 en ajoutant vos villes et m\u00e9dias en favori avec <a href=\"https:\/\/moncompte.actu.fr\" title=\"D\u00e9couvez Mon Actu\" rel=\"nofollow noopener\" data-trk=\"{&quot;cta&quot;:{&quot;action&quot;:&quot;https:\\\/\\\/moncompte.actu.fr&quot;,&quot;category&quot;:&quot;mon compte&quot;,&quot;from&quot;:&quot;article footer&quot;,&quot;name&quot;:&quot;Mon actu&quot;,&quot;type&quot;:&quot;cta&quot;}}\" target=\"_blank\">Mon Actu<\/a>.<\/p>\n<p>                    <script async src=\"\/\/www.instagram.com\/embed.js\"><\/script><\/p>\n","protected":false},"excerpt":{"rendered":"Par Charlotte Lesprit Publi\u00e9 le 20 ao\u00fbt 2025 \u00e0 13h18 Balterno revient du 29 au 31\u00a0ao\u00fbt dans l\u2019\u00e9crin&hellip;\n","protected":false},"author":2,"featured_media":331570,"comment_status":"","ping_status":"","sticky":false,"template":"","format":"standard","meta":{"footnotes":""},"categories":[2817],"tags":[1111,11,1997,1697,1777,674,849,1011,27,1652,873,12,2219,25],"class_list":{"0":"post-331569","1":"post","2":"type-post","3":"status-publish","4":"format-standard","5":"has-post-thumbnail","7":"category-bordeaux","8":"tag-actu","9":"tag-actualites","10":"tag-bordeaux","11":"tag-concert","12":"tag-eu","13":"tag-europe","14":"tag-festival","15":"tag-fr","16":"tag-france","17":"tag-loisirs-culture","18":"tag-musique","19":"tag-news","20":"tag-nouvelle-aquitaine","21":"tag-republique-francaise"},"share_on_mastodon":{"url":"https:\/\/pubeurope.com\/@fr\/115061124361068080","error":""},"_links":{"self":[{"href":"https:\/\/www.europesays.com\/fr\/wp-json\/wp\/v2\/posts\/331569","targetHints":{"allow":["GET"]}}],"collection":[{"href":"https:\/\/www.europesays.com\/fr\/wp-json\/wp\/v2\/posts"}],"about":[{"href":"https:\/\/www.europesays.com\/fr\/wp-json\/wp\/v2\/types\/post"}],"author":[{"embeddable":true,"href":"https:\/\/www.europesays.com\/fr\/wp-json\/wp\/v2\/users\/2"}],"replies":[{"embeddable":true,"href":"https:\/\/www.europesays.com\/fr\/wp-json\/wp\/v2\/comments?post=331569"}],"version-history":[{"count":0,"href":"https:\/\/www.europesays.com\/fr\/wp-json\/wp\/v2\/posts\/331569\/revisions"}],"wp:featuredmedia":[{"embeddable":true,"href":"https:\/\/www.europesays.com\/fr\/wp-json\/wp\/v2\/media\/331570"}],"wp:attachment":[{"href":"https:\/\/www.europesays.com\/fr\/wp-json\/wp\/v2\/media?parent=331569"}],"wp:term":[{"taxonomy":"category","embeddable":true,"href":"https:\/\/www.europesays.com\/fr\/wp-json\/wp\/v2\/categories?post=331569"},{"taxonomy":"post_tag","embeddable":true,"href":"https:\/\/www.europesays.com\/fr\/wp-json\/wp\/v2\/tags?post=331569"}],"curies":[{"name":"wp","href":"https:\/\/api.w.org\/{rel}","templated":true}]}}