{"id":331573,"date":"2025-08-20T12:37:09","date_gmt":"2025-08-20T12:37:09","guid":{"rendered":"https:\/\/www.europesays.com\/fr\/331573\/"},"modified":"2025-08-20T12:37:09","modified_gmt":"2025-08-20T12:37:09","slug":"la-ville-rose-se-distingue-dans-plusieurs-classements","status":"publish","type":"post","link":"https:\/\/www.europesays.com\/fr\/331573\/","title":{"rendered":"la Ville rose se distingue dans plusieurs classements"},"content":{"rendered":"<p>            Par<br \/>\n        <strong><br \/>\n            <a href=\"https:\/\/actu.fr\/auteur\/lea-afonso\" title=\"Consulter tous les articles de L\u00e9a Afonso\" target=\"_blank\" rel=\"noopener\">L\u00e9a Afonso<\/a><br \/>\n        <\/strong><\/p>\n<p>        Publi\u00e9 le<\/p>\n<p>            20 ao\u00fbt 2025 \u00e0 14h27        <\/p>\n<p><a href=\"https:\/\/actu.fr\/toulouse\/\" target=\"_blank\" rel=\"noopener\">Toulouse<\/a> brille une nouvelle fois \u00e0 l\u2019\u00e9chelle nationale en ce mois d\u2019ao\u00fbt\u00a02025. Au travers de plusieurs classements publi\u00e9s par le<a href=\"https:\/\/www.faireparterie.fr\/magazine\/general\/palmares-villes-francaises-attractives-2025\" target=\"_blank\" rel=\"noopener\"> Magazine de la Fairepartie<\/a> sur les<strong> villes fran\u00e7aises<\/strong> les plus <strong>attractives et instagrammables de l\u2019ann\u00e9e<\/strong>, la Ville Rose se distingue particuli\u00e8rement par son ensoleillement g\u00e9n\u00e9reux et sa forte pr\u00e9sence sur les r\u00e9seaux sociaux.<\/p>\n<p>Une ville star sur Instagram et TikTok<\/p>\n<p class=\" wall-content\">La Ville Rose est au centre de l\u2019attention des r\u00e9seaux sociaux. Son cadre de vie qui en fait r\u00eaver plus d\u2019un n\u2019y est pas pour rien. En 2025, Toulouse d\u00e9croche ainsi la <strong>6\u1d49\u00a0place<\/strong> nationale (sur 46) sur <a href=\"https:\/\/www.instagram.com\/explore\/search\/keyword\/?q=%23toulouse\" target=\"_blank\" rel=\"noopener\"><strong>Instagram<\/strong> <\/a>avec <strong>1,48\u00a0million de hashtags<\/strong> la concernant. Ses fa\u00e7ades en briques rouges, la tant renomm\u00e9e place du Capitole et ses ruelles pittoresques offrent un d\u00e9cor photog\u00e9nique unique, que certains ne manquent pas de capturer.<\/p>\n<p class=\" wall-content\">Sur <a href=\"https:\/\/www.tiktok.com\/search?q=toulouse&amp;t=1754897882777\" target=\"_blank\" rel=\"noopener\"><strong>TikTok<\/strong><\/a>, Toulouse s\u2019impose \u00e9galement dans le<strong> Top\u00a05, avec pr\u00e8s de 688\u2009000 vid\u00e9os<\/strong> mentionnant le hashtag de la ville. Les cr\u00e9ateurs de contenus s\u2019y amusent \u00e0 tourner des vid\u00e9os en tous genres\u2009: patrimoine, commerces, restaurants, id\u00e9es de sorties et bien d\u2019autres circulent sur les feed de milliers de personnes.<\/p>\n<p>Comment est \u00e9labor\u00e9 le classement ? <\/p>\n<p>Ce classement r\u00e9alis\u00e9 par le Magazine de la Fairepartie est \u00e9labor\u00e9 en croisant trois dimensions : la pr\u00e9sence sur les r\u00e9seaux sociaux, le climat, et la richesse de l\u2019offre culturelle et gastronomique.<br \/>Les chiffres correspondent ainsi au volume de hashtags li\u00e9s \u00e0 chaque ville, relev\u00e9 en juin 2025 sur Instagram et TikTok.<\/p>\n<p>Une place parmi les villes les plus ensoleill\u00e9es de France<\/p>\n<p class=\" wall-content\">Autre mise en lumi\u00e8re de Toulouse dans le classement\u2009: son ensoleillement. Avec plus de <strong>290\u00a0jours de soleil par an<\/strong> selon le magazine, Toulouse figure dans le Top\u00a010 des villes fran\u00e7aises les plus lumineuses (en<strong> 8e position<\/strong>), aux c\u00f4t\u00e9s de Perpignan, Marseille ou encore Avignon. Un climat favorable qui contribue \u00e0 la douceur de vivre toulousaine et \u00e0 l\u2019attrait de ses espaces ext\u00e9rieurs, des terrasses anim\u00e9es de la place Saint-Georges aux guinguettes bien cach\u00e9es pour les plus connaisseurs.<\/p>\n<p>Vid\u00e9os : en ce moment sur ActuUne ville \u00e0 l\u2019image forte<\/p>\n<p class=\" wall-content\">En 2025, Toulouse se positionne donc comme une destination phare pour les voyageurs. Que ce soit pour un city trip, remplir sa page Instagram de photos ou simplement vloguer sa journ\u00e9e, la Ville rose prouve qu\u2019elle ne perd rien de son charme.<\/p>\n<p class=\" wall-content\">Personnalisez votre actualit\u00e9 en ajoutant vos villes et m\u00e9dias en favori avec <a href=\"https:\/\/moncompte.actu.fr\" title=\"D\u00e9couvez Mon Actu\" rel=\"nofollow noopener\" data-trk=\"{&quot;cta&quot;:{&quot;action&quot;:&quot;https:\\\/\\\/moncompte.actu.fr&quot;,&quot;category&quot;:&quot;mon compte&quot;,&quot;from&quot;:&quot;article footer&quot;,&quot;name&quot;:&quot;Mon actu&quot;,&quot;type&quot;:&quot;cta&quot;}}\" target=\"_blank\">Mon Actu<\/a>.<\/p>\n<p>                    <script async src=\"\/\/www.instagram.com\/embed.js\"><\/script><script async src=\"\/\/www.tiktok.com\/embed.js\"><\/script><\/p>\n","protected":false},"excerpt":{"rendered":"Par L\u00e9a Afonso Publi\u00e9 le 20 ao\u00fbt 2025 \u00e0 14h27 Toulouse brille une nouvelle fois \u00e0 l\u2019\u00e9chelle nationale&hellip;\n","protected":false},"author":2,"featured_media":331574,"comment_status":"","ping_status":"","sticky":false,"template":"","format":"standard","meta":{"footnotes":""},"categories":[2816],"tags":[1111,11,1777,674,1011,27,1305,12,2680,25,1341,2312],"class_list":{"0":"post-331573","1":"post","2":"type-post","3":"status-publish","4":"format-standard","5":"has-post-thumbnail","7":"category-toulouse","8":"tag-actu","9":"tag-actualites","10":"tag-eu","11":"tag-europe","12":"tag-fr","13":"tag-france","14":"tag-lifestyle","15":"tag-news","16":"tag-occitanie","17":"tag-republique-francaise","18":"tag-sortir-a-toulouse","19":"tag-toulouse"},"share_on_mastodon":{"url":"https:\/\/pubeurope.com\/@fr\/115061132145077442","error":""},"_links":{"self":[{"href":"https:\/\/www.europesays.com\/fr\/wp-json\/wp\/v2\/posts\/331573","targetHints":{"allow":["GET"]}}],"collection":[{"href":"https:\/\/www.europesays.com\/fr\/wp-json\/wp\/v2\/posts"}],"about":[{"href":"https:\/\/www.europesays.com\/fr\/wp-json\/wp\/v2\/types\/post"}],"author":[{"embeddable":true,"href":"https:\/\/www.europesays.com\/fr\/wp-json\/wp\/v2\/users\/2"}],"replies":[{"embeddable":true,"href":"https:\/\/www.europesays.com\/fr\/wp-json\/wp\/v2\/comments?post=331573"}],"version-history":[{"count":0,"href":"https:\/\/www.europesays.com\/fr\/wp-json\/wp\/v2\/posts\/331573\/revisions"}],"wp:featuredmedia":[{"embeddable":true,"href":"https:\/\/www.europesays.com\/fr\/wp-json\/wp\/v2\/media\/331574"}],"wp:attachment":[{"href":"https:\/\/www.europesays.com\/fr\/wp-json\/wp\/v2\/media?parent=331573"}],"wp:term":[{"taxonomy":"category","embeddable":true,"href":"https:\/\/www.europesays.com\/fr\/wp-json\/wp\/v2\/categories?post=331573"},{"taxonomy":"post_tag","embeddable":true,"href":"https:\/\/www.europesays.com\/fr\/wp-json\/wp\/v2\/tags?post=331573"}],"curies":[{"name":"wp","href":"https:\/\/api.w.org\/{rel}","templated":true}]}}