{"id":331577,"date":"2025-08-20T12:39:09","date_gmt":"2025-08-20T12:39:09","guid":{"rendered":"https:\/\/www.europesays.com\/fr\/331577\/"},"modified":"2025-08-20T12:39:09","modified_gmt":"2025-08-20T12:39:09","slug":"le-chu-de-lille-a-fait-face-a-la-presence-de-cafards-la-cgt-denonce-un-veritable-enfer","status":"publish","type":"post","link":"https:\/\/www.europesays.com\/fr\/331577\/","title":{"rendered":"Le CHU de Lille a fait face \u00e0 la pr\u00e9sence de cafards, la CGT d\u00e9nonce \u00ab\u00a0un v\u00e9ritable enfer\u00a0\u00bb"},"content":{"rendered":"<p>            Par<br \/>\n        <strong><br \/>\n            <a href=\"https:\/\/actu.fr\/auteur\/nicolas-demollien\" title=\"Consulter tous les articles de Nicolas Demollien\" rel=\"nofollow noopener\" target=\"_blank\">Nicolas Demollien<\/a><br \/>\n        <\/strong><\/p>\n<p>        Publi\u00e9 le<\/p>\n<p>            20 ao\u00fbt 2025 \u00e0 14h23        <\/p>\n<p>C\u2019est la CGT qui a d\u00e9cid\u00e9 de tirer la sonnette d\u2019alarme. Durant l\u2019\u00e9t\u00e9 2025, le <a href=\"https:\/\/actu.fr\/tag\/chu-de-lille\" rel=\"nofollow noopener\" target=\"_blank\">CHU de Lille<\/a> (Nord) a fait face \u00e0 une <b>prolif\u00e9ration de cafards<\/b>, particuli\u00e8rement au niveau de l\u2019<b>h\u00f4pital Calmette<\/b>. L\u2019\u00e9tablissement assure que la<b> situation est quasiment revenue \u00e0 la normale<\/b> aujourd\u2019hui et que le <b>ph\u00e9nom\u00e8ne est circonscrit<\/b>.\u00a0<\/p>\n<p>Des cafards envahissent le CHU de Lille<\/p>\n<p class=\" wall-content\">Le syndicat CGT, dans un communiqu\u00e9, assure que le ph\u00e9nom\u00e8ne dure depuis plusieurs semaines. \u00ab\u00a0Non seulement ces insectes constituent un probl\u00e8me d\u2019hygi\u00e8ne et de sant\u00e9, mais ils sont devenus <b>un v\u00e9ritable enfer pour les personnels<\/b> hospitaliers\u00a0\u00bb.\u00a0<\/p>\n<p class=\" wall-content\">Du c\u00f4t\u00e9 du CHU de Lille, on assure : \u00ab\u00a0D\u00e8s connaissance de l\u2019alerte, nous avons imm\u00e9diatement d\u00e9clench\u00e9 la <b>proc\u00e9dure d\u2019\u00e9radication des nuisibles<\/b> existante au sein de l\u2019\u00e9tablissement, \u00e9labor\u00e9e en concertation avec notre unit\u00e9 de lutte contre les infections nosocomiales\u00a0\u00bb.<\/p>\n<p class=\" wall-content\">Selon le centre hospitalier, la pr\u00e9sence des nuisibles a \u00e9t\u00e9 favoris\u00e9e par les conditions climatiques de fortes chaleurs et d\u2019humidit\u00e9 constat\u00e9es cet \u00e9t\u00e9. \u00ab\u00a0Leur origine est \u00e9galement parfois identifi\u00e9e comme provenant du domicile de certains patients\u00a0\u00bb.<\/p>\n<p class=\" wall-content\">\u00a0Des <b>mesures pr\u00e9ventives et curatives<\/b> ont alors \u00e9t\u00e9 engag\u00e9es avec \u00ab\u00a0une vingtaine d\u2019interventions d\u2019une soci\u00e9t\u00e9 sp\u00e9cialis\u00e9e r\u00e9alis\u00e9es depuis un mois, et une surveillance \u00e9troite poursuivie quasi quotidiennement\u00a0\u00bb.<\/p>\n<p class=\" wall-content\">Des traitements qui n\u00e9cessitent un temps d\u2019action mais permettent de constater \u00ab\u00a0que cette situation bien localis\u00e9e est quasiment revenue \u00e0 la normale \u00e0 ce jour, et ne s\u2019\u00e9tend pas \u00e0 d\u2019autres b\u00e2timents du CHU\u00a0\u00bb.<\/p>\n<p class=\" wall-content\">Par ailleurs, des\u00a0mesures compl\u00e9mentaires ont \u00e9t\u00e9 mises en place : \u00ab\u00a0tapis adh\u00e9sif \u00e0 l\u2019entr\u00e9e des secteurs concern\u00e9s pour \u00e9viter le transport des \u0153ufs, port de surchaussures, traitement compl\u00e9mentaire \u00e0 la terre de diatom\u00e9e et aux huiles essentielles. La fr\u00e9quence de l\u2019entretien des secteurs concern\u00e9s a \u00e9galement \u00e9t\u00e9 augment\u00e9e\u00a0\u00bb.<\/p>\n<p>Votre r\u00e9gion, votre actu !<\/p>\n<p>Recevez chaque jour les infos qui comptent pour vous.<\/p>\n<p>\t<a href=\"https:\/\/actu.fr\/newsletter\" class=\"ac-btn ac-btn--corner ac-btn--medium ac-btn--blue800\" rel=\"nofollow noopener\" target=\"_blank\">S&rsquo;incrire<\/a><\/p>\n<p class=\" wall-content\">Mais la CGT d\u00e9nonce aussi de son c\u00f4t\u00e9 la <b>pression sur le personnel<\/b>, notamment parce qu\u2019ils en retrouvent dans leurs v\u00e9hicules et \u00e0 leur domicile. \u00ab\u00a0Nombre d\u2019entre eux ont d\u00fb <b>d\u00e9penser des sommes cons\u00e9quentes pour tenter d\u2019\u00e9radiquer ces nuisibles<\/b>\u00ab\u00a0, assure le syndicat.<\/p>\n<p class=\" wall-content\">Le CHU assure de son c\u00f4t\u00e9 que \u00ab\u00a0des bombes d\u2019insecticides sont mises \u00e0 disposition des professionnels qui en font la demande et peuvent \u00eatre utilis\u00e9es \u00e0 leur domicile si n\u00e9cessaire\u00a0\u00bb.<\/p>\n<p class=\" wall-content\">Personnalisez votre actualit\u00e9 en ajoutant vos villes et m\u00e9dias en favori avec <a href=\"https:\/\/moncompte.actu.fr\" title=\"D\u00e9couvez Mon Actu\" rel=\"nofollow noopener\" data-trk=\"{&quot;cta&quot;:{&quot;action&quot;:&quot;https:\\\/\\\/moncompte.actu.fr&quot;,&quot;category&quot;:&quot;mon compte&quot;,&quot;from&quot;:&quot;article footer&quot;,&quot;name&quot;:&quot;Mon actu&quot;,&quot;type&quot;:&quot;cta&quot;}}\" target=\"_blank\">Mon Actu<\/a>.<\/p>\n","protected":false},"excerpt":{"rendered":"Par Nicolas Demollien Publi\u00e9 le 20 ao\u00fbt 2025 \u00e0 14h23 C\u2019est la CGT qui a d\u00e9cid\u00e9 de tirer&hellip;\n","protected":false},"author":2,"featured_media":331578,"comment_status":"","ping_status":"","sticky":false,"template":"","format":"standard","meta":{"footnotes":""},"categories":[2815],"tags":[1111,11,25689,1777,674,1011,27,811,1307,12,25,104],"class_list":{"0":"post-331577","1":"post","2":"type-post","3":"status-publish","4":"format-standard","5":"has-post-thumbnail","7":"category-lille","8":"tag-actu","9":"tag-actualites","10":"tag-chu-de-lille","11":"tag-eu","12":"tag-europe","13":"tag-fr","14":"tag-france","15":"tag-hauts-de-france","16":"tag-lille","17":"tag-news","18":"tag-republique-francaise","19":"tag-societe"},"share_on_mastodon":{"url":"https:\/\/pubeurope.com\/@fr\/115061139919188310","error":""},"_links":{"self":[{"href":"https:\/\/www.europesays.com\/fr\/wp-json\/wp\/v2\/posts\/331577","targetHints":{"allow":["GET"]}}],"collection":[{"href":"https:\/\/www.europesays.com\/fr\/wp-json\/wp\/v2\/posts"}],"about":[{"href":"https:\/\/www.europesays.com\/fr\/wp-json\/wp\/v2\/types\/post"}],"author":[{"embeddable":true,"href":"https:\/\/www.europesays.com\/fr\/wp-json\/wp\/v2\/users\/2"}],"replies":[{"embeddable":true,"href":"https:\/\/www.europesays.com\/fr\/wp-json\/wp\/v2\/comments?post=331577"}],"version-history":[{"count":0,"href":"https:\/\/www.europesays.com\/fr\/wp-json\/wp\/v2\/posts\/331577\/revisions"}],"wp:featuredmedia":[{"embeddable":true,"href":"https:\/\/www.europesays.com\/fr\/wp-json\/wp\/v2\/media\/331578"}],"wp:attachment":[{"href":"https:\/\/www.europesays.com\/fr\/wp-json\/wp\/v2\/media?parent=331577"}],"wp:term":[{"taxonomy":"category","embeddable":true,"href":"https:\/\/www.europesays.com\/fr\/wp-json\/wp\/v2\/categories?post=331577"},{"taxonomy":"post_tag","embeddable":true,"href":"https:\/\/www.europesays.com\/fr\/wp-json\/wp\/v2\/tags?post=331577"}],"curies":[{"name":"wp","href":"https:\/\/api.w.org\/{rel}","templated":true}]}}