{"id":331581,"date":"2025-08-20T12:41:10","date_gmt":"2025-08-20T12:41:10","guid":{"rendered":"https:\/\/www.europesays.com\/fr\/331581\/"},"modified":"2025-08-20T12:41:10","modified_gmt":"2025-08-20T12:41:10","slug":"marseille-cette-piscine-du-centre-ville-fermee-durgence-voici-pourquoi-et-jusqua-quand","status":"publish","type":"post","link":"https:\/\/www.europesays.com\/fr\/331581\/","title":{"rendered":"Marseille. Cette piscine du centre-ville ferm\u00e9e d&rsquo;urgence, voici pourquoi et jusqu&rsquo;\u00e0 quand"},"content":{"rendered":"<p>            Par<br \/>\n        <strong><br \/>\n            <a href=\"https:\/\/actu.fr\/auteur\/thibault-nadal-actu-fr\" title=\"Consulter tous les articles de Thibault Nadal\" rel=\"nofollow noopener\" target=\"_blank\">Thibault Nadal<\/a><br \/>\n        <\/strong><\/p>\n<p>        Publi\u00e9 le<\/p>\n<p>            20 ao\u00fbt 2025 \u00e0 14h28        <\/p>\n<p>Heureusement que l\u2019\u00e9pisode de canicule est termin\u00e9 et que les temp\u00e9ratures ont fortement chut\u00e9 ces derni\u00e8res. Car depuis ce mardi 19\u00a0ao\u00fbt 2025, <strong>la piscine Saint-Charles-Alice Milliat<\/strong> situ\u00e9e dans le 1er arrondissement de <a href=\"https:\/\/actu.fr\/marseille\/\" rel=\"nofollow noopener\" target=\"_blank\">Marseille<\/a> \u00e0 deux pas de <a href=\"https:\/\/actu.fr\/tag\/gare-saint-charles\" rel=\"nofollow noopener\" target=\"_blank\">la gare du m\u00eame nom<\/a>, a \u00e9t\u00e9 ferm\u00e9e d\u2019urgence, apprend actu Marseille aupr\u00e8s de la mairie.<\/p>\n<p class=\" wall-content\">Voici ce que l\u2019on sait sur cette fermeture soudaine.<\/p>\n<p>    <a href=\"https:\/\/www.google.com\/maps\/embed?pb=!1m18!1m12!1m3!1d5806.77856716816!2d5.387003976616564!3d43.306109674809754!2m3!1f0!2f0!3f0!3m2!1i1024!2i768!4f13.1!3m3!1m2!1s0x12c9c09e1d253099%3A0xcaba8070b7a0f33f!2sPiscine%20municipale%20Saint%20Charles%20-%20Alice%20Milliat!5e0!3m2!1sfr!2sfr!4v1755692013815!5m2!1sfr!2sfr\" title=\"Ouvrie le lien\" rel=\"nofollow noopener\" target=\"_blank\">Cliquez ici pour visualiser le contenu<\/a><\/p>\n<p>Pour \u00ab\u2009raisons sanitaires\u2009\u00bb<\/p>\n<p class=\" wall-content\">C\u2019est par un court message sur <a href=\"https:\/\/www.marseille.fr\/sports-loisirs\/equipements-sportifs\/piscines-municipales\" rel=\"nofollow noopener\" target=\"_blank\">son site<\/a> que la Ville a inform\u00e9 ses habitants que la piscine ne pouvait pas accueillir de public. \u00ab\u2009Fermeture \u00e0 compter du mardi 19\u00a0ao\u00fbt \u00e0 12h30 <strong>jusqu\u2019\u00e0 nouvel ordre<\/strong>\u2009\u00bb, peut-on lire.<\/p>\n<p class=\" wall-content\">Contact\u00e9e, la municipalit\u00e9 nous indique que la piscine a \u00e9t\u00e9 ferm\u00e9e pour \u00ab\u2009raisons sanitaires\u2009\u00bb, sans donner plus de pr\u00e9cisions sur la nature exacte des faits.<\/p>\n<p class=\" wall-content\">Mais les faits doivent \u00eatre d\u2019importance, puisque la Ville parle <strong>d\u2019une fermeture d\u2019une dur\u00e9e \u00ab\u2009de trois semaines\u2009\u00bb<\/strong>.<\/p>\n<p>    <img   decoding=\"async\" loading=\"lazy\" src=\"https:\/\/www.europesays.com\/fr\/wp-content\/uploads\/2025\/08\/whatsapp-image-2025-08-20-at-142058-960x640.jpeg\" alt=\"Seul un message sur une feuille indique la fermeture de la piscine.\" width=\"960\" height=\"640\"\/><br \/>\n    Seul un message sur une feuille indique la fermeture de la piscine. (\u00a9Thomas Blanc \/ actu Marseille)<\/p>\n<p>Votre r\u00e9gion, votre actu !<\/p>\n<p>Recevez chaque jour les infos qui comptent pour vous.<\/p>\n<p>\t<a href=\"https:\/\/actu.fr\/newsletter\" class=\"ac-btn ac-btn--corner ac-btn--medium ac-btn--blue800\" rel=\"nofollow noopener\" target=\"_blank\">S&rsquo;incrire<\/a><br \/>\nLa piscine Vallier rouverte, alors qu\u2019elle \u00e9tait initialement ferm\u00e9e<\/p>\n<p class=\" wall-content\">Pour compenser cette fermeture, les \u00e9quipes municipales ont d\u00e9cid\u00e9 de rouvrir la piscine Vallier situ\u00e9e dans le 4e arrondissement d\u00e8s ce jeudi 21\u00a0ao\u00fbt.<\/p>\n<p class=\" wall-content\">Elle sera ouverte \u00ab\u2009aux horaires d\u2019\u00e9t\u00e9, soit de 10h \u00e0 14h et de 15h \u00e0 19h30 du lundi au dimanche\u2009\u00bb, nous fait-on savoir.<\/p>\n<p>    <a href=\"https:\/\/www.google.com\/maps\/embed?pb=!1m18!1m12!1m3!1d2903.652571479257!2d5.398711576616384!3d43.30059697516417!2m3!1f0!2f0!3f0!3m2!1i1024!2i768!4f13.1!3m3!1m2!1s0x12c9c09f98b92af7%3A0xe3d0283ca891ff69!2sPiscine%20municipale%20Vallier!5e0!3m2!1sfr!2sfr!4v1755692036285!5m2!1sfr!2sfr\" title=\"Ouvrie le lien\" rel=\"nofollow noopener\" target=\"_blank\">Cliquez ici pour visualiser le contenu<\/a><\/p>\n<p class=\" wall-content\">Un moindre mal, car en ce mois d\u2019ao\u00fbt, <a href=\"https:\/\/actu.fr\/provence-alpes-cote-d-azur\/marseille_13055\/canicule-a-marseille-pourquoi-toutes-les-piscines-de-la-ville-ne-sont-pas-ouvertes_62856588.html\" rel=\"nofollow noopener\" target=\"_blank\">de nombreuses piscines sont ferm\u00e9es dans la cit\u00e9 phoc\u00e9enne<\/a>\u2009: <strong>huit au total<\/strong>, dont une est r\u00e9serv\u00e9e \u00e0 l\u2019apprentissage de la natation, sur les 14 que compte la Ville.<\/p>\n<p class=\" wall-content\">Personnalisez votre actualit\u00e9 en ajoutant vos villes et m\u00e9dias en favori avec <a href=\"https:\/\/moncompte.actu.fr\" title=\"D\u00e9couvez Mon Actu\" rel=\"nofollow noopener\" data-trk=\"{&quot;cta&quot;:{&quot;action&quot;:&quot;https:\\\/\\\/moncompte.actu.fr&quot;,&quot;category&quot;:&quot;mon compte&quot;,&quot;from&quot;:&quot;article footer&quot;,&quot;name&quot;:&quot;Mon actu&quot;,&quot;type&quot;:&quot;cta&quot;}}\" target=\"_blank\">Mon Actu<\/a>.<\/p>\n","protected":false},"excerpt":{"rendered":"Par Thibault Nadal Publi\u00e9 le 20 ao\u00fbt 2025 \u00e0 14h28 Heureusement que l\u2019\u00e9pisode de canicule est termin\u00e9 et&hellip;\n","protected":false},"author":2,"featured_media":331582,"comment_status":"","ping_status":"","sticky":false,"template":"","format":"standard","meta":{"footnotes":""},"categories":[2814],"tags":[1111,11,1777,674,1011,27,884,12,882,25,71,104],"class_list":{"0":"post-331581","1":"post","2":"type-post","3":"status-publish","4":"format-standard","5":"has-post-thumbnail","7":"category-marseille","8":"tag-actu","9":"tag-actualites","10":"tag-eu","11":"tag-europe","12":"tag-fr","13":"tag-france","14":"tag-marseille","15":"tag-news","16":"tag-provence-alpes-cote-dazur","17":"tag-republique-francaise","18":"tag-sante","19":"tag-societe"},"share_on_mastodon":{"url":"https:\/\/pubeurope.com\/@fr\/115061147784476466","error":""},"_links":{"self":[{"href":"https:\/\/www.europesays.com\/fr\/wp-json\/wp\/v2\/posts\/331581","targetHints":{"allow":["GET"]}}],"collection":[{"href":"https:\/\/www.europesays.com\/fr\/wp-json\/wp\/v2\/posts"}],"about":[{"href":"https:\/\/www.europesays.com\/fr\/wp-json\/wp\/v2\/types\/post"}],"author":[{"embeddable":true,"href":"https:\/\/www.europesays.com\/fr\/wp-json\/wp\/v2\/users\/2"}],"replies":[{"embeddable":true,"href":"https:\/\/www.europesays.com\/fr\/wp-json\/wp\/v2\/comments?post=331581"}],"version-history":[{"count":0,"href":"https:\/\/www.europesays.com\/fr\/wp-json\/wp\/v2\/posts\/331581\/revisions"}],"wp:featuredmedia":[{"embeddable":true,"href":"https:\/\/www.europesays.com\/fr\/wp-json\/wp\/v2\/media\/331582"}],"wp:attachment":[{"href":"https:\/\/www.europesays.com\/fr\/wp-json\/wp\/v2\/media?parent=331581"}],"wp:term":[{"taxonomy":"category","embeddable":true,"href":"https:\/\/www.europesays.com\/fr\/wp-json\/wp\/v2\/categories?post=331581"},{"taxonomy":"post_tag","embeddable":true,"href":"https:\/\/www.europesays.com\/fr\/wp-json\/wp\/v2\/tags?post=331581"}],"curies":[{"name":"wp","href":"https:\/\/api.w.org\/{rel}","templated":true}]}}