{"id":331583,"date":"2025-08-20T12:42:10","date_gmt":"2025-08-20T12:42:10","guid":{"rendered":"https:\/\/www.europesays.com\/fr\/331583\/"},"modified":"2025-08-20T12:42:10","modified_gmt":"2025-08-20T12:42:10","slug":"mccourt-debarque-a-marseille","status":"publish","type":"post","link":"https:\/\/www.europesays.com\/fr\/331583\/","title":{"rendered":"McCourt d\u00e9barque \u00e0 Marseille !"},"content":{"rendered":"<p><strong><\/p>\n<p>Apr\u00e8s la d\u00e9faite \u00e0 Rennes la semaine derni\u00e8re (0-1) et malgr\u00e9 le contexte ultra-tendu actuel, l\u2019Olympique de Marseille devra absolument r\u00e9agir samedi lors de la r\u00e9ception du Paris FC en Ligue 1.<\/p>\n<p><\/strong><\/p>\n<p>A peine quelques jours apr\u00e8s la reprise officielle en Ligue 1, <strong>l\u2019OM est d\u00e9j\u00e0 en crise<\/strong> \u00e0 cause de l\u2019apr\u00e8s-match au Roazhon et <a href=\"https:\/\/www.footmarseille.com\/128006-les-details-de-la-bagarre-entre-rowe-et-rabiot\" rel=\"nofollow noopener\" target=\"_blank\">cette fameuse bagarre entre Adrien Rabiot et Jonathan Rowe<\/a>, dont les circonstances excates sont encore assez floues.<\/p>\n<p>Dans ce contexte difficile et alors que les deux joueurs sont pouss\u00e9s vers la sortie, <strong>Frank McCourt sera pr\u00e9sent au V\u00e9lodrome samedi<\/strong> selon les informations de La Provence. Le quotidien r\u00e9gional pr\u00e9cise toutefois que cette visite \u00e9tait pr\u00e9vue depuis plusieurs semaines et n\u2019a aucun lien avec l\u2019affaire Rabiot-Rowe.<\/p>\n<p>Le propri\u00e9taire am\u00e9ricain de l\u2019OM a pr\u00e9vu de s\u2019entretenir avec Pablo Longoria au sujet des r\u00e9formes du football fran\u00e7ais et des droits TV mais <strong>les tensions actuelles seront forc\u00e9ment \u00e9voqu\u00e9es. <\/strong><\/p>\n","protected":false},"excerpt":{"rendered":"Apr\u00e8s la d\u00e9faite \u00e0 Rennes la semaine derni\u00e8re (0-1) et malgr\u00e9 le contexte ultra-tendu actuel, l\u2019Olympique de Marseille&hellip;\n","protected":false},"author":2,"featured_media":331584,"comment_status":"","ping_status":"","sticky":false,"template":"","format":"standard","meta":{"footnotes":""},"categories":[2814],"tags":[1111,11,1777,674,1011,27,884,12,882,25],"class_list":{"0":"post-331583","1":"post","2":"type-post","3":"status-publish","4":"format-standard","5":"has-post-thumbnail","7":"category-marseille","8":"tag-actu","9":"tag-actualites","10":"tag-eu","11":"tag-europe","12":"tag-fr","13":"tag-france","14":"tag-marseille","15":"tag-news","16":"tag-provence-alpes-cote-dazur","17":"tag-republique-francaise"},"share_on_mastodon":{"url":"https:\/\/pubeurope.com\/@fr\/115061151736751479","error":""},"_links":{"self":[{"href":"https:\/\/www.europesays.com\/fr\/wp-json\/wp\/v2\/posts\/331583","targetHints":{"allow":["GET"]}}],"collection":[{"href":"https:\/\/www.europesays.com\/fr\/wp-json\/wp\/v2\/posts"}],"about":[{"href":"https:\/\/www.europesays.com\/fr\/wp-json\/wp\/v2\/types\/post"}],"author":[{"embeddable":true,"href":"https:\/\/www.europesays.com\/fr\/wp-json\/wp\/v2\/users\/2"}],"replies":[{"embeddable":true,"href":"https:\/\/www.europesays.com\/fr\/wp-json\/wp\/v2\/comments?post=331583"}],"version-history":[{"count":0,"href":"https:\/\/www.europesays.com\/fr\/wp-json\/wp\/v2\/posts\/331583\/revisions"}],"wp:featuredmedia":[{"embeddable":true,"href":"https:\/\/www.europesays.com\/fr\/wp-json\/wp\/v2\/media\/331584"}],"wp:attachment":[{"href":"https:\/\/www.europesays.com\/fr\/wp-json\/wp\/v2\/media?parent=331583"}],"wp:term":[{"taxonomy":"category","embeddable":true,"href":"https:\/\/www.europesays.com\/fr\/wp-json\/wp\/v2\/categories?post=331583"},{"taxonomy":"post_tag","embeddable":true,"href":"https:\/\/www.europesays.com\/fr\/wp-json\/wp\/v2\/tags?post=331583"}],"curies":[{"name":"wp","href":"https:\/\/api.w.org\/{rel}","templated":true}]}}