{"id":331590,"date":"2025-08-20T12:47:12","date_gmt":"2025-08-20T12:47:12","guid":{"rendered":"https:\/\/www.europesays.com\/fr\/331590\/"},"modified":"2025-08-20T12:47:12","modified_gmt":"2025-08-20T12:47:12","slug":"le-ministre-de-la-defense-israelien-approuve-le-plan-de-conquete-de-la-ville-de-gaza-et-rappelle-60-000-reservistes","status":"publish","type":"post","link":"https:\/\/www.europesays.com\/fr\/331590\/","title":{"rendered":"le ministre de la D\u00e9fense isra\u00e9lien approuve le plan de conqu\u00eate de la ville de Gaza et rappelle 60\u00a0000 r\u00e9servistes"},"content":{"rendered":"\n<p class=\"c-chapo \">\n  Le Premier ministre, Benyamin N\u00e9tanyahou, avait annonc\u00e9 en fin de semaine derni\u00e8re avoir adopt\u00e9 ce nouveau plan.\n<\/p>\n<p>            lire plus tard<\/p>\n<p id=\"dialog__title\" class=\"dialog__title\">Pour sauvegarder cet article, connectez-vous ou cr\u00e9ez un compte franceinfo<\/p>\n<p class=\"dialog__description\">Sans paiement. Sans abonnement.<\/p>\n<p>        Fermer la fen\u00eatre d\u2019activation des notifications France Info<\/p>\n<p>            cr\u00e9er votre compte<\/p>\n<p>            se connecter<\/p>\n<p>        Fermer la fen\u00eatre de pr\u00e9sentation<\/p>\n<p>    <img loading=\"lazy\" decoding=\"async\" class=\"signature__image lazyload\" width=\"100\" height=\"100\" data- alt=\"\" src=\"https:\/\/www.europesays.com\/fr\/wp-content\/uploads\/2025\/05\/64a68815cd1a7_placeholder-36b69ec8.png\"\/><\/p>\n<p>    Publi\u00e9 le 20\/08\/2025 13:15<\/p>\n<p>        Temps de lecture : 1min<\/p>\n<p>    <img decoding=\"async\"  alt=\"Des Palestiniens dans les d\u00e9combres d'habitations touch\u00e9es par des bombardements isra\u00e9liens dans la ville de Gaza, le 19 ao\u00fbt 2025. (OMAR AL-QATTAA \/ AFP)\" width=\"432\" height=\"243\" src=\"https:\/\/www.europesays.com\/fr\/wp-content\/uploads\/2025\/08\/000-69wv664-68a57707718f4740211345.jpg\" fetchpriority=\"high\"\/><\/p>\n<p>      Des Palestiniens dans les d\u00e9combres d&rsquo;habitations touch\u00e9es par des bombardements isra\u00e9liens dans la ville de Gaza, le 19 ao\u00fbt 2025. (OMAR AL-QATTAA \/ AFP)<\/p>\n<p>Le ministre isra\u00e9lien de la D\u00e9fense Isra\u00ebl Katz a donn\u00e9 son feu vert, mercredi 20 ao\u00fbt, <a href=\"https:\/\/www.franceinfo.fr\/monde\/proche-orient\/israel-palestine\/guerre-dans-la-bande-de-gaza-ce-que-l-on-sait-du-plan-d-occupation-decide-par-le-gouvernement-israelien-de-benyamin-netanyahou_7424899.html\" rel=\"nofollow noopener\" target=\"_blank\">au plan pour la prise de la ville de Gaza par l&rsquo;arm\u00e9e<\/a> et ordonn\u00e9 le rappel de 60\u00a0000\u00a0r\u00e9servistes afin de prendre part \u00e0 l&rsquo;op\u00e9ration, a annonc\u00e9 son minist\u00e8re. Il a \u00ab\u00a0approuv\u00e9 l&rsquo;\u00e9mission des ordres de rappel des r\u00e9servistes n\u00e9cessaires pour mener \u00e0 bien la mission\u00a0\u00bb, mais aussi \u00ab\u00a0les pr\u00e9paratifs humanitaires pour l&rsquo;\u00e9vacuation\u00a0\u00bb des populations de la ville de Gaza, situ\u00e9e dans le nord de l&rsquo;enclave du m\u00eame nom.<\/p>\n<p>Le cabinet de s\u00e9curit\u00e9 isra\u00e9lien, pr\u00e9sid\u00e9 par le Premier ministre, Benyamin N\u00e9tanyahou, avait approuv\u00e9 d\u00e9but ao\u00fbt un plan pour s&#8217;emparer de cette ville et de camps de r\u00e9fugi\u00e9s du centre du territoire, consid\u00e9r\u00e9s comme les derniers bastions du Hamas, mais aussi prendre le contr\u00f4le s\u00e9curitaire de l&rsquo;ensemble de la bande de Gaza et lib\u00e9rer les otages.<\/p>\n<p>Depuis plus d&rsquo;une semaine, l&rsquo;arm\u00e9e isra\u00e9lienne, qui s&rsquo;est empar\u00e9e en plus de 22\u00a0mois de guerre d&rsquo;environ 75% du territoire palestinien, a intensifi\u00e9 ses frappes et ses op\u00e9rations au sol dans la ville de Gaza.<\/p>\n<p>La d\u00e9cision du ministre de la D\u00e9fense intervient deux jours apr\u00e8s que le Hamas a annonc\u00e9 avoir accept\u00e9 une nouvelle proposition des m\u00e9diateurs \u2013\u00a0Egypte, Qatar et Etats-Unis\u00a0\u2013 <a href=\"https:\/\/www.franceinfo.fr\/monde\/proche-orient\/israel-palestine\/le-hamas-affirme-avoir-accepte-une-nouvelle-proposition-de-cessez-le-feu-a-gaza-l-egypte-dit-que-la-balle-est-dans-le-camp-israelien_7441972.html\" rel=\"nofollow noopener\" target=\"_blank\">pour une tr\u00eave de 60 jours<\/a> assortie de la lib\u00e9ration des otages en deux \u00e9tapes. Pour l&rsquo;heure, Isra\u00ebl n&rsquo;y a pas r\u00e9pondu officiellement.<\/p>\n","protected":false},"excerpt":{"rendered":"Le Premier ministre, Benyamin N\u00e9tanyahou, avait annonc\u00e9 en fin de semaine derni\u00e8re avoir adopt\u00e9 ce nouveau plan. lire&hellip;\n","protected":false},"author":2,"featured_media":331591,"comment_status":"","ping_status":"","sticky":false,"template":"","format":"standard","meta":{"footnotes":""},"categories":[1888],"tags":[1111,1928,11,1927,1777,674,1011,27,12,1926,626,1925,25],"class_list":{"0":"post-331590","1":"post","2":"type-post","3":"status-publish","4":"format-standard","5":"has-post-thumbnail","7":"category-paris","8":"tag-actu","9":"tag-actu-paris","10":"tag-actualites","11":"tag-actualites-paris","12":"tag-eu","13":"tag-europe","14":"tag-fr","15":"tag-france","16":"tag-news","17":"tag-news-paris","18":"tag-paris","19":"tag-paris-news","20":"tag-republique-francaise"},"share_on_mastodon":{"url":"https:\/\/pubeurope.com\/@fr\/115061171452290376","error":""},"_links":{"self":[{"href":"https:\/\/www.europesays.com\/fr\/wp-json\/wp\/v2\/posts\/331590","targetHints":{"allow":["GET"]}}],"collection":[{"href":"https:\/\/www.europesays.com\/fr\/wp-json\/wp\/v2\/posts"}],"about":[{"href":"https:\/\/www.europesays.com\/fr\/wp-json\/wp\/v2\/types\/post"}],"author":[{"embeddable":true,"href":"https:\/\/www.europesays.com\/fr\/wp-json\/wp\/v2\/users\/2"}],"replies":[{"embeddable":true,"href":"https:\/\/www.europesays.com\/fr\/wp-json\/wp\/v2\/comments?post=331590"}],"version-history":[{"count":0,"href":"https:\/\/www.europesays.com\/fr\/wp-json\/wp\/v2\/posts\/331590\/revisions"}],"wp:featuredmedia":[{"embeddable":true,"href":"https:\/\/www.europesays.com\/fr\/wp-json\/wp\/v2\/media\/331591"}],"wp:attachment":[{"href":"https:\/\/www.europesays.com\/fr\/wp-json\/wp\/v2\/media?parent=331590"}],"wp:term":[{"taxonomy":"category","embeddable":true,"href":"https:\/\/www.europesays.com\/fr\/wp-json\/wp\/v2\/categories?post=331590"},{"taxonomy":"post_tag","embeddable":true,"href":"https:\/\/www.europesays.com\/fr\/wp-json\/wp\/v2\/tags?post=331590"}],"curies":[{"name":"wp","href":"https:\/\/api.w.org\/{rel}","templated":true}]}}