{"id":331596,"date":"2025-08-20T12:50:19","date_gmt":"2025-08-20T12:50:19","guid":{"rendered":"https:\/\/www.europesays.com\/fr\/331596\/"},"modified":"2025-08-20T12:50:19","modified_gmt":"2025-08-20T12:50:19","slug":"sur-le-tournage-demily-in-paris-lily-collins-seduit-venise-dans-un-look-glamour-a-imprime-retro","status":"publish","type":"post","link":"https:\/\/www.europesays.com\/fr\/331596\/","title":{"rendered":"Sur le tournage d\u2019Emily in Paris, Lily Collins s\u00e9duit Venise dans un look glamour \u00e0 imprim\u00e9 r\u00e9tro"},"content":{"rendered":"<p>Une Am\u00e9ricaine qui d\u00e9barque \u00e0 Paris. Un nouveau job. Des amiti\u00e9s. Une histoire d&rsquo;amour. Et un accent bien marqu\u00e9. Vous l&rsquo;avez devin\u00e9, on parle bien \u00e9videmment d&rsquo;Emily Cooper, le personnage principal d<strong>&lsquo;Emily in Paris<\/strong>. Cr\u00e9\u00e9e par Darren Star et disponible sur Netflix, cette s\u00e9rie \u00e0 succ\u00e8s a s\u00e9duit un grand nombre de spectateurs, qui n&rsquo;ont rien rat\u00e9 des quatre derni\u00e8res saisons.<\/p>\n<p>Et bonne nouvelle pour les fans : le tournage de la saison 5 a commenc\u00e9. Souvenez-vous, dans les derniers \u00e9pisodes, Emily Cooper, interpr\u00e9t\u00e9e par Lily Collins, s&rsquo;envole \u00e0 Rome \u00e0 la suite de l\u2019expansion de l\u2019agence Grateau. L\u00e0-bas, elle tombe sous le charme d&rsquo;un bel Italien pr\u00e9nomm\u00e9 <strong>Marcello<\/strong> et incarn\u00e9 par l&rsquo;acteur Eugenio Franceschini.<\/p>\n<p>Un tournage \u00e0 Venise<\/p>\n<p>Le tournage de la s\u00e9rie se d\u00e9roule \u00e0 Paris, mais aussi en Italie, dans plusieurs villes embl\u00e9matiques, dont <strong>Rome et Venise.<\/strong> Certaines images ont d\u00e9j\u00e0 fuit\u00e9 sur les r\u00e9seaux sociaux, et les looks de Lily Collins ne passent pas inaper\u00e7us. Il faut dire que c\u00f4t\u00e9 mode, son personnage est une v\u00e9ritable source d\u2019inspiration !<\/p>\n<p>R\u00e9cemment, l&rsquo;actrice de 36 ans a \u00e9t\u00e9 rep\u00e9r\u00e9e \u00e0 Venise, dans la peau d&rsquo;Emily Cooper. Pour les besoins du tournage, Lily Collins arborait <strong>un ensemble \u00e0 pois<\/strong> glamour, parfaitement dans l\u2019esprit \u00ab dolce vita \u00bb. Ce (&#8230;)<\/p>\n<p><a href=\"https:\/\/www.grazia.fr\/mode\/looks-de-stars\/sur-le-tournage-demily-in-paris-lily-collins-seduit-venise-dans-un-look-glamour-a-imprime-retro-1180502.html?utm_campaign=partenariat&amp;utm_source=yahoo-articles&amp;utm_medium=flux\" rel=\"nofollow noopener\" target=\"_blank\" data-ylk=\"slk:Lire la suite sur Grazia;elm:context_link;itc:0;sec:content-canvas\" class=\"link \">Lire la suite sur Grazia<\/a><\/p>\n<p><a href=\"https:\/\/www.grazia.fr\/beaute\/forme-minceur\/lequivalent-de-deux-patisseries-un-medecin-tire-la-sonnette-dalarme-sur-cet-aliment-du-petit-dejeuner-1101708.html?utm_campaign=partenariat&amp;utm_source=yahoo-articles&amp;utm_medium=flux\" rel=\"nofollow noopener\" target=\"_blank\" data-ylk=\"slk:&quot;L\u2019\u00e9quivalent de deux p\u00e2tisseries&quot; : un m\u00e9decin tire la sonnette d\u2019alarme sur cet aliment du petit-d\u00e9jeuner qui augmente la graisse abdominale;elm:context_link;itc:0;sec:content-canvas\" class=\"link \">\u00ab\u00a0L\u2019\u00e9quivalent de deux p\u00e2tisseries\u00a0\u00bb : un m\u00e9decin tire la sonnette d\u2019alarme sur cet aliment du petit-d\u00e9jeuner qui augmente la graisse abdominale<\/a><br \/><a href=\"https:\/\/www.grazia.fr\/mode\/looks-de-stars\/eva-longoria-50-ans-rayonne-dans-les-rues-de-paris-avec-un-look-casual-chic-1180494.html?utm_campaign=partenariat&amp;utm_source=yahoo-articles&amp;utm_medium=flux\" rel=\"nofollow noopener\" target=\"_blank\" data-ylk=\"slk:Eva Longoria, 50 ans, rayonne dans les rues de Paris avec un look casual chic;elm:context_link;itc:0;sec:content-canvas\" class=\"link \">Eva Longoria, 50 ans, rayonne dans les rues de Paris avec un look casual chic<\/a><br \/><a href=\"https:\/\/www.grazia.fr\/people\/alban-lenoir-les-orphelins-qui-est-en-couple-avec-la-star-des-films-daction-a-la-francaise-1180219.html?utm_campaign=partenariat&amp;utm_source=yahoo-articles&amp;utm_medium=flux\" rel=\"nofollow noopener\" target=\"_blank\" data-ylk=\"slk:Alban Lenoir (Les Orphelins), qui est en couple avec la star des films d&#039;action \u00e0 la fran\u00e7aise ?;elm:context_link;itc:0;sec:content-canvas\" class=\"link \">Alban Lenoir (Les Orphelins), qui est en couple avec la star des films d&rsquo;action \u00e0 la fran\u00e7aise ?<\/a><br \/><a href=\"https:\/\/www.grazia.fr\/beaute\/soins-visage-corps\/je-parais-5-ans-moins-adieu-rides-cernes-nouvelle-creme-coreenne-lisse-regard-3-minutes-1167228.html?utm_campaign=partenariat&amp;utm_source=yahoo-articles&amp;utm_medium=flux\" rel=\"nofollow noopener\" target=\"_blank\" data-ylk=\"slk:\u201cJe parais 5 ans de moins\u201d : adieu les rides et les cernes, cette nouvelle cr\u00e8me cor\u00e9enne lisse le regard en 3 minutes chrono;elm:context_link;itc:0;sec:content-canvas\" class=\"link \">\u201cJe parais 5 ans de moins\u201d : adieu les rides et les cernes, cette nouvelle cr\u00e8me cor\u00e9enne lisse le regard en 3 minutes chrono<\/a><br \/><a href=\"https:\/\/www.grazia.fr\/beaute\/forme-minceur\/1300-calories-depensees-en-30-minutes-cette-activite-brule-4-fois-plus-de-gras-quune-seance-de-sport-1079413.html?utm_campaign=partenariat&amp;utm_source=yahoo-articles&amp;utm_medium=flux\" rel=\"nofollow noopener\" target=\"_blank\" data-ylk=\"slk:Avec 1300 calories d\u00e9pens\u00e9es en 30 minutes, cette activit\u00e9 br\u00fble 4 fois plus de gras qu&#039;une s\u00e9ance de sport;elm:context_link;itc:0;sec:content-canvas\" class=\"link \">Avec 1300 calories d\u00e9pens\u00e9es en 30 minutes, cette activit\u00e9 br\u00fble 4 fois plus de gras qu&rsquo;une s\u00e9ance de sport<\/a><\/p>\n","protected":false},"excerpt":{"rendered":"Une Am\u00e9ricaine qui d\u00e9barque \u00e0 Paris. Un nouveau job. Des amiti\u00e9s. Une histoire d&rsquo;amour. Et un accent bien&hellip;\n","protected":false},"author":2,"featured_media":331597,"comment_status":"","ping_status":"","sticky":false,"template":"","format":"standard","meta":{"footnotes":""},"categories":[1888],"tags":[11,34106,46894,1777,674,1011,27,12512,12,626,38797,25,6966],"class_list":{"0":"post-331596","1":"post","2":"type-post","3":"status-publish","4":"format-standard","5":"has-post-thumbnail","7":"category-paris","8":"tag-actualites","9":"tag-darren-star","10":"tag-emily-cooper","11":"tag-eu","12":"tag-europe","13":"tag-fr","14":"tag-france","15":"tag-lily-collins","16":"tag-news","17":"tag-paris","18":"tag-personnage-principal","19":"tag-republique-francaise","20":"tag-une-histoire-damour"},"share_on_mastodon":{"url":"https:\/\/pubeurope.com\/@fr\/115061183191804195","error":""},"_links":{"self":[{"href":"https:\/\/www.europesays.com\/fr\/wp-json\/wp\/v2\/posts\/331596","targetHints":{"allow":["GET"]}}],"collection":[{"href":"https:\/\/www.europesays.com\/fr\/wp-json\/wp\/v2\/posts"}],"about":[{"href":"https:\/\/www.europesays.com\/fr\/wp-json\/wp\/v2\/types\/post"}],"author":[{"embeddable":true,"href":"https:\/\/www.europesays.com\/fr\/wp-json\/wp\/v2\/users\/2"}],"replies":[{"embeddable":true,"href":"https:\/\/www.europesays.com\/fr\/wp-json\/wp\/v2\/comments?post=331596"}],"version-history":[{"count":0,"href":"https:\/\/www.europesays.com\/fr\/wp-json\/wp\/v2\/posts\/331596\/revisions"}],"wp:featuredmedia":[{"embeddable":true,"href":"https:\/\/www.europesays.com\/fr\/wp-json\/wp\/v2\/media\/331597"}],"wp:attachment":[{"href":"https:\/\/www.europesays.com\/fr\/wp-json\/wp\/v2\/media?parent=331596"}],"wp:term":[{"taxonomy":"category","embeddable":true,"href":"https:\/\/www.europesays.com\/fr\/wp-json\/wp\/v2\/categories?post=331596"},{"taxonomy":"post_tag","embeddable":true,"href":"https:\/\/www.europesays.com\/fr\/wp-json\/wp\/v2\/tags?post=331596"}],"curies":[{"name":"wp","href":"https:\/\/api.w.org\/{rel}","templated":true}]}}