{"id":331598,"date":"2025-08-20T12:51:12","date_gmt":"2025-08-20T12:51:12","guid":{"rendered":"https:\/\/www.europesays.com\/fr\/331598\/"},"modified":"2025-08-20T12:51:12","modified_gmt":"2025-08-20T12:51:12","slug":"cooperation-militaro-tactique-partenaires-de-la-russie-la-bielorussie-et-liran-renforcent-leurs-relations","status":"publish","type":"post","link":"https:\/\/www.europesays.com\/fr\/331598\/","title":{"rendered":"\u00ab\u00a0Coop\u00e9ration militaro-tactique\u00a0\u00bb\u00a0: partenaires de la Russie, la Bi\u00e9lorussie et l\u2019Iran renforcent leurs relations"},"content":{"rendered":"<p>\n                                                                La Bi\u00e9lorussie et l\u2019Iran, deux pays soutenant la guerre de la Russie en Ukraine, entendent renforcer leurs relations bilat\u00e9rales dans tous les domaines, notamment la d\u00e9fense, ont d\u00e9clar\u00e9 mercredi leurs pr\u00e9sidents lors d\u2019une rencontre dans la capitale bi\u00e9lorusse Minsk.\n                            <\/p>\n<p><strong>Le Bi\u00e9lorusse Alexandre Loukachenko et l\u2019Iranien Massoud Pezeshkian<\/strong> sont convenus de travailler \u00e0 l\u2019\u00e9laboration d\u2019un <strong>trait\u00e9 de partenariat strat\u00e9gique entre leurs deux pays<\/strong>, a rapport\u00e9 l\u2019agence officielle bi\u00e9lorusse Belta. \u00ab\u00a0Dans un environnement de turbulences g\u00e9opolitiques, Minsk et T\u00e9h\u00e9ran prennent des initiatives coh\u00e9rentes et \u00e9quilibr\u00e9es pour d\u00e9velopper davantage leur coop\u00e9ration et \u0153uvrent avec vigueur \u00e0 transformer chaque nouveau d\u00e9fi en une nouvelle opportunit\u00e9\u00a0\u00bb, a dit Alexandre Loukachenko, cit\u00e9 par Belta. \u00ab\u00a0Nous sommes pr\u00eats \u00e0 discuter de tous les domaines, nous n\u2019avons aucun sujet tabou\u00a0\u00bb, a-t-il ajout\u00e9, en citant notamment le \u00ab\u00a0coop\u00e9ration militaro-technique\u00a0\u00bb.<\/p>\n<p class=\"std-elt__inline\">\n        <strong>\u00c0 lire aussi :<\/strong><br \/>\n        <a href=\"https:\/\/www.lindependant.fr\/2025\/07\/14\/guerre-en-ukraine-allie-de-la-russie-un-helicoptere-bielorusse-mi-24-sattaque-a-des-drones-russes-de-type-gerbera-qui-se-dirigeaient-vers-lukraine-12824754.php\" rel=\"nofollow noopener\" target=\"_blank\">Guerre en Ukraine\u00a0: alli\u00e9 de la Russie, un h\u00e9licopt\u00e8re bi\u00e9lorusse Mi-24 s\u2019attaque \u00e0 des drones russes \u00ab\u00a0de type Gerbera\u00a0\u00bb qui se dirigeaient vers l\u2019Ukraine<\/a>\n    <\/p>\n<p>Alexandre Loukachenko a autoris\u00e9 la Russie de son homologue <strong>Vladimir Poutine<\/strong> \u00e0 utiliser le territoire de la Bi\u00e9lorussie lors du d\u00e9clenchement de son invasion \u00e0 grande \u00e9chelle de l\u2019Ukraine en f\u00e9vrier\u00a02022. Il a depuis accept\u00e9 le d\u00e9ploiement dans son pays de <strong>missiles nucl\u00e9aires tactiques russes<\/strong>.<\/p>\n<p><strong>L\u2019Iran fournit pour sa part des drones \u00e0 la Russie<\/strong> pour bombarder l\u2019Ukraine et Massoud Pezeshkian a sign\u00e9 en janvier avec Vladimir Poutine un trait\u00e9 de coop\u00e9ration strat\u00e9gique ne comportant toutefois pas de clause de d\u00e9fense mutuelle.<\/p>\n<p class=\"std-elt__inline\">\n        <strong>\u00c0 lire aussi :<\/strong><br \/>\n        <a href=\"https:\/\/www.lindependant.fr\/2025\/02\/17\/guerre-en-ukraine-150-000-soldats-russes-entraines-en-bielorussie-poutine-va-declarer-la-guerre-a-lotan-des-cet-ete-zelensky-donne-lalerte-12518471.php\" rel=\"nofollow noopener\" target=\"_blank\">Guerre en Ukraine\u00a0: \u00ab\u00a0150\u00a0000 soldats russes entra\u00een\u00e9s en Bi\u00e9lorussie\u00a0\u00bb\u2026 \u00ab\u00a0Poutine va d\u00e9clarer la guerre \u00e0 l\u2019Otan\u00a0\u00bb d\u00e8s cet \u00e9t\u00e9, Zelensky donne l\u2019alerte<\/a>\n    <\/p>\n<p>L\u2019Iran comme la Bi\u00e9lorussie sont vis\u00e9s par ce que le pr\u00e9sident iranien a qualifi\u00e9 de <strong>\u00ab\u00a0sanctions occidentales ill\u00e9gales\u00a0\u00bb<\/strong>. Cit\u00e9 par Belta, Massoud Pezeshkian a dit que l\u2019Iran \u00e9tait dispos\u00e9 \u00e0 aider la Bi\u00e9lorussie \u00e0 \u00ab\u00a0neutraliser\u00a0\u00bb ces mesures, en soulignant que son pays avait plus de 40 ans d\u2019exp\u00e9rience en la mati\u00e8re. \u00ab\u00a0Bien s\u00fbr, nos visions communes devraient \u00eatre mises en oeuvre dans les sph\u00e8res \u00e9conomiques et culturelles, dans le d\u00e9veloppement du tourisme entre nos deux pays et aussi, comme vous l\u2019avez relev\u00e9, dans <strong>le d\u00e9veloppement de la coop\u00e9ration militaro-technique<\/strong>\u00ab\u00a0, a dit le pr\u00e9sident iranien \u00e0 son homologue bi\u00e9lorusse, selon Belta.<\/p>\n","protected":false},"excerpt":{"rendered":"La Bi\u00e9lorussie et l\u2019Iran, deux pays soutenant la guerre de la Russie en Ukraine, entendent renforcer leurs relations&hellip;\n","protected":false},"author":2,"featured_media":331599,"comment_status":"","ping_status":"","sticky":false,"template":"","format":"standard","meta":{"footnotes":""},"categories":[1591],"tags":[11,1887,12,1885,1886,132],"class_list":{"0":"post-331598","1":"post","2":"type-post","3":"status-publish","4":"format-standard","5":"has-post-thumbnail","7":"category-russie","8":"tag-actualites","9":"tag-federation-de-russie","10":"tag-news","11":"tag-russia","12":"tag-russian-federation","13":"tag-russie"},"share_on_mastodon":{"url":"https:\/\/pubeurope.com\/@fr\/115061187498730819","error":""},"_links":{"self":[{"href":"https:\/\/www.europesays.com\/fr\/wp-json\/wp\/v2\/posts\/331598","targetHints":{"allow":["GET"]}}],"collection":[{"href":"https:\/\/www.europesays.com\/fr\/wp-json\/wp\/v2\/posts"}],"about":[{"href":"https:\/\/www.europesays.com\/fr\/wp-json\/wp\/v2\/types\/post"}],"author":[{"embeddable":true,"href":"https:\/\/www.europesays.com\/fr\/wp-json\/wp\/v2\/users\/2"}],"replies":[{"embeddable":true,"href":"https:\/\/www.europesays.com\/fr\/wp-json\/wp\/v2\/comments?post=331598"}],"version-history":[{"count":0,"href":"https:\/\/www.europesays.com\/fr\/wp-json\/wp\/v2\/posts\/331598\/revisions"}],"wp:featuredmedia":[{"embeddable":true,"href":"https:\/\/www.europesays.com\/fr\/wp-json\/wp\/v2\/media\/331599"}],"wp:attachment":[{"href":"https:\/\/www.europesays.com\/fr\/wp-json\/wp\/v2\/media?parent=331598"}],"wp:term":[{"taxonomy":"category","embeddable":true,"href":"https:\/\/www.europesays.com\/fr\/wp-json\/wp\/v2\/categories?post=331598"},{"taxonomy":"post_tag","embeddable":true,"href":"https:\/\/www.europesays.com\/fr\/wp-json\/wp\/v2\/tags?post=331598"}],"curies":[{"name":"wp","href":"https:\/\/api.w.org\/{rel}","templated":true}]}}