{"id":331600,"date":"2025-08-20T12:52:12","date_gmt":"2025-08-20T12:52:12","guid":{"rendered":"https:\/\/www.europesays.com\/fr\/331600\/"},"modified":"2025-08-20T12:52:12","modified_gmt":"2025-08-20T12:52:12","slug":"la-maison-blanche-a-t-elle-menace-de-ne-pas-recevoir-zelensky-sil-ne-portait-pas-de-costume","status":"publish","type":"post","link":"https:\/\/www.europesays.com\/fr\/331600\/","title":{"rendered":"La Maison-Blanche a-t-elle menac\u00e9 de ne pas recevoir Zelensky s\u2019il ne portait pas de costume\u00a0?"},"content":{"rendered":"<p>Pas de casual Friday \u00e0 la Maison-Blanche\u00a0? En tout cas pas sous le r\u00e8gne de Donald Trump et pas pour Volodymyr Zelensky\u00a0: les douloureuses images de la rencontre entre les deux chefs d\u2019\u00c9tat <a href=\"https:\/\/www.20minutes.fr\/monde\/ukraine\/4141256-20250228-guerre-ukraine-troisieme-guerre-mondiale-manque-respect-colere-trump-assomme-zelensky\" class=\"c-link c-link--is-underlined\" rel=\"nofollow noopener\" target=\"_blank\">en f\u00e9vrier dernier<\/a> en t\u00e9moignent. Alors, le pr\u00e9sident ukrainien avait \u00e9t\u00e9 vivement critiqu\u00e9 par Donald Trump, son vice-pr\u00e9sident J. D.\u00a0Vance et <a href=\"https:\/\/www.20minutes.fr\/monde\/etats-unis\/4141876-20250305-etats-unis-brian-glenn-journaliste-formalise-tenue-zelensky\" class=\"c-link c-link--is-underlined\" rel=\"nofollow noopener\" target=\"_blank\">un journaliste am\u00e9ricain<\/a> pour sa tenue de chef de guerre, selon eux incompatible avec les \u00e9gards dus \u00e0 la plus haute institution am\u00e9ricaine.<\/p>\n<p>En toute logique, la question du dress code \u00e9tait sur toutes les l\u00e8vres ces derniers jours, alors qu\u2019une nouvelle rencontre se pr\u00e9parait pour le 18\u00a0ao\u00fbt. Au grand soulagement des commentateurs, Volodymyr Zelensky a adopt\u00e9 un habillement plus formel (quoique sans cravate) lors de cette nouvelle visite \u00e0 Washington\u00a0: <a href=\"https:\/\/www.20minutes.fr\/monde\/ukraine\/4168442-20250818-guerre-ukraine-tres-elegant-zelensky-abandonne-uniforme-tenue-noire-trump-apprecie\" class=\"c-link c-link--is-underlined\" rel=\"nofollow noopener\" target=\"_blank\">Trump l\u2019a m\u00eame f\u00e9licit\u00e9<\/a> pour son nouveau \u00ab\u00a0look\u00a0\u00bb.<\/p>\n<p>Mais d\u2019apr\u00e8s <a href=\"https:\/\/x.com\/defense_civil25\/status\/1956796503646687293\" rel=\"nofollow\" target=\"_blank\" class=\"c-link c-link--is-underlined\">un contenu<\/a> partag\u00e9 par le compte X \u00ab\u00a0US Homeland Security News\u00a0\u00bb et vu par 10,7\u00a0millions d\u2019internautes, le pr\u00e9sident ukrainien n\u2019a pas eu le choix\u00a0: \u00ab\u00a0La Maison-Blanche a inform\u00e9 la d\u00e9l\u00e9gation ukrainienne que Zelensky DEVRAIT porter un costume, faute de quoi la r\u00e9union n\u2019aurait pas lieu\u00a0! Bravo \u00e0 la Maison-Blanche. C\u2019est une r\u00e9union officielle, et la pr\u00e9sidence des \u00c9tats-Unis est une institution qui exige le plus haut niveau de formalit\u00e9\u00a0!\u00a0\u00bb<\/p>\n<p>Le destin du monde tenait-il au fil\u2026 d\u2019un costume\u00a0?<\/p>\n<p><img decoding=\"async\" alt=\"Ce post X a \u00e9t\u00e9 vu par 10,7 millions d\u2019internautes...\" class=\"c-img\" loading=\"lazy\" fetchpriority=\"auto\" width=\"718\"  src=\"https:\/\/img.20mn.fr\/ht7CwoYiThSyNtd7Okpzvyk\/718x0\" \/>Ce post X a \u00e9t\u00e9 vu par 10,7 millions d\u2019internautes&#8230;\u2002-\u00a0XFAKE OFF<\/p>\n<p>Rappelons d\u2019abord que <a href=\"https:\/\/www.20minutes.fr\/monde\/volodymyr-zelensky\/\" class=\"c-link c-link--is-underlined\" rel=\"nofollow noopener\" target=\"_blank\">Volodymyr Zelensky<\/a> n\u2019arbore le style militaire que depuis le d\u00e9but de l\u2019invasion <a href=\"https:\/\/www.20minutes.fr\/dossier\/russe\" class=\"c-link c-link--is-underlined\" rel=\"nofollow noopener\" target=\"_blank\">russe<\/a>, par solidarit\u00e9 avec ses troupes. Notons \u00e9galement qu\u2019au <a href=\"https:\/\/www.20minutes.fr\/monde\/ukraine\/4160418-20250625-guerre-ukraine-trump-otan-rassurent-peu-zelensky-poutine-ira-rio\" class=\"c-link c-link--is-underlined\" rel=\"nofollow noopener\" target=\"_blank\">sommet de l\u2019Otan du 25\u00a0juin<\/a>, o\u00f9 il devait d\u00e9j\u00e0 rencontrer Donald Trump, le pr\u00e9sident ukrainien avait tir\u00e9 les le\u00e7ons du fiasco de f\u00e9vrier, puisqu\u2019il avait adopt\u00e9 une tenue similaire \u00e0 celle de ce lundi.<\/p>\n<p>Une information sortie de nulle part<\/p>\n<p>Le site am\u00e9ricain Snopes est <a href=\"https:\/\/www.snopes.com\/news\/2025\/08\/18\/trump-white-house-zelenskyy-suit\/\" rel=\"nofollow noopener\" target=\"_blank\" class=\"c-link c-link--is-underlined\">parti en qu\u00eate<\/a> de la source de l\u2019information partag\u00e9e sur X\u2026 en vain. Les seuls contenus \u00e0 s\u2019en faire l\u2019\u00e9cho la tirent justement de ce m\u00eame tweet. Snopes a \u00e9galement interrog\u00e9 la Maison-Blanche et le minist\u00e8re ukrainien des Affaires \u00e9trang\u00e8res, mais sans obtenir de r\u00e9ponse.<\/p>\n<p>Une requ\u00eate davantage qu\u2019une exigence<\/p>\n<p>Si la <a href=\"https:\/\/www.20minutes.fr\/dossier\/maison_blanche\" class=\"c-link c-link--is-underlined\" rel=\"nofollow noopener\" target=\"_blank\">Maison-Blanche<\/a> ne s\u2019est pas officiellement exprim\u00e9e, plusieurs m\u00e9dias am\u00e9ricains tels <a href=\"https:\/\/www.axios.com\/2025\/08\/18\/trump-zelensky-summit-suit-jacket\" rel=\"nofollow noopener\" target=\"_blank\" class=\"c-link c-link--is-underlined\">Axios<\/a>, <a href=\"https:\/\/www.wsj.com\/style\/fashion\/zelensky-suit-trump-meeting-designer-meaning-d13fd558\" rel=\"nofollow noopener\" target=\"_blank\" class=\"c-link c-link--is-underlined\">The Wall Street Journal<\/a> et <a href=\"https:\/\/www.newsweek.com\/zelensky-trump-meeting-suit-shirt-ukraine-white-house\" rel=\"nofollow noopener\" target=\"_blank\" class=\"c-link c-link--is-underlined\">Newsweek<\/a> ont, de leur c\u00f4t\u00e9, confirm\u00e9 que la question du dress code \u00e9tait bien une pr\u00e9occupation du Bureau ovale. Selon plusieurs fonctionnaires am\u00e9ricains qui ont souhait\u00e9 garder l\u2019anonymat, l\u2019institution aurait demand\u00e9 aux autorit\u00e9s ukrainiennes si Zelensky porterait un costume cravate et insist\u00e9 pour qu\u2019il le fasse, mais sans s\u2019attendre \u00e0 ce qu\u2019il c\u00e8de sur la cravate. Un narratif qui semble coh\u00e9rent avec la r\u00e9action, in fine satisfaite, de <a href=\"https:\/\/www.20minutes.fr\/dossier\/donald_trump\" class=\"c-link c-link--is-underlined\" rel=\"nofollow noopener\" target=\"_blank\">Donald Trump<\/a>. Par contre, aucune de ces sources n\u2019a \u00e9voqu\u00e9 un conditionnement de la rencontre \u00e0 des crit\u00e8res vestimentaires, et encore moins la menace d\u2019une annulation.<\/p>\n<\/p>\n<p>La source du post X\u00a0?<\/p>\n<p>Contrairement aux apparences, le compte X <a href=\"https:\/\/x.com\/defense_civil25\" rel=\"nofollow\" target=\"_blank\" class=\"c-link c-link--is-underlined\">\u00ab\u00a0US Homeland Security News\u00a0\u00bb<\/a> n\u2019est pas un organe officiel du d\u00e9partement de la S\u00e9curit\u00e9 int\u00e9rieure am\u00e9ricaine. La pastille bleue qu\u2019il arbore n\u2019est plus un gage d\u2019authenticit\u00e9 depuis\u00a02023, puisque tout un chacun peut d\u00e9sormais <a href=\"https:\/\/www.20minutes.fr\/by-the-web\/4031545-20230409-twitter-blue-comment-abonnement-payant-va-augmenter-risque-desinformation\" class=\"c-link c-link--is-underlined\" rel=\"nofollow noopener\" target=\"_blank\">payer pour l\u2019obtenir<\/a>. En outre, les fans de superh\u00e9ros remarqueront que l\u2019aigle adopt\u00e9 comme avatar n\u2019est pas <a href=\"https:\/\/fr.wikipedia.org\/wiki\/D%C3%A9partement_de_la_S%C3%A9curit%C3%A9_int%C3%A9rieure_des_%C3%89tats-Unis\" rel=\"nofollow noopener\" target=\"_blank\" class=\"c-link c-link--is-underlined\">le logo de la S\u00e9curit\u00e9 int\u00e9rieure<\/a>, mais <a href=\"https:\/\/fr.wikipedia.org\/wiki\/SHIELD\" rel=\"nofollow noopener\" target=\"_blank\" class=\"c-link c-link--is-underlined\">celui du SHIELD<\/a>, l\u2019organisation de super espions\u2026 de l\u2019univers <a href=\"https:\/\/www.20minutes.fr\/dossier\/marvel\" class=\"c-link c-link--is-underlined\" rel=\"nofollow noopener\" target=\"_blank\">Marvel<\/a>. Enfin, une inspection des contenus post\u00e9s par ce compte montre qu\u2019il s\u2019agit d\u2019un profil ultraconservateur, pro-Trump et peu scrupuleux en mati\u00e8re de faits.<\/p>\n<p>En l\u2019absence d\u2019\u00e9l\u00e9ments probants et compte tenu du profil de son \u00e9metteur, il est donc raisonnable de conclure que ce contenu X est mensonger.<\/p>\n","protected":false},"excerpt":{"rendered":"Pas de casual Friday \u00e0 la Maison-Blanche\u00a0? En tout cas pas sous le r\u00e8gne de Donald Trump et&hellip;\n","protected":false},"author":2,"featured_media":331601,"comment_status":"","ping_status":"","sticky":false,"template":"","format":"standard","meta":{"footnotes":""},"categories":[1590],"tags":[47,11,75,1777,674,841,842,840,131,78,12,104,220,134],"class_list":{"0":"post-331600","1":"post","2":"type-post","3":"status-publish","4":"format-standard","5":"has-post-thumbnail","7":"category-ukraine","8":"tag-actualite","9":"tag-actualites","10":"tag-donald-trump","11":"tag-eu","12":"tag-europe","13":"tag-fact-checking-fake-off","14":"tag-fake-news","15":"tag-fake-off","16":"tag-guerre-en-ukraine","17":"tag-maison-blanche","18":"tag-news","19":"tag-societe","20":"tag-ukraine","21":"tag-volodymyr-zelensky"},"share_on_mastodon":{"url":"https:\/\/pubeurope.com\/@fr\/115061191204515388","error":""},"_links":{"self":[{"href":"https:\/\/www.europesays.com\/fr\/wp-json\/wp\/v2\/posts\/331600","targetHints":{"allow":["GET"]}}],"collection":[{"href":"https:\/\/www.europesays.com\/fr\/wp-json\/wp\/v2\/posts"}],"about":[{"href":"https:\/\/www.europesays.com\/fr\/wp-json\/wp\/v2\/types\/post"}],"author":[{"embeddable":true,"href":"https:\/\/www.europesays.com\/fr\/wp-json\/wp\/v2\/users\/2"}],"replies":[{"embeddable":true,"href":"https:\/\/www.europesays.com\/fr\/wp-json\/wp\/v2\/comments?post=331600"}],"version-history":[{"count":0,"href":"https:\/\/www.europesays.com\/fr\/wp-json\/wp\/v2\/posts\/331600\/revisions"}],"wp:featuredmedia":[{"embeddable":true,"href":"https:\/\/www.europesays.com\/fr\/wp-json\/wp\/v2\/media\/331601"}],"wp:attachment":[{"href":"https:\/\/www.europesays.com\/fr\/wp-json\/wp\/v2\/media?parent=331600"}],"wp:term":[{"taxonomy":"category","embeddable":true,"href":"https:\/\/www.europesays.com\/fr\/wp-json\/wp\/v2\/categories?post=331600"},{"taxonomy":"post_tag","embeddable":true,"href":"https:\/\/www.europesays.com\/fr\/wp-json\/wp\/v2\/tags?post=331600"}],"curies":[{"name":"wp","href":"https:\/\/api.w.org\/{rel}","templated":true}]}}