{"id":331604,"date":"2025-08-20T12:54:16","date_gmt":"2025-08-20T12:54:16","guid":{"rendered":"https:\/\/www.europesays.com\/fr\/331604\/"},"modified":"2025-08-20T12:54:16","modified_gmt":"2025-08-20T12:54:16","slug":"le-maroc-devance-tous-ses-concurrents-et-devient-premier-fournisseur-de-myrtilles-du-royaume-uni-avec-19-000-tonnes","status":"publish","type":"post","link":"https:\/\/www.europesays.com\/fr\/331604\/","title":{"rendered":"Le Maroc devance tous ses concurrents et devient premier fournisseur de myrtilles du Royaume-Uni avec 19 000 tonnes"},"content":{"rendered":"<p>\n\t\t\tMehdi Marroun<br \/>\n\t\t\t|<\/p>\n<p>\t\t\t\t13:06 &#8211; 20 ao\u00fbt 2025<\/p>\n<p>\t\t\t\t<img width=\"696\" height=\"380\" src=\"https:\/\/www.europesays.com\/fr\/wp-content\/uploads\/2025\/08\/IMG_4734.jpeg\" class=\"attachment-hybrid-single size-hybrid-single wp-post-image\" alt=\"\" decoding=\"async\" fetchpriority=\"high\"  \/>\t\t\t<\/p>\n<p>Le Maroc s\u2019est hiss\u00e9 au premier rang des fournisseurs de myrtilles du Royaume-Uni, \u00e9tablissant un niveau in\u00e9dit dans ses exportations, selon EastFruit dans un rapport publi\u00e9 le 20 ao\u00fbt. Entre juillet 2024 et juin 2025, les exportateurs marocains ont achemin\u00e9 19 000 tonnes de myrtilles vers le march\u00e9 britannique, pour une valeur totale de 144 millions de dollars. Cette progression de 44 % sur un an double le volume enregistr\u00e9 lors de la campagne 2022\/23 et constitue un sommet historique.<\/p>\n<p><strong>Une progression fulgurante depuis 2019<\/strong><\/p>\n<p>Au cours des cinq derni\u00e8res campagnes, les exportations marocaines de myrtilles vers le Royaume-Uni ont \u00e9t\u00e9 multipli\u00e9es par plus de dix. D\u00e9j\u00e0 en t\u00eate de l\u2019approvisionnement britannique en framboises depuis 2022\/23, le Maroc a d\u00e9sormais franchi un palier similaire dans le segment des myrtilles.<\/p>\n<p>Si les premiers envois officiels de myrtilles marocaines vers le Royaume-Uni remontent \u00e0 2009, la tendance marqu\u00e9e \u00e0 la hausse n\u2019a v\u00e9ritablement \u00e9merg\u00e9 qu\u2019apr\u00e8s le retrait britannique de l\u2019Union europ\u00e9enne. En 2019\/20, le Maroc n\u2019occupait que la huiti\u00e8me place parmi les fournisseurs de myrtilles du Royaume-Uni. Il a gravi le troisi\u00e8me rang en 2021\/22, d\u00e9pass\u00e9 l\u2019Espagne en 2022\/23, fr\u00f4l\u00e9 les volumes du P\u00e9rou en 2023\/24, avant de devancer tous ses concurrents lors de la campagne en cours.<\/p>\n<p><strong>Une domination affirm\u00e9e sur le march\u00e9 britannique<\/strong><\/p>\n<p>Le Royaume-Uni constitue d\u00e9sormais l\u2019un des principaux d\u00e9bouch\u00e9s pour les myrtilles marocaines, derri\u00e8re l\u2019Espagne et les Pays-Bas. La saison d\u2019exportation s\u2019\u00e9tend de d\u00e9cembre \u00e0 juin, avec un sommet en avril. Durant cette p\u00e9riode, les principaux concurrents du Maroc sur le march\u00e9 britannique demeurent l\u2019Espagne, les Pays-Bas et l\u2019Allemagne.<\/p>\n<p>La demande croissante des consommateurs britanniques en myrtilles continue d\u2019alimenter cette progression. Au cours de la saison \u00e9coul\u00e9e, presque tous les grands fournisseurs \u2013 \u00e0 l\u2019exception de l\u2019Espagne et du Chili \u2013 ont accru leurs livraisons. Le Maroc, toutefois, a enregistr\u00e9 la plus forte progression, fournissant pr\u00e8s du quart des importations totales du Royaume-Uni. En mars et en mai, la part marocaine a d\u00e9pass\u00e9 la moiti\u00e9 du march\u00e9, atteignant jusqu\u2019\u00e0 75 % en avril.<\/p>\n","protected":false},"excerpt":{"rendered":"Mehdi Marroun | 13:06 &#8211; 20 ao\u00fbt 2025 Le Maroc s\u2019est hiss\u00e9 au premier rang des fournisseurs de&hellip;\n","protected":false},"author":2,"featured_media":331605,"comment_status":"","ping_status":"","sticky":false,"template":"","format":"standard","meta":{"footnotes":""},"categories":[1588],"tags":[11,1777,674,12,473,1853,1851,1850,1852],"class_list":{"0":"post-331604","1":"post","2":"type-post","3":"status-publish","4":"format-standard","5":"has-post-thumbnail","7":"category-royaume-uni","8":"tag-actualites","9":"tag-eu","10":"tag-europe","11":"tag-news","12":"tag-royaume-uni","13":"tag-royaume-uni-de-grande-bretagne-et-dirlande-du-nord","14":"tag-uk","15":"tag-united-kingdom","16":"tag-united-kingdom-of-great-britain-and-northern-ireland"},"share_on_mastodon":{"url":"https:\/\/pubeurope.com\/@fr\/115061198953991799","error":""},"_links":{"self":[{"href":"https:\/\/www.europesays.com\/fr\/wp-json\/wp\/v2\/posts\/331604","targetHints":{"allow":["GET"]}}],"collection":[{"href":"https:\/\/www.europesays.com\/fr\/wp-json\/wp\/v2\/posts"}],"about":[{"href":"https:\/\/www.europesays.com\/fr\/wp-json\/wp\/v2\/types\/post"}],"author":[{"embeddable":true,"href":"https:\/\/www.europesays.com\/fr\/wp-json\/wp\/v2\/users\/2"}],"replies":[{"embeddable":true,"href":"https:\/\/www.europesays.com\/fr\/wp-json\/wp\/v2\/comments?post=331604"}],"version-history":[{"count":0,"href":"https:\/\/www.europesays.com\/fr\/wp-json\/wp\/v2\/posts\/331604\/revisions"}],"wp:featuredmedia":[{"embeddable":true,"href":"https:\/\/www.europesays.com\/fr\/wp-json\/wp\/v2\/media\/331605"}],"wp:attachment":[{"href":"https:\/\/www.europesays.com\/fr\/wp-json\/wp\/v2\/media?parent=331604"}],"wp:term":[{"taxonomy":"category","embeddable":true,"href":"https:\/\/www.europesays.com\/fr\/wp-json\/wp\/v2\/categories?post=331604"},{"taxonomy":"post_tag","embeddable":true,"href":"https:\/\/www.europesays.com\/fr\/wp-json\/wp\/v2\/tags?post=331604"}],"curies":[{"name":"wp","href":"https:\/\/api.w.org\/{rel}","templated":true}]}}