{"id":331610,"date":"2025-08-20T12:57:20","date_gmt":"2025-08-20T12:57:20","guid":{"rendered":"https:\/\/www.europesays.com\/fr\/331610\/"},"modified":"2025-08-20T12:57:20","modified_gmt":"2025-08-20T12:57:20","slug":"laccord-commercial-de-lue-avec-donald-trump-na-pas-elimine-lincertitude-mondiale-selon-la-bce-20-08-2025-a-1408","status":"publish","type":"post","link":"https:\/\/www.europesays.com\/fr\/331610\/","title":{"rendered":"L&rsquo;accord commercial de l&rsquo;UE avec Donald Trump n&rsquo;a pas \u00ab\u00a0\u00e9limin\u00e9 l&rsquo;incertitude mondiale\u00a0\u00bb, selon la BCE &#8211; 20\/08\/2025 \u00e0 14:08"},"content":{"rendered":"<p> \u00ab\u00a0L&rsquo;incertitude persiste puisque les tarifs sp\u00e9cifiques aux secteurs des produits pharmaceutiques et des semi-conducteurs restent flous\u00a0\u00bb, selon Christine Lagarde.<\/p>\n<p>        <img fetchpriority=\"high\" decoding=\"async\" src=\"https:\/\/www.europesays.com\/fr\/wp-content\/uploads\/2025\/08\/2c1d63a0658a28c41270a33a7c3fce6d-760x533.jpg\" alt=\"Christine Lagarde \u00e0 Francfort, en Allemagne, le 24 juillet 2025. ( AFP \/ DANIEL ROLAND )\" loading=\"eager\" width=\"760\" height=\"533\" style=\"max-width: 100%!important; height: auto;\"\/><\/p>\n<p class=\"c-image-news__legend\">Christine Lagarde \u00e0 Francfort, en Allemagne, le 24 juillet 2025. ( AFP \/ DANIEL ROLAND )<\/p>\n<p>\n L&rsquo;accord comemrcial sign\u00e9 par l&rsquo;Union europ\u00e9enn et les \u00c9tats-Unis pour mettre un terme aux droits de douanes punitifs de Donald Trump a \u00ab\u00a0att\u00e9nu\u00e9\u00a0\u00bb mais \u00ab\u00a0certainement pas \u00e9limin\u00e9 l&rsquo;incertitude mondiale\u00a0\u00bb,a d\u00e9clar\u00e9 mercredi 20 ao\u00fbt la pr\u00e9sidente de la Banque centrale europ\u00e9enne (BCE) Christine Lagarde \u00e0 Gen\u00e8ve.\n<\/p>\n<p>\n \u00ab\u00a0L&rsquo;incertitude persiste puisque les tarifs sp\u00e9cifiques aux secteurs des produits pharmaceutiques et des semi-conducteurs restent flous\u00a0\u00bb, a indiqu\u00e9 la pr\u00e9sidente de la Banque centrale europ\u00e9enne lors d&rsquo;une r\u00e9union du Forum \u00c9conomique Mondial \u00e0 Gen\u00e8ve.\n<\/p>\n<p>\n Fin juillet, Bruxelles et Washington sont convenus d&rsquo;appliquer 15% de droits de douane sur les exportations europ\u00e9ennes vers les Etats-Unis, avec des espoirs d&rsquo;exemptions pour certains secteurs. L&rsquo;accord avait \u00e9t\u00e9 conclu quelques jours apr\u00e8s la r\u00e9union mon\u00e9taire de la BCE, qui avait choisi de maintenir ses taux d&rsquo;int\u00e9r\u00eat inchang\u00e9s apr\u00e8s un long cycle de baisses, un signe de prudence en plein coeur du bras de fer commercial.\n<\/p>\n<p> Ralentissement \u00e9conomique au troisi\u00e8me trimeste<\/p>\n<p>\n Dans les faits, les surtaxes moyennes varient entre 12 et 16%, selon Christine Lagarde,<br \/>\n <strong><br \/>\n  un taux \u00ab\u00a0l\u00e9g\u00e8rement plus \u00e9lev\u00e9, mais encore proche\u00a0\u00bb des hypoth\u00e8ses de la BCE<br \/>\n <\/strong><br \/>\n , utilis\u00e9es dans ses pr\u00e9visions macro\u00e9conomiques de juin.\n<\/p>\n<p>\n L&rsquo;institution de Francfort avait \u00e0 l&rsquo;\u00e9poque abaiss\u00e9 ses projections d&rsquo;inflation pour la zone euro -\u00e0 2,0% pour 2025 et 1,6% pour 2026- en raison de la baisse des prix de l&rsquo;\u00e9nergie et d&rsquo;un euro plus fort. Elle s&rsquo;attendait aussi \u00e0 une croissance du PIB l\u00e9g\u00e8rement plus faible que pr\u00e9vu, de 1,1%, en 2026.\n<\/p>\n<p>\n La BCE s&rsquo;\u00e9tait aussi pr\u00e9par\u00e9e \u00e0 un sc\u00e9nario plus pessimiste, avec des droits de douane sup\u00e9rieurs \u00e0 20%.\n<\/p>\n<p>\n Publi\u00e9es \u00e0 la mi-septembre, les nouvelles pr\u00e9visions d&rsquo;inflation et de croissance prendront en compte \u00ab\u00a0les cons\u00e9quences de l&rsquo;accord commercial\u00a0\u00bb, a assur\u00e9 Christine Lagarde.\n<\/p>\n<p>\n Selon la BCE,<br \/>\n <strong><br \/>\n  l&rsquo;activit\u00e9 \u00e9conomique de la zone euro devrait ralentir au troisi\u00e8me trimestre apr\u00e8s un bon d\u00e9but d&rsquo;ann\u00e9e<br \/>\n <\/strong><br \/>\n .\n<\/p>\n<p>\n Ces derni\u00e8res semaines, Donald Trump a multipli\u00e9 les menaces de droits de douane suppl\u00e9mentaires envers certain secteurs, comme les produits pharmaceutiques qui repr\u00e9sentent 20% des exportations europ\u00e9ennes vers les \u00c9tats-Unis.<\/p>\n","protected":false},"excerpt":{"rendered":"\u00ab\u00a0L&rsquo;incertitude persiste puisque les tarifs sp\u00e9cifiques aux secteurs des produits pharmaceutiques et des semi-conducteurs restent flous\u00a0\u00bb, selon Christine&hellip;\n","protected":false},"author":2,"featured_media":331611,"comment_status":"","ping_status":"","sticky":false,"template":"","format":"standard","meta":{"footnotes":""},"categories":[1586],"tags":[400,11,398,408,405,1777,674,1779,1011,27,403,402,399,404,12,25,401,406,1778,364,407],"class_list":{"0":"post-331610","1":"post","2":"type-post","3":"status-publish","4":"format-standard","5":"has-post-thumbnail","7":"category-europe","8":"tag-action-cac-40","9":"tag-actualites","10":"tag-bourse-de-paris","11":"tag-boursorama","12":"tag-cotations","13":"tag-eu","14":"tag-europe","15":"tag-european-union","16":"tag-fr","17":"tag-france","18":"tag-indices-devises","19":"tag-investir","20":"tag-investissement","21":"tag-marche-boursier","22":"tag-news","23":"tag-republique-francaise","24":"tag-sicav","25":"tag-trackers","26":"tag-ue","27":"tag-union-europeenne","28":"tag-warrants"},"share_on_mastodon":{"url":"https:\/\/pubeurope.com\/@fr\/115061210911828458","error":""},"_links":{"self":[{"href":"https:\/\/www.europesays.com\/fr\/wp-json\/wp\/v2\/posts\/331610","targetHints":{"allow":["GET"]}}],"collection":[{"href":"https:\/\/www.europesays.com\/fr\/wp-json\/wp\/v2\/posts"}],"about":[{"href":"https:\/\/www.europesays.com\/fr\/wp-json\/wp\/v2\/types\/post"}],"author":[{"embeddable":true,"href":"https:\/\/www.europesays.com\/fr\/wp-json\/wp\/v2\/users\/2"}],"replies":[{"embeddable":true,"href":"https:\/\/www.europesays.com\/fr\/wp-json\/wp\/v2\/comments?post=331610"}],"version-history":[{"count":0,"href":"https:\/\/www.europesays.com\/fr\/wp-json\/wp\/v2\/posts\/331610\/revisions"}],"wp:featuredmedia":[{"embeddable":true,"href":"https:\/\/www.europesays.com\/fr\/wp-json\/wp\/v2\/media\/331611"}],"wp:attachment":[{"href":"https:\/\/www.europesays.com\/fr\/wp-json\/wp\/v2\/media?parent=331610"}],"wp:term":[{"taxonomy":"category","embeddable":true,"href":"https:\/\/www.europesays.com\/fr\/wp-json\/wp\/v2\/categories?post=331610"},{"taxonomy":"post_tag","embeddable":true,"href":"https:\/\/www.europesays.com\/fr\/wp-json\/wp\/v2\/tags?post=331610"}],"curies":[{"name":"wp","href":"https:\/\/api.w.org\/{rel}","templated":true}]}}