{"id":331612,"date":"2025-08-20T12:58:11","date_gmt":"2025-08-20T12:58:11","guid":{"rendered":"https:\/\/www.europesays.com\/fr\/331612\/"},"modified":"2025-08-20T12:58:11","modified_gmt":"2025-08-20T12:58:11","slug":"un-suspect-place-en-garde-a-vue-ce-mercredi","status":"publish","type":"post","link":"https:\/\/www.europesays.com\/fr\/331612\/","title":{"rendered":"Un suspect plac\u00e9 en garde \u00e0 vue ce mercredi"},"content":{"rendered":"<p>L\u2019enqu\u00eate sur la macabre d\u00e9couverte de quatre corps dans la <a href=\"https:\/\/www.20minutes.fr\/dossier\/seine\" class=\"c-link c-link--is-underlined\" target=\"_blank\" rel=\"noopener\">Seine<\/a>, le 13\u00a0ao\u00fbt dernier, progresse. Un homme a \u00e9t\u00e9 interpell\u00e9 mercredi 20\u00a0ao\u00fbt et plac\u00e9 en garde \u00e0 vue pour \u00ab\u00a0<a href=\"https:\/\/www.20minutes.fr\/dossier\/meurtre\" class=\"c-link c-link--is-underlined\" target=\"_blank\" rel=\"noopener\">meurtres <\/a>en concours\u00a0\u00bb dans les locaux de la Brigade criminelle \u00e0 <a href=\"https:\/\/www.20minutes.fr\/paris\/\" class=\"c-link c-link--is-underlined\" target=\"_blank\" rel=\"noopener\">Paris<\/a>, annonce <a href=\"https:\/\/www.leparisien.fr\/val-de-marne-94\/cadavres-dans-la-seine-a-choisy-le-roi-un-homme-en-garde-a-vue-20-08-2025-OWVHI5ICDNCR5KHNG6DR5OOB6I.php\" rel=\"nofollow noopener\" target=\"_blank\" class=\"c-link c-link--is-underlined\">Le Parisien<\/a>. Cette qualification indique qu\u2019il est suspect\u00e9 d\u2019avoir commis plusieurs meurtres de mani\u00e8re distincte et permet de l\u2019entendre jusqu\u2019\u00e0 96 heures.<\/p>\n<p>Les corps avaient \u00e9t\u00e9 rep\u00e9r\u00e9s par un passant pr\u00e8s du pont de Choisy, et les secours ont d\u00e9couvert trois autres cadavres immerg\u00e9s dans la zone, <a href=\"https:\/\/www.tf1info.fr\/justice-faits-divers\/cadavres-retrouves-dans-la-seine-un-homme-arrete-et-place-en-garde-a-vue-2389715.html\" rel=\"nofollow noopener\" target=\"_blank\" class=\"c-link c-link--is-underlined\">pr\u00e9cise TF1<\/a>. La configuration du fleuve, plus lent \u00e0 cet endroit, pourrait expliquer que les corps soient rest\u00e9s concentr\u00e9s sur un p\u00e9rim\u00e8tre restreint.<\/p>\n<p>Une potentielle deuxi\u00e8me victime d\u2019homicide<\/p>\n<p>D\u2019apr\u00e8s le parquet de <a href=\"https:\/\/www.20minutes.fr\/dossier\/creteil\" class=\"c-link c-link--is-underlined\" target=\"_blank\" rel=\"noopener\">Cr\u00e9teil<\/a>, une des victimes est morte par strangulation et une autre pr\u00e9sentait des l\u00e9sions de violences, conduisant \u00e0 retenir l\u2019hypoth\u00e8se d\u2019un d\u00e9c\u00e8s d\u2019origine criminelle d\u00e8s jeudi, avec une enqu\u00eate pour homicide volontaire confi\u00e9e \u00e0 la police judiciaire parisienne. Un deuxi\u00e8me corps a fait l\u2019objet d\u2019une enqu\u00eate similaire apr\u00e8s la d\u00e9couverte de traces de violences, souligne TF1.<\/p>\n<p>Un des corps a \u00e9t\u00e9 rapidement identifi\u00e9 comme un homme d\u2019une quarantaine d\u2019ann\u00e9es domicili\u00e9 dans le Val-de-Marne. Les circonstances exactes des d\u00e9c\u00e8s et l\u2019implication du suspect dans chaque affaire restent pour l\u2019instant d\u00e9termin\u00e9es par l\u2019enqu\u00eate en cours.<\/p>\n","protected":false},"excerpt":{"rendered":"L\u2019enqu\u00eate sur la macabre d\u00e9couverte de quatre corps dans la Seine, le 13\u00a0ao\u00fbt dernier, progresse. Un homme a&hellip;\n","protected":false},"author":2,"featured_media":331613,"comment_status":"","ping_status":"","sticky":false,"template":"","format":"standard","meta":{"footnotes":""},"categories":[2],"tags":[47,11,118,658,1011,27,662,777,12,626,25,13527,1125],"class_list":{"0":"post-331612","1":"post","2":"type-post","3":"status-publish","4":"format-standard","5":"has-post-thumbnail","7":"category-actualites","8":"tag-actualite","9":"tag-actualites","10":"tag-faits-divers","11":"tag-faits-divers-paris","12":"tag-fr","13":"tag-france","14":"tag-ile-de-france","15":"tag-meurtre","16":"tag-news","17":"tag-paris","18":"tag-republique-francaise","19":"tag-seine","20":"tag-val-de-marne"},"share_on_mastodon":{"url":"https:\/\/pubeurope.com\/@fr\/115061214694201641","error":""},"_links":{"self":[{"href":"https:\/\/www.europesays.com\/fr\/wp-json\/wp\/v2\/posts\/331612","targetHints":{"allow":["GET"]}}],"collection":[{"href":"https:\/\/www.europesays.com\/fr\/wp-json\/wp\/v2\/posts"}],"about":[{"href":"https:\/\/www.europesays.com\/fr\/wp-json\/wp\/v2\/types\/post"}],"author":[{"embeddable":true,"href":"https:\/\/www.europesays.com\/fr\/wp-json\/wp\/v2\/users\/2"}],"replies":[{"embeddable":true,"href":"https:\/\/www.europesays.com\/fr\/wp-json\/wp\/v2\/comments?post=331612"}],"version-history":[{"count":0,"href":"https:\/\/www.europesays.com\/fr\/wp-json\/wp\/v2\/posts\/331612\/revisions"}],"wp:featuredmedia":[{"embeddable":true,"href":"https:\/\/www.europesays.com\/fr\/wp-json\/wp\/v2\/media\/331613"}],"wp:attachment":[{"href":"https:\/\/www.europesays.com\/fr\/wp-json\/wp\/v2\/media?parent=331612"}],"wp:term":[{"taxonomy":"category","embeddable":true,"href":"https:\/\/www.europesays.com\/fr\/wp-json\/wp\/v2\/categories?post=331612"},{"taxonomy":"post_tag","embeddable":true,"href":"https:\/\/www.europesays.com\/fr\/wp-json\/wp\/v2\/tags?post=331612"}],"curies":[{"name":"wp","href":"https:\/\/api.w.org\/{rel}","templated":true}]}}