{"id":331614,"date":"2025-08-20T12:59:11","date_gmt":"2025-08-20T12:59:11","guid":{"rendered":"https:\/\/www.europesays.com\/fr\/331614\/"},"modified":"2025-08-20T12:59:11","modified_gmt":"2025-08-20T12:59:11","slug":"les-obseques-de-jean-pormanove-financees-par-drake-et-le-streamer-adin-ross","status":"publish","type":"post","link":"https:\/\/www.europesays.com\/fr\/331614\/","title":{"rendered":"Les obs\u00e8ques de Jean Pormanove financ\u00e9es par Drake et le streamer Adin Ross\u00a0?"},"content":{"rendered":"\n<p class=\"asset asset-text\" data-lettrine=\"\">M\u00c9DIAS &#8211; Les enqu\u00eates apr\u00e8s la <a href=\"https:\/\/www.huffingtonpost.fr\/culture\/article\/mort-du-streamer-jean-pormanove-l-alerte-de-sarah-el-hairy-la-haute-commissaire-a-l-enfance_253738.html\" target=\"_blank\" rel=\"noopener\">mort de Jean Pormanove<\/a> sont en cours. Son d\u00e9c\u00e8s alors qu\u2019il \u00e9tait en plein stream sur la <a href=\"https:\/\/www.huffingtonpost.fr\/faits-divers\/article\/kick-la-plateforme-de-tous-les-exces-au-c-ur-de-la-mort-du-streamer-jean-pormanove_253753.html\" target=\"_blank\" rel=\"noopener\">plateforme controvers\u00e9e Kick<\/a> a suscit\u00e9 de nombreuses r\u00e9actions politiques. Mais \u00e9galement du monde des streamers. Adin Ross, ex-star am\u00e9ricaine de Twitch qui officie sur Kick, a annonc\u00e9 vouloir prendre \u00e0 sa charge le co\u00fbt des obs\u00e8ques du Fran\u00e7ais, avec le soutien du rappeur Drake.<\/p>\n<p class=\"asset asset-text\">Adin Ross a publi\u00e9 un long message sur son compte X (ex-Twitter), peu apr\u00e8s l\u2019annonce de la d\u00e9couverte du corps de Rapha\u00ebl Graven, alias JP &#8211; Jean Pormanove, pr\u00e8s de Nice. \u00ab\u00a0C\u2019est terrible et immonde. Ceux qui ont particip\u00e9 \u00e0 cette trag\u00e9die m\u00e9ritent d\u2019en payer les cons\u00e9quences. Je viens d\u2019\u00e9changer avec Drake. Lui et moi allons payer les obs\u00e8ques, cela ne le ram\u00e8nera pas, mais c\u2019est le moins que nous puissions faire\u00a0\u00bb, a-t-il promis ce mardi 19\u00a0ao\u00fbt.<\/p>\n<p class=\"asset asset-text\">Si le nom d\u2019Adin Ross est inconnu pour beaucoup, il est en r\u00e9alit\u00e9 une immense star sur certaines plateformes de streaming. Sur Twitch, o\u00f9 il streamait jusqu\u2019\u00e0 r\u00e9cemment, il cumule plus de 7\u00a0millions d\u2019abonn\u00e9s. Sur Kick, il en a, \u00e0 date, plus d\u20191,8\u00a0millions, ce qui fait de lui l\u2019une des personnalit\u00e9s les plus suivies.<\/p>\n<p class=\"asset asset-text\">Comme il l\u2019affirmait dans le podcast de <a href=\"https:\/\/www.tiktok.com\/@impaulsive\/video\/7504394734845054251\" target=\"_blank\" rel=\"noopener\" title=\"Nouvelle fen\u00eatre\">Logan Paul<\/a>, Adin Ross aurait touch\u00e9 100\u00a0millions de dollars pour migrer sur Kick. Un choix p\u00e9cuniaire donc (car la plateforme r\u00e9mun\u00e8re par ailleurs les producteurs de contenus bien plus que Twitch) mais pas uniquement. Adin Ross a aussi expliqu\u00e9 que c\u2019\u00e9tait en raison de la plus faible mod\u00e9ration instaur\u00e9e par la plateforme australienne. Ses liens avec Kick sont donc av\u00e9r\u00e9s.<\/p>\n<p>                     Les liens de Drake avec Kick    <\/p>\n<p class=\"asset asset-text\">Quid donc de ceux de Drake\u00a0? L\u2019interpr\u00e8te de Hotline Bling est pr\u00e9sent sur la plateforme et cumule, lui, 331\u00a0000\u00a0followers. Il est par ailleurs directement li\u00e9 par contrat depuis 2022\u00a0au casino virtuel Stake, pour lequel il fait de la publicit\u00e9. Kick et Stake ont les m\u00eames fondateurs\u00a0: Edward Craven\u00a0et\u00a0Bijan Tehrani. Outre leurs liens individuels avec la plateforme australienne (pass\u00e9s ou pr\u00e9sents), Drake et Adin Ross ont d\u00e9j\u00e0 collabor\u00e9 sur Kick. Ils n\u2019avaient, en revanche jamais stream\u00e9 avec Jean Pormanove.<\/p>\n<p class=\"asset asset-text\">Mais la plateforme Kick sur laquelle le Fran\u00e7ais avait 192\u00a0000\u00a0abonn\u00e9s est pr\u00e9cis\u00e9ment cibl\u00e9e depuis l\u2019annonce de la mort de JP. C\u2019est en effet au cours d\u2019un live qui durait depuis d\u00e9j\u00e0 10\u00a0jours que Rapha\u00ebl Graven est d\u00e9c\u00e9d\u00e9. La vid\u00e9o a \u00e9t\u00e9 coup\u00e9e apr\u00e8s que l\u2019un de ses partenaires, Naruto, a d\u00e9couvert qu\u2019il ne respirait plus. Un live streaming d\u00e9crit par certains internautes comme particuli\u00e8rement extr\u00eame au cours duquel il aurait notamment \u00e9t\u00e9 priv\u00e9 de sommeil et forc\u00e9 \u00e0 ing\u00e9rer des substances toxiques. Les violences physiques et les humiliations \u00e9taient d\u2019ailleurs le concept principal de la cha\u00eene de Jeanpormanove. <a href=\"https:\/\/www.huffingtonpost.fr\/faits-divers\/article\/apres-la-mort-jean-pormanove-l-avocat-de-naruto-defend-son-client-suspecte-d-actes-de-maltraitance_253766.html\" target=\"_blank\" rel=\"noopener\">Mais l\u2019avocat de Naruto a ni\u00e9 toute implication expliquant que les vid\u00e9os \u00e9taient sc\u00e9naris\u00e9es<\/a>.<\/p>\n<p>    Tr\u00e8s critiqu\u00e9e, Kick se d\u00e9fend mollement    <\/p>\n<p class=\"asset asset-text\">Kick a directement \u00e9t\u00e9 interpell\u00e9e par la haute-commissaire \u00e0 l\u2019Enfance Sarah El\u00a0Ha\u00efry et par la ministre charg\u00e9e du Num\u00e9rique. \u00ab\u00a0La responsabilit\u00e9 des plateformes en ligne sur la diffusion de contenus illicites n\u2019est pas une option\u00a0: c\u2019est la loi. Ce type de d\u00e9faillances peut conduire au pire et n\u2019a pas sa place en France, en Europe ni ailleurs\u00a0\u00bb, a d\u00e9clar\u00e9 Clara Chappaz, ajoutant avoir saisi l\u2019Arcom, fait un signalement sur Pharos, le portail officiel de signalement des contenus illicites de l\u2019Internet, et contact\u00e9 les responsables de Kick.<\/p>\n<p class=\"asset asset-text\">En r\u00e9ponse, la plateforme a post\u00e9 un long message sur X ce mercredi 20\u00a0ao\u00fbt. Dans celui-ci, elle annonce avoir banni temporairement de la plateforme les co-streamers \u00ab\u00a0ayant particip\u00e9 \u00e0 cette diffusion en direct (&#8230;) dans l\u2019attente de l\u2019enqu\u00eate en cours\u00a0\u00bb. Kick affirme par ailleurs vouloir \u00ab\u00a0collaborer pleinement avec les autorit\u00e9s dans le cadre de ce processus(&#8230;) Notre priorit\u00e9 est de prot\u00e9ger les cr\u00e9ateurs et de garantir un environnement plus s\u00fbr sur Kick\u00a0\u00bb.<\/p>\n<p class=\"asset asset-text\">JP faisait partie d\u2019un collectif nomm\u00e9 Le LokalTV avec les streamers Naruro et Safine, et Coudoux, un homme handicap\u00e9 moteur (et second souffre-douleur de leurs concepts). Sur leur cha\u00eene, les internautes pouvaient faire suivre ces s\u00e9ances d\u2019humiliation en direct et faire des dons. Comme le mettait en avant Adin Ross, Kick ne mod\u00e8re en effet actuellement que tr\u00e8s peu les contenus des utilisateurs, permettant par exemple \u00e0 celui-ci de streamer son \u00e9change avec un interlocuteur faisant l\u2019apologie du nazisme.<\/p>\n<p class=\"asset asset-text\">Imm\u00e9diatement apr\u00e8s l\u2019annonce de la mort de Jean Pormanove, la plateforme a banni, sa cha\u00eene afin que la vid\u00e9o de son ultime live ne soit plus accessible. Toutes celles qui pr\u00e9c\u00e8dent et dans lesquelles lui et Coudoux se faisaient violenter, insulter et humilier, ne le sont plus non plus.<\/p>\n<p>      <script async src=\"\/\/www.tiktok.com\/embed.js\"><\/script><\/p>\n","protected":false},"excerpt":{"rendered":"M\u00c9DIAS &#8211; Les enqu\u00eates apr\u00e8s la mort de Jean Pormanove sont en cours. Son d\u00e9c\u00e8s alors qu\u2019il \u00e9tait&hellip;\n","protected":false},"author":2,"featured_media":331615,"comment_status":"","ping_status":"","sticky":false,"template":"","format":"standard","meta":{"footnotes":""},"categories":[2],"tags":[11,251,28054,1011,27,2480,500,12,25,938,24551],"class_list":{"0":"post-331614","1":"post","2":"type-post","3":"status-publish","4":"format-standard","5":"has-post-thumbnail","7":"category-actualites","8":"tag-actualites","9":"tag-culture","10":"tag-drake","11":"tag-fr","12":"tag-france","13":"tag-influenceurs","14":"tag-medias","15":"tag-news","16":"tag-republique-francaise","17":"tag-reseaux-sociaux","18":"tag-tech-futurs"},"share_on_mastodon":{"url":"https:\/\/pubeurope.com\/@fr\/115061218660160841","error":""},"_links":{"self":[{"href":"https:\/\/www.europesays.com\/fr\/wp-json\/wp\/v2\/posts\/331614","targetHints":{"allow":["GET"]}}],"collection":[{"href":"https:\/\/www.europesays.com\/fr\/wp-json\/wp\/v2\/posts"}],"about":[{"href":"https:\/\/www.europesays.com\/fr\/wp-json\/wp\/v2\/types\/post"}],"author":[{"embeddable":true,"href":"https:\/\/www.europesays.com\/fr\/wp-json\/wp\/v2\/users\/2"}],"replies":[{"embeddable":true,"href":"https:\/\/www.europesays.com\/fr\/wp-json\/wp\/v2\/comments?post=331614"}],"version-history":[{"count":0,"href":"https:\/\/www.europesays.com\/fr\/wp-json\/wp\/v2\/posts\/331614\/revisions"}],"wp:featuredmedia":[{"embeddable":true,"href":"https:\/\/www.europesays.com\/fr\/wp-json\/wp\/v2\/media\/331615"}],"wp:attachment":[{"href":"https:\/\/www.europesays.com\/fr\/wp-json\/wp\/v2\/media?parent=331614"}],"wp:term":[{"taxonomy":"category","embeddable":true,"href":"https:\/\/www.europesays.com\/fr\/wp-json\/wp\/v2\/categories?post=331614"},{"taxonomy":"post_tag","embeddable":true,"href":"https:\/\/www.europesays.com\/fr\/wp-json\/wp\/v2\/tags?post=331614"}],"curies":[{"name":"wp","href":"https:\/\/api.w.org\/{rel}","templated":true}]}}