{"id":331618,"date":"2025-08-20T13:03:10","date_gmt":"2025-08-20T13:03:10","guid":{"rendered":"https:\/\/www.europesays.com\/fr\/331618\/"},"modified":"2025-08-20T13:03:10","modified_gmt":"2025-08-20T13:03:10","slug":"rugby-championship-dix-nouveaux-titulaires-le-retour-de-cheslin-kolbe-rassie-erasmus-change-tout-pour-la-revanche-face-aux-wallabies","status":"publish","type":"post","link":"https:\/\/www.europesays.com\/fr\/331618\/","title":{"rendered":"Rugby Championship \u2013 Dix nouveaux titulaires, le retour de Cheslin Kolbe\u2026 Rassie Erasmus change tout pour la revanche face aux Wallabies"},"content":{"rendered":"<p>\n                Apr\u00e8s l\u2019affront subi samedi dernier lors de la remontada historique des Wallabies en terres sud-africaines, Rassie Erasmus a d\u00e9cid\u00e9 de proc\u00e9der \u00e0 une large revue d\u2019effectif pour ce deuxi\u00e8me match du Rugby Championship\u2026 Attention, \u00e7a reste malgr\u00e9 tout tr\u00e8s, tr\u00e8s solide\u00a0!\n            <\/p>\n<p data-pm-slice=\"1 1 []\">Les Springboks ont d\u00e9voil\u00e9 leur composition d\u2019\u00e9quipe <strong><a href=\"https:\/\/www.rugbyrama.fr\/resultats\/rugby\/rugby-championship\/rencontre\/54788\/afrique-du-sud-australie\" target=\"_self\" rel=\"nofollow noopener\">pour le deuxi\u00e8me match du Rugby Championship contre l\u2019Australie, samedi 23\u00a0ao\u00fbt, au Cap (17h10)<\/a><\/strong>. Dix changements interviennent dans le XV de d\u00e9part par rapport \u00e0 <strong><a href=\"https:\/\/www.rugbyrama.fr\/2025\/08\/16\/rugby-championship-laustralie-renverse-lafrique-du-sud-et-signe-un-exploit-monumental-12879651.php\" target=\"_self\" rel=\"nofollow noopener\">la d\u00e9faite (38-22) conc\u00e9d\u00e9e la semaine pass\u00e9e \u00e0 Johannesburg<\/a><\/strong>. Jesse Kriel portera de nouveau le brassard de capitaine <strong><a href=\"https:\/\/www.rugbyrama.fr\/2025\/08\/18\/rugby-championship-siya-kolisi-et-pieter-steph-du-toit-forfaits-pour-le-deuxieme-match-entre-lafrique-du-sud-et-laustralie-12881792.php\" target=\"_self\" rel=\"nofollow noopener\">en l\u2019absence de Siya Kolisi, bless\u00e9.<\/a><\/strong><\/p>\n<p>Les retours de Cheslin Kolbe, Damian de Allende et du fra\u00eechement cap\u00e9 pour la centi\u00e8me fois Willie le Roux redonnent de l\u2019exp\u00e9rience \u00e0 une \u00e9quipe fortement remani\u00e9e. Ox Nch\u00e9, pilier gauche, endossera pour la premi\u00e8re fois le r\u00f4le de vice-capitaine. Erasmus a notamment reconstitu\u00e9 la paire de centres Kriel-De Allende, tandis que Handr\u00e9 Pollard conserve sa place \u00e0 l\u2019ouverture aux c\u00f4t\u00e9s de Grant Williams. Derri\u00e8re, Le Roux (100 s\u00e9lections) sera titulaire \u00e0 l\u2019arri\u00e8re, Kolbe et Canan Moodie occuperont les ailes. En premi\u00e8re ligne, Thomas du Toit compl\u00e8te un pack in\u00e9dit aux c\u00f4t\u00e9s de Nch\u00e9 et Marx.<\/p>\n<p>Sur le banc, Erasmus a opt\u00e9 pour un 6-2, privil\u00e9giant les avants de puissance avec Etzebeth, De Jager et Kwagga Smith, accompagn\u00e9s par Reinach et Feinberg-Mngomezulu comme options derri\u00e8re. Le s\u00e9lectionneur a justifi\u00e9 ces nombreux changements par une combinaison de blessures et de choix strat\u00e9giques\u00a0: \u00ab\u00a0Nous avons perdu quatre joueurs sur blessure le week-end dernier, ce qui a \u00e9videmment influenc\u00e9 nos s\u00e9lections. Mais nous savons aussi ce qui n\u2019a pas fonctionn\u00e9 contre l\u2019Australie, donc nous avons effectu\u00e9 des changements pour apporter ce qu\u2019il faut \u00e0 cette \u00e9quipe\u00a0\u00bb, a-t-il expliqu\u00e9.<\/p>\n<p>    La composition de l\u2019Afrique du Sud\u00a0:<\/p>\n<p>Le XV titulaire\u00a0: 15. Willie le Roux\u00a0; 14. Canan Moodie\u00a0; 13. Jesse Kriel (cap.)\u00a0; 12. Damian de Allende\u00a0; 11. Cheslin Kolbe\u00a0; 10. Handr\u00e9 Pollard\u00a0; 9. Grant Williams\u00a0; 8. Jean-Luc du Preez\u00a0; 7. Franco Mostert\u00a0; 6. Marco van Staden\u00a0; 5. Ruan Nortje\u00a0; 4. RG Snyman\u00a0; 3. Thomas du Toit\u00a0; 2. Malcolm Marx\u00a0; 1. Ox Nch\u00e9<\/p>\n<p>Rempla\u00e7ants\u00a0: 16. Marnus van der Merwe\u00a0; 17. Boan Venter\u00a0; 18. Wilco Louw\u00a0; 19. Eben Etzebeth\u00a0; 20. Lood de Jager\u00a0; 21. Kwagga Smith\u00a0; 22. Cobus Reinach\u00a0; 23. Sacha Feinberg-Mngomezulu<\/p>\n<p>Battus pour la premi\u00e8re fois de l\u2019\u00e8re professionnelle par l\u2019Australie \u00e0 Ellis Park, les Springboks n\u2019ont d\u2019autre choix que de r\u00e9agir au Cap. Un succ\u00e8s est imp\u00e9ratif pour relancer leur campagne.<\/p>\n","protected":false},"excerpt":{"rendered":"Apr\u00e8s l\u2019affront subi samedi dernier lors de la remontada historique des Wallabies en terres sud-africaines, Rassie Erasmus a&hellip;\n","protected":false},"author":2,"featured_media":331619,"comment_status":"","ping_status":"","sticky":false,"template":"","format":"standard","meta":{"footnotes":""},"categories":[1416],"tags":[1011,27,479,1468,60],"class_list":{"0":"post-331618","1":"post","2":"type-post","3":"status-publish","4":"format-standard","5":"has-post-thumbnail","7":"category-rugby","8":"tag-fr","9":"tag-france","10":"tag-rugby","11":"tag-rugby-football","12":"tag-sports"},"share_on_mastodon":{"url":"https:\/\/pubeurope.com\/@fr\/115061234318941219","error":""},"_links":{"self":[{"href":"https:\/\/www.europesays.com\/fr\/wp-json\/wp\/v2\/posts\/331618","targetHints":{"allow":["GET"]}}],"collection":[{"href":"https:\/\/www.europesays.com\/fr\/wp-json\/wp\/v2\/posts"}],"about":[{"href":"https:\/\/www.europesays.com\/fr\/wp-json\/wp\/v2\/types\/post"}],"author":[{"embeddable":true,"href":"https:\/\/www.europesays.com\/fr\/wp-json\/wp\/v2\/users\/2"}],"replies":[{"embeddable":true,"href":"https:\/\/www.europesays.com\/fr\/wp-json\/wp\/v2\/comments?post=331618"}],"version-history":[{"count":0,"href":"https:\/\/www.europesays.com\/fr\/wp-json\/wp\/v2\/posts\/331618\/revisions"}],"wp:featuredmedia":[{"embeddable":true,"href":"https:\/\/www.europesays.com\/fr\/wp-json\/wp\/v2\/media\/331619"}],"wp:attachment":[{"href":"https:\/\/www.europesays.com\/fr\/wp-json\/wp\/v2\/media?parent=331618"}],"wp:term":[{"taxonomy":"category","embeddable":true,"href":"https:\/\/www.europesays.com\/fr\/wp-json\/wp\/v2\/categories?post=331618"},{"taxonomy":"post_tag","embeddable":true,"href":"https:\/\/www.europesays.com\/fr\/wp-json\/wp\/v2\/tags?post=331618"}],"curies":[{"name":"wp","href":"https:\/\/api.w.org\/{rel}","templated":true}]}}