{"id":331622,"date":"2025-08-20T13:06:09","date_gmt":"2025-08-20T13:06:09","guid":{"rendered":"https:\/\/www.europesays.com\/fr\/331622\/"},"modified":"2025-08-20T13:06:09","modified_gmt":"2025-08-20T13:06:09","slug":"p-espargaro-remplacera-vinales-en-hongrie","status":"publish","type":"post","link":"https:\/\/www.europesays.com\/fr\/331622\/","title":{"rendered":"P.Espargar\u00f3 remplacera Vi\u00f1ales en Hongrie"},"content":{"rendered":"<p>Red Bull KTM Tech3 a annonc\u00e9 que Pol Espargar\u00f3 remplacerait Maverick Vi\u00f1ales (Red Bull KTM Tech3) ce week-end. Maverick Vi\u00f1ales s&rsquo;est bless\u00e9 \u00e0 l&rsquo;\u00e9paule lors du Grand Prix d&rsquo;Allemagne et a repris la comp\u00e9tition en Autriche mais le Catalan a finalement d\u00fb abandonner le samedi en raison de la douleur. Il ne participera pas au Grand Prix Michelin\u00ae de Hongrie ce week-end.<\/p>\n<p>C&rsquo;est donc Pol Espargar\u00f3 qui va le suppl\u00e9er dans les rangs de Tech3. L&rsquo;Espagnol a d\u00e9j\u00e0 effectu\u00e9 des essais au Balaton Park, ce qui pourrait s&rsquo;av\u00e9rer un atout majeur car ce circuit n&rsquo;a jamais figur\u00e9 au calendrier MotoGP\u2122.<\/p>\n<p><strong>Pol Espargar\u00f3 :<\/strong> \u00ab C&rsquo;est difficile pour Maverick de manquer une autre course, mais on a vu en Autriche qu&rsquo;il avait besoin de plus de temps pour se r\u00e9tablir et qu&rsquo;il est important d&rsquo;\u00eatre \u00e0 100% quand on est en MotoGP\u2122. Je ne le sais que trop bien ! Comme je l&rsquo;ai dit en R\u00e9publique tch\u00e8que, il fait un travail formidable pour l&rsquo;usine et il m\u00e9rite de continuer \u00e0 profiter de la moto, comme les autres l&rsquo;ont fait. J&rsquo;esp\u00e8re qu&rsquo;il sera de retour le plus t\u00f4t possible. Pour l&rsquo;instant, on se concentre sur la Hongrie. Ce ne sera pas facile de passer du statut de pilote d&rsquo;essai \u00e0 celui de pilote MotoGP\u2122 compte tenu du niveau actuel de la cat\u00e9gorie et du rythme des autres. R\u00e9cemment, on a pris part \u00e0 quelques essais et on peut constater que le projet avance \u00e0 grands pas. Je suis heureux de pouvoir aider \u00e0 nouveau l&rsquo;\u00e9quipe et le constructeur en roulant ce week-end et, comme toujours, cela apportera une valeur ajout\u00e9e \u00e0 notre travail en coulisses et lors des courses. On va devoir changer notre mentalit\u00e9 et nous pr\u00e9parer pour ce nouveau d\u00e9fi au Balaton Park. \u00bb<\/p>\n<p>\u00a0<\/p>\n","protected":false},"excerpt":{"rendered":"Red Bull KTM Tech3 a annonc\u00e9 que Pol Espargar\u00f3 remplacerait Maverick Vi\u00f1ales (Red Bull KTM Tech3) ce week-end.&hellip;\n","protected":false},"author":2,"featured_media":331623,"comment_status":"","ping_status":"","sticky":false,"template":"","format":"standard","meta":{"footnotes":""},"categories":[1413],"tags":[1011,27,1457,1456,60,2032],"class_list":{"0":"post-331622","1":"post","2":"type-post","3":"status-publish","4":"format-standard","5":"has-post-thumbnail","7":"category-moto","8":"tag-fr","9":"tag-france","10":"tag-moto","11":"tag-motocycle","12":"tag-sports","13":"tag-text"},"share_on_mastodon":{"url":"https:\/\/pubeurope.com\/@fr\/115061246059600898","error":""},"_links":{"self":[{"href":"https:\/\/www.europesays.com\/fr\/wp-json\/wp\/v2\/posts\/331622","targetHints":{"allow":["GET"]}}],"collection":[{"href":"https:\/\/www.europesays.com\/fr\/wp-json\/wp\/v2\/posts"}],"about":[{"href":"https:\/\/www.europesays.com\/fr\/wp-json\/wp\/v2\/types\/post"}],"author":[{"embeddable":true,"href":"https:\/\/www.europesays.com\/fr\/wp-json\/wp\/v2\/users\/2"}],"replies":[{"embeddable":true,"href":"https:\/\/www.europesays.com\/fr\/wp-json\/wp\/v2\/comments?post=331622"}],"version-history":[{"count":0,"href":"https:\/\/www.europesays.com\/fr\/wp-json\/wp\/v2\/posts\/331622\/revisions"}],"wp:featuredmedia":[{"embeddable":true,"href":"https:\/\/www.europesays.com\/fr\/wp-json\/wp\/v2\/media\/331623"}],"wp:attachment":[{"href":"https:\/\/www.europesays.com\/fr\/wp-json\/wp\/v2\/media?parent=331622"}],"wp:term":[{"taxonomy":"category","embeddable":true,"href":"https:\/\/www.europesays.com\/fr\/wp-json\/wp\/v2\/categories?post=331622"},{"taxonomy":"post_tag","embeddable":true,"href":"https:\/\/www.europesays.com\/fr\/wp-json\/wp\/v2\/tags?post=331622"}],"curies":[{"name":"wp","href":"https:\/\/api.w.org\/{rel}","templated":true}]}}