{"id":331624,"date":"2025-08-20T13:07:10","date_gmt":"2025-08-20T13:07:10","guid":{"rendered":"https:\/\/www.europesays.com\/fr\/331624\/"},"modified":"2025-08-20T13:07:10","modified_gmt":"2025-08-20T13:07:10","slug":"le-message-de-paul-pogba-pour-mathias-et-florentin-trois-ans-apres-laffaire-dextorsion","status":"publish","type":"post","link":"https:\/\/www.europesays.com\/fr\/331624\/","title":{"rendered":"le message de Paul Pogba pour Mathias et Florentin, trois ans apr\u00e8s l\u2019affaire d\u2019extorsion"},"content":{"rendered":"<p>\u00c0 l\u2019occasion du 34e anniversaire de ses fr\u00e8res, le champion du monde 2018 s\u2019est affich\u00e9 en leur compagnie sur Instagram.<\/p>\n<p class=\"fig-paragraph\">En attendant son retour sur les terrains de football avec l\u2019AS Monaco,\u00a0<a href=\"http:\/\/www.lefigaro.fr\/sports\/football\/ligue-1\/je-suis-comme-un-gamin-pogba-ne-boude-pas-son-plaisir-meme-s-il-lui-reste-encore-des-etapes-avant-de-jouer-20250808\" target=\"_blank\" data-fig-type=\"NewsFlash\" rel=\"noopener\" data-gtm-custom-categorie=\"navigation\" data-gtm-custom-action=\"crossclick\" data-gtm-custom-label=\"Contextuel\" data-gtm-event=\"customEventSPE\" data-fig-domain=\"LEFIGARO\">Paul Pogba<\/a>\u00a0s\u2019est affich\u00e9, ce mardi, en compagnie de ses fr\u00e8res sur le r\u00e9seau social Instagram. \u00abLongue vie \u00e0 mes fr\u00e8res\u00bb, a \u00e9crit le champion du monde 2018 \u00e0 l\u2019occasion du 34e anniversaire des jumeaux Florentin et Mathias. Un message accompagn\u00e9 d\u2019une photo o\u00f9 l\u2019on y voit \u00abLa Pioche\u00bb v\u00eatue d\u2019un costume aux c\u00f4t\u00e9s de ses a\u00een\u00e9s. Le nouveau joueur de l\u2019ASM a \u00e9galement publi\u00e9 une story dans laquelle il appara\u00eet avec eux en appel vid\u00e9o.<\/p>\n<p class=\"fig-paragraph\">Rappelons qu\u2019en 2022, Paul Pogba avait \u00e9t\u00e9 victime d\u2019une tentative d\u2019\u00abextorsion en bande organis\u00e9e\u00bb d\u2019un montant de 13 millions d\u2019euros, impliquant notamment son fr\u00e8re Mathias. Ce dernier<a href=\"http:\/\/www.lefigaro.fr\/faits-divers\/sequestration-de-paul-pogba-mathias-le-frere-aine-dans-l-ombre-du-footballeur-marionnette-de-ses-racketteurs-20241127\" target=\"_blank\" data-fig-type=\"Article\" rel=\"noopener\" data-gtm-custom-categorie=\"navigation\" data-gtm-custom-action=\"crossclick\" data-gtm-custom-label=\"Contextuel\" data-gtm-event=\"customEventSPE\" data-fig-domain=\"LEFIGARO\">\u00a0avait \u00e9cop\u00e9, en 2024, de trois ans de prison dont deux avec sursis.\u00a0<\/a><\/p>\n<p>                                    <a class=\"fig-a11y-skip a11y-hidden\" href=\"#fig-a11y-skip-main-inarticle\"><br \/>\n        Passer la publicit\u00e9<br \/>\n    <\/a><\/p>\n<p>\u00abLe lien du sang, c\u2019est le lien du sang\u00bb<\/p>\n<p class=\"fig-paragraph\">\u00abOn a parl\u00e9 entre nous, avec la famille. Le lien du sang, c\u2019est le lien du sang. Il n\u2019y a que le temps qui nous donnera des r\u00e9ponses. On souhaite d\u2019\u00eatre toujours unis. C\u2019est dur, \u00e7a n\u2019est pas pareil qu\u2019avant\u00bb, d\u00e9clarait Paul Pogba en juin dernier dans l\u2019\u00e9mission \u00abSept \u00e0 Huit\u00bb sur TF1. Il y a une cicatrice bien s\u00fbr. Mais on avance. Il n\u2019y a que le temps qui pourra nous donner des r\u00e9ponses. C\u2019est vrai qu\u2019on est en contact et tout ce qu\u2019on souhaite, c\u2019est \u00eatre toujours unis dans la famille. C\u2019est le plus important. C\u2019est dur bien s\u00fbr, je ne vais pas mentir, j\u2019ai \u00e9t\u00e9 bless\u00e9, c\u2019est normal, je suis un \u00eatre humain. Ce n\u2019est pas pareil qu\u2019avant mais on est en contact.\u00bb<\/p>\n<p>    La story Instagram de Paul Pogba en appel vid\u00e9o avec ses fr\u00e8res<br \/>\n                Capture d\u2019\u00e9cran Instagram<\/p>\n","protected":false},"excerpt":{"rendered":"\u00c0 l\u2019occasion du 34e anniversaire de ses fr\u00e8res, le champion du monde 2018 s\u2019est affich\u00e9 en leur compagnie&hellip;\n","protected":false},"author":2,"featured_media":331625,"comment_status":"","ping_status":"","sticky":false,"template":"","format":"standard","meta":{"footnotes":""},"categories":[1412],"tags":[1451,1452,1453,1454,1455,1011,27,32134,60],"class_list":{"0":"post-331624","1":"post","2":"type-post","3":"status-publish","4":"format-standard","5":"has-post-thumbnail","7":"category-f1","8":"tag-f1","9":"tag-formula-1","10":"tag-formula1","11":"tag-formule-1","12":"tag-formule1","13":"tag-fr","14":"tag-france","15":"tag-paul-pogba","16":"tag-sports"},"share_on_mastodon":{"url":"https:\/\/pubeurope.com\/@fr\/115061250315026962","error":""},"_links":{"self":[{"href":"https:\/\/www.europesays.com\/fr\/wp-json\/wp\/v2\/posts\/331624","targetHints":{"allow":["GET"]}}],"collection":[{"href":"https:\/\/www.europesays.com\/fr\/wp-json\/wp\/v2\/posts"}],"about":[{"href":"https:\/\/www.europesays.com\/fr\/wp-json\/wp\/v2\/types\/post"}],"author":[{"embeddable":true,"href":"https:\/\/www.europesays.com\/fr\/wp-json\/wp\/v2\/users\/2"}],"replies":[{"embeddable":true,"href":"https:\/\/www.europesays.com\/fr\/wp-json\/wp\/v2\/comments?post=331624"}],"version-history":[{"count":0,"href":"https:\/\/www.europesays.com\/fr\/wp-json\/wp\/v2\/posts\/331624\/revisions"}],"wp:featuredmedia":[{"embeddable":true,"href":"https:\/\/www.europesays.com\/fr\/wp-json\/wp\/v2\/media\/331625"}],"wp:attachment":[{"href":"https:\/\/www.europesays.com\/fr\/wp-json\/wp\/v2\/media?parent=331624"}],"wp:term":[{"taxonomy":"category","embeddable":true,"href":"https:\/\/www.europesays.com\/fr\/wp-json\/wp\/v2\/categories?post=331624"},{"taxonomy":"post_tag","embeddable":true,"href":"https:\/\/www.europesays.com\/fr\/wp-json\/wp\/v2\/tags?post=331624"}],"curies":[{"name":"wp","href":"https:\/\/api.w.org\/{rel}","templated":true}]}}