{"id":331626,"date":"2025-08-20T13:08:14","date_gmt":"2025-08-20T13:08:14","guid":{"rendered":"https:\/\/www.europesays.com\/fr\/331626\/"},"modified":"2025-08-20T13:08:14","modified_gmt":"2025-08-20T13:08:14","slug":"parcours-engages-et-favoris-20e-edition","status":"publish","type":"post","link":"https:\/\/www.europesays.com\/fr\/331626\/","title":{"rendered":"Parcours, engag\u00e9s et favoris 20e \u00e9dition"},"content":{"rendered":"<p class=\"pQuHl TfvTg z3yvg logrL\" dir=\"auto\" id=\"viewer-foo\"><strong style=\"font-weight:700\">Pr\u00e9sentation d\u00e9taill\u00e9e du parcours, des engag\u00e9s et des favoris du Renewi Tour 2025, qui a lieu du 20 au 24 aout. Une course qui permet aux classicmans de se mettre en avant et de remporter une course \u00e0 \u00e9tape, ce qui est tr\u00e8s tr\u00e8s rare. Elle a le m\u00e9rite d&rsquo;exister.<\/strong><\/p>\n<p><img decoding=\"async\" src=\"https:\/\/www.europesays.com\/fr\/wp-content\/uploads\/2025\/08\/adfbb0_ee86e11a23bc4219b6ce35a5fe5c51c5~mv2.jpg\" alt=\"Renewi Tour 2025 \ud83c\udde7\ud83c\uddea : Parcours, engag\u00e9s et favoris 20e \u00e9dition\" style=\"width:100%;height:100%;object-fit:cover;object-position:50% 50%;max-width:100%\" data-pin-url=\"https:\/\/www.velofute.com\/post\/renewi-tour-2025-parcours-engag\u00e9s-et-favoris-20e-\u00e9dition\" data-pin-media=\"https:\/\/static.wixstatic.com\/media\/adfbb0_ee86e11a23bc4219b6ce35a5fe5c51c5~mv2.jpg\/v1\/fill\/w_1600,h_900,al_c,q_85\/adfbb0_ee86e11a23bc4219b6ce35a5fe5c51c5~mv2.jpg\" draggable=\"false\"\/><\/p>\n<p class=\"pQuHl TfvTg z3yvg logrL\" dir=\"auto\" id=\"viewer-hyp4p246\">L&rsquo;ancien Tour du Benelux, renomm\u00e9 Renewi Tour, va connaitre sa 20e \u00e9dition en 2024. La course a la particularit\u00e9 de se d\u00e9rouler dans la r\u00e9gion Benelux qui regroupe la Belgique, le Luxembourg et les Pays Bas, \u00e0 l&rsquo;image de d&rsquo;autres r\u00e9gions du monde comme la Laponie (Finlande &#8211; Norv\u00e8ge &#8211; Su\u00e8de).<\/p>\n<p><strong style=\"font-weight:700\">Histoire du Tour du Benelux &#8211; Eneco Tour <\/strong>\ud83c\udde7\ud83c\uddea<\/p>\n<p class=\"pQuHl TfvTg z3yvg logrL\" dir=\"auto\" id=\"viewer-viewer-7elfr\">Cr\u00e9\u00e9e en 2005, avec Bobby Julich comme premier vainqueur, en tant que Benelux Tour, l&rsquo;\u00e9preuve se d\u00e9roulait traditionnellement sur une semaine en sept \u00e9tapes. Cette ann\u00e9e, elle n&rsquo;en proposera que cinq apr\u00e8s une ann\u00e9e de pause. Sa cr\u00e9ation est li\u00e9e \u00e0 l&rsquo;av\u00e8nement du Pro Tour, en 2005, aujourd&rsquo;hui devenu World Tour, l&rsquo;id\u00e9e \u00e9tant d&rsquo;offrir une course pour les rouleurs et Flandriens. Elle d\u00e9bute g\u00e9n\u00e9ralement par un prologue suivi de quelques \u00e9tapes de plaine ou empruntant les massifs vallonn\u00e9s des Ardennes belges ou du Limbourg n\u00e9erlandais.<\/p>\n<p class=\"pQuHl TfvTg z3yvg logrL\" dir=\"auto\" id=\"viewer-viewer-ftjfq\">Souvent menac\u00e9 \u00e0 cause de soucis d&rsquo;infrastructure et d&rsquo;argent, l&rsquo;ex-Eneco Tour a souvent chang\u00e9 de sponsor titre et donc de nom dans sa courte histoire. Benelux Tour de 2005 \u00e0 2011, Eneco Tour de 2012 \u00e0 2016, BinkBankTour entre 2017 et 2021 puis Renewi Tour en 2023. A noter qu&rsquo;il n&rsquo;y a pas eu de course en 2022 en raison de probl\u00e8mes logistiques.<\/p>\n<p class=\"pQuHl TfvTg z3yvg logrL\" dir=\"auto\" id=\"viewer-viewer-22hun\">Dans ses d\u00e9buts, le Benelux Tour a souvent couronn\u00e9 des rouleurs comme Jos\u00e9 Ivan Gutierrez ou Edvald Boasson Hagen. Depuis quelques ann\u00e9es, ce sont surtout des puncheurs flandriens qui l&#8217;emportent, \u00e0 l&rsquo;image de <a target=\"_blank\" href=\"https:\/\/www.velofute.com\/post\/top-10-baroudeurs-tim-wellens-l-incontrolable\" rel=\"noopener nofollow\" class=\"OHs8- IyRpB\" data-hook=\"web-link\">Wellens<\/a>, Mohoric ou Van der Poel. Le tenant du titre est Tim Wellens<\/p>\n<p class=\"pQuHl TfvTg z3yvg logrL\" dir=\"auto\" id=\"viewer-viewer-758gv\"><strong style=\"font-weight:700\">Record de victoires<\/strong>\u00a0: Tim Wellens x4<\/p>\n<p><strong style=\"font-weight:700\">Le parcours et le profil des \u00e9tapes du Renewi Tour 2025 :<\/strong><\/p>\n<p class=\"pQuHl TfvTg z3yvg logrL\" dir=\"auto\" id=\"viewer-12bvl1552\">Pas de contre-la-montre en 2025, ce qui ravira certains classicmen et sprinteurs, pas forc\u00e9ment adeptes de l\u2019effort solitaire. Le programme comptera cinq \u00e9tapes, comme en 2024 : une de plus qu\u2019en 2023, mais toujours deux de moins que lorsque l\u2019\u00e9preuve se nommait Eneco Tour et proposait sept jours de course.<\/p>\n<p class=\"pQuHl TfvTg z3yvg logrL\" dir=\"auto\" id=\"viewer-ka5rr29090\">La course offrira deux belles opportunit\u00e9s aux sprinteurs, comme Kooij et Merlier, ainsi que trois aux Flandriens en fin de semaine, dont l\u2019\u00e9tape reine, programm\u00e9e le vendredi pour la 3\u1d49 \u00e9tape. La cinqui\u00e8me et derni\u00e8re \u00e9tape sera elle aussi particuli\u00e8rement int\u00e9ressante \u00e0 suivre, avec un parcours tr\u00e8s vallonn\u00e9.<\/p>\n<p class=\"pQuHl TfvTg z3yvg logrL\" dir=\"auto\" id=\"viewer-2aycd28854\"><strong style=\"font-weight:700\">Mercredi 20 ao\u00fbt 2025 \u2013 Etape 1 \u2013 Terneuzen &gt; Breskens (182.7 km)<\/strong><\/p>\n<p><img decoding=\"async\" src=\"https:\/\/www.europesays.com\/fr\/wp-content\/uploads\/2025\/08\/adfbb0_4ee488e78e7e421db233ebbbff9643ca~mv2.png\" alt=\"Mercredi 20 ao\u00fbt 2025 \u2013 Etape 1 \u2013 Terneuzen &gt; Breskens (182.7 km)\" style=\"width:100%;height:100%;object-fit:cover;object-position:50% 50%;max-width:100%\" data-pin-url=\"https:\/\/www.velofute.com\/post\/renewi-tour-2025-parcours-engag\u00e9s-et-favoris-20e-\u00e9dition\" data-pin-media=\"https:\/\/static.wixstatic.com\/media\/adfbb0_4ee488e78e7e421db233ebbbff9643ca~mv2.png\/v1\/fill\/w_1200,h_529,al_c,q_90\/adfbb0_4ee488e78e7e421db233ebbbff9643ca~mv2.png\" draggable=\"false\"\/><\/p>\n<p class=\"pQuHl TfvTg z3yvg logrL\" dir=\"auto\" id=\"viewer-5c9gz29173\"><strong style=\"font-weight:700\">Jeudi 21 ao\u00fbt 2025 \u2013 Etape 2 \u2013 Blankenberge &gt; Ardooie (169.4 km)<\/strong><\/p>\n<p><img decoding=\"async\" src=\"https:\/\/www.europesays.com\/fr\/wp-content\/uploads\/2025\/08\/adfbb0_4386b8674f6d482fa0b88c1b0f3500e0~mv2.png\" alt=\"Jeudi 21 ao\u00fbt 2025 \u2013 Etape 2 \u2013 Blankenberge &gt; Ardooie (169.4 km)\" style=\"width:100%;height:100%;object-fit:cover;object-position:50% 50%;max-width:100%\" data-pin-url=\"https:\/\/www.velofute.com\/post\/renewi-tour-2025-parcours-engag\u00e9s-et-favoris-20e-\u00e9dition\" data-pin-media=\"https:\/\/static.wixstatic.com\/media\/adfbb0_4386b8674f6d482fa0b88c1b0f3500e0~mv2.png\/v1\/fill\/w_1200,h_501,al_c,q_90\/adfbb0_4386b8674f6d482fa0b88c1b0f3500e0~mv2.png\" draggable=\"false\"\/><\/p>\n<p class=\"pQuHl TfvTg z3yvg logrL\" dir=\"auto\" id=\"viewer-wgmgw29689\"><strong style=\"font-weight:700\">Vendredi 22 ao\u00fbt 2025 \u2013 Etape 3 \u2013 Aalter &gt; Geraardsbergen (178.2 km)<\/strong><\/p>\n<p><img decoding=\"async\" src=\"https:\/\/www.europesays.com\/fr\/wp-content\/uploads\/2025\/08\/adfbb0_a77ea97e56124bc786aef8a0fae6b42e~mv2.png\" alt=\"Vendredi 22 ao\u00fbt 2025 \u2013 Etape 3 \u2013 Aalter &gt; Geraardsbergen (178.2 km)\" style=\"width:100%;height:100%;object-fit:cover;object-position:50% 50%;max-width:100%\" data-pin-url=\"https:\/\/www.velofute.com\/post\/renewi-tour-2025-parcours-engag\u00e9s-et-favoris-20e-\u00e9dition\" data-pin-media=\"https:\/\/static.wixstatic.com\/media\/adfbb0_a77ea97e56124bc786aef8a0fae6b42e~mv2.png\/v1\/fill\/w_1200,h_579,al_c,q_90\/adfbb0_a77ea97e56124bc786aef8a0fae6b42e~mv2.png\" draggable=\"false\"\/><\/p>\n<p class=\"pQuHl TfvTg z3yvg logrL\" dir=\"auto\" id=\"viewer-yq1m129983\"><strong style=\"font-weight:700\">Samedi 23 ao\u00fbt 2025 \u2013 Etape 4 \u2013 Riemst &gt; Bilzen (196 km)<\/strong><\/p>\n<p><img decoding=\"async\" src=\"https:\/\/www.europesays.com\/fr\/wp-content\/uploads\/2025\/08\/adfbb0_217a70654a3949689870bd244c1ee99a~mv2.png\" alt=\"Samedi 23 ao\u00fbt 2025 \u2013 Etape 4 \u2013 Riemst &gt; Bilzen (196 km)\" style=\"width:100%;height:100%;object-fit:cover;object-position:50% 50%;max-width:100%\" data-pin-url=\"https:\/\/www.velofute.com\/post\/renewi-tour-2025-parcours-engag\u00e9s-et-favoris-20e-\u00e9dition\" data-pin-media=\"https:\/\/static.wixstatic.com\/media\/adfbb0_217a70654a3949689870bd244c1ee99a~mv2.png\/v1\/fill\/w_1200,h_523,al_c,q_90\/adfbb0_217a70654a3949689870bd244c1ee99a~mv2.png\" draggable=\"false\"\/><\/p>\n<p class=\"pQuHl TfvTg z3yvg logrL\" dir=\"auto\" id=\"viewer-5exf830242\"><strong style=\"font-weight:700\">Dimanche 24 ao\u00fbt 2025 \u2013 Etape 5 \u2013 Leuven &gt; Leuven (185 km)<\/strong><\/p>\n<p><img decoding=\"async\" src=\"https:\/\/www.europesays.com\/fr\/wp-content\/uploads\/2025\/08\/adfbb0_8158a590d87c4c41a32a7c357e266e90~mv2.png\" alt=\"Dimanche 24 ao\u00fbt 2025 \u2013 Etape 5 \u2013 Leuven &gt; Leuven (185 km)\" style=\"width:100%;height:100%;object-fit:cover;object-position:50% 50%;max-width:100%\" data-pin-url=\"https:\/\/www.velofute.com\/post\/renewi-tour-2025-parcours-engag\u00e9s-et-favoris-20e-\u00e9dition\" data-pin-media=\"https:\/\/static.wixstatic.com\/media\/adfbb0_8158a590d87c4c41a32a7c357e266e90~mv2.png\/v1\/fill\/w_1200,h_601,al_c,q_90\/adfbb0_8158a590d87c4c41a32a7c357e266e90~mv2.png\" draggable=\"false\"\/><\/p>\n<p><strong style=\"font-weight:700\">Les favoris du Renewi Tour 2025 :<\/strong><\/p>\n<p class=\"pQuHl TfvTg z3yvg logrL\" dir=\"auto\" id=\"viewer-oj4n015011\">Qui dit course pour Flandriens dit forc\u00e9ment <strong style=\"font-weight:700\">Mathieu Van der Poel<\/strong>, grand favori de ce Renewi Tour 2025, peut-\u00eatre l\u2019une des derni\u00e8res courses de sa saison. On l\u2019attend \u00e9videmment sur la 3\u1d49 \u00e9tape, la seule avec des pav\u00e9s, ainsi que sur la derni\u00e8re, tr\u00e8s vallonn\u00e9e, o\u00f9 il pourrait faire des diff\u00e9rences de loin.<\/p>\n<p class=\"pQuHl TfvTg z3yvg logrL\" dir=\"auto\" id=\"viewer-h091s23650\"><strong style=\"font-weight:700\">Tim Wellens<\/strong>, quadruple vainqueur de l\u2019\u00e9preuve, sera \u00e9videmment l\u2019un des autres candidats \u00e0 la victoire et au podium. Il sera accompagn\u00e9 d\u2019<strong style=\"font-weight:700\">Antonio Morgado<\/strong> pour tenter de pi\u00e9ger le N\u00e9erlandais.<\/p>\n<p class=\"pQuHl TfvTg z3yvg logrL\" dir=\"auto\" id=\"viewer-6z4fh23882\">On suivra avec attention le retour au premier plan d\u2019<strong style=\"font-weight:700\">Arnaud De Lie<\/strong>, qui avait bien termin\u00e9 le Tour de France et semblait retrouver de bonnes jambes. Rapide au sprint, il peut esp\u00e9rer cumuler des secondes de bonifications, \u00e0 condition de suivre les attaques.<\/p>\n<p class=\"pQuHl TfvTg z3yvg logrL\" dir=\"auto\" id=\"viewer-wqrft23654\">La Lidl-Trek, elle, s\u2019avance avec de nombreux outsiders comme <strong style=\"font-weight:700\">Mattias Vacek, Jasper Stuyven <\/strong>ou <strong style=\"font-weight:700\">Thibau Nys<\/strong>. On esp\u00e8re qu\u2019elle animera les diff\u00e9rentes \u00e9tapes pour compliquer la vie de Van der Poel. Le nombre peut parfois faire la diff\u00e9rence, et un coureur comme Stuyven sait parfaitement en tirer parti.<\/p>\n<p class=\"pQuHl TfvTg z3yvg logrL\" dir=\"auto\" id=\"viewer-zf8lo15036\">\u2b50\u2b50\u2b50\u2b50 Mathieu Van der Poel<\/p>\n<p class=\"pQuHl TfvTg z3yvg logrL\" dir=\"auto\" id=\"viewer-nwjtz15163\">\u2b50\u2b50\u2b50 Arnaud De Lie &#8211; Tim Wellens<\/p>\n<p class=\"pQuHl TfvTg z3yvg logrL\" dir=\"auto\" id=\"viewer-rhaso15269\">\u2b50\u2b50 Alberto Bettiol &#8211; Mattias Vacek &#8211; Antonio Morgado &#8211; Paul Magnier<\/p>\n<p class=\"pQuHl TfvTg z3yvg logrL\" dir=\"auto\" id=\"viewer-38h1y50797\">\u2b50 Ben Turner &#8211; Matej Mohoric &#8211; Jasper Stuyven  &#8211; Thibau Nys &#8211; Biniam Girmay &#8211; Tibor del Grosso &#8211; Axel Laurance &#8211; Florian Vermeersch &#8211; Olav Kooij<\/p>\n<p><strong style=\"font-weight:700\">La startlist et les principaux engag\u00e9s du Renewi Tour 2025 :<\/strong><\/p>\n<p class=\"pQuHl TfvTg z3yvg logrL\" dir=\"auto\" id=\"viewer-ikgs060324\">Mathieu Van der Poel, Olav Kooij ou Tim Merlier sont les principaux engag\u00e9s de ce Renewi Tour 2025. Ci-dessous la liste compl\u00e8te des participants.<\/p>\n","protected":false},"excerpt":{"rendered":"Pr\u00e9sentation d\u00e9taill\u00e9e du parcours, des engag\u00e9s et des favoris du Renewi Tour 2025, qui a lieu du 20&hellip;\n","protected":false},"author":2,"featured_media":331627,"comment_status":"","ping_status":"","sticky":false,"template":"","format":"standard","meta":{"footnotes":""},"categories":[1411],"tags":[1154,207,1011,27,60],"class_list":{"0":"post-331626","1":"post","2":"type-post","3":"status-publish","4":"format-standard","5":"has-post-thumbnail","7":"category-cyclisme","8":"tag-cycling","9":"tag-cyclisme","10":"tag-fr","11":"tag-france","12":"tag-sports"},"share_on_mastodon":{"url":"https:\/\/pubeurope.com\/@fr\/115061254464423701","error":""},"_links":{"self":[{"href":"https:\/\/www.europesays.com\/fr\/wp-json\/wp\/v2\/posts\/331626","targetHints":{"allow":["GET"]}}],"collection":[{"href":"https:\/\/www.europesays.com\/fr\/wp-json\/wp\/v2\/posts"}],"about":[{"href":"https:\/\/www.europesays.com\/fr\/wp-json\/wp\/v2\/types\/post"}],"author":[{"embeddable":true,"href":"https:\/\/www.europesays.com\/fr\/wp-json\/wp\/v2\/users\/2"}],"replies":[{"embeddable":true,"href":"https:\/\/www.europesays.com\/fr\/wp-json\/wp\/v2\/comments?post=331626"}],"version-history":[{"count":0,"href":"https:\/\/www.europesays.com\/fr\/wp-json\/wp\/v2\/posts\/331626\/revisions"}],"wp:featuredmedia":[{"embeddable":true,"href":"https:\/\/www.europesays.com\/fr\/wp-json\/wp\/v2\/media\/331627"}],"wp:attachment":[{"href":"https:\/\/www.europesays.com\/fr\/wp-json\/wp\/v2\/media?parent=331626"}],"wp:term":[{"taxonomy":"category","embeddable":true,"href":"https:\/\/www.europesays.com\/fr\/wp-json\/wp\/v2\/categories?post=331626"},{"taxonomy":"post_tag","embeddable":true,"href":"https:\/\/www.europesays.com\/fr\/wp-json\/wp\/v2\/tags?post=331626"}],"curies":[{"name":"wp","href":"https:\/\/api.w.org\/{rel}","templated":true}]}}