{"id":331628,"date":"2025-08-20T13:09:10","date_gmt":"2025-08-20T13:09:10","guid":{"rendered":"https:\/\/www.europesays.com\/fr\/331628\/"},"modified":"2025-08-20T13:09:10","modified_gmt":"2025-08-20T13:09:10","slug":"quel-onze-pour-affronter-le-paris-fc","status":"publish","type":"post","link":"https:\/\/www.europesays.com\/fr\/331628\/","title":{"rendered":"quel onze pour affronter le Paris FC ?"},"content":{"rendered":"<p>L\u2019Olympique de Marseille est d\u00e9j\u00e0 sous pression. Battu \u00e0 Rennes vendredi dernier (0-1), le club phoc\u00e9en est dans l\u2019obligation de r\u00e9agir devant son public face au Paris FC samedi prochain. Un besoin de victoire devenu encore plus vital depuis l\u2019affaire Adrien Rabiot. \u00c9cart\u00e9 de l\u2019\u00e9quipe premi\u00e8re et <a href=\"https:\/\/www.footmercato.net\/a610003423023047835-le-communique-cinglant-de-lom-sur-adrien-rabiot-et-jonathan-rowe\" rel=\"nofollow noopener\" target=\"_blank\">plac\u00e9 officiellement sur la liste des transferts<\/a>, le milieu de terrain de 30 ans a plong\u00e9 l\u2019OM dans le chaos. Roberto De Zerbi pr\u00e9pare ce match face au PFC dans une ambiance tr\u00e8s tendue, il est donc inutile de dire que si, en plus de \u00e7a, ses hommes encha\u00eenent un deuxi\u00e8me mauvais r\u00e9sultat de suite au V\u00e9lodrome, le climat sera plus qu\u2019orageux sur la Canebi\u00e8re. Reste maintenant \u00e0 savoir avec quel onze de d\u00e9part RDZ va tenter de redresser la barre samedi prochain. <\/p>\n<p>            La suite apr\u00e8s cette publicit\u00e9<\/p>\n<p>Dans les buts, la question ne se pose pas. Furieux apr\u00e8s la d\u00e9faite en terres bretonnes, Geronimo Rulli reste le gardien titulaire. En d\u00e9fense, le doute persiste. \u00c0 Rennes, De Zerbi avait align\u00e9 un quatuor Murillo-Balerdi-Kondogbia-Egan-Riley, avant de revoir ses plans \u00e0 la mi-temps. Timothy Weah rempla\u00e7ait Kondogbia pour \u00eatre positionn\u00e9 lat\u00e9ral droit. Murillo retrouvait son c\u00f4t\u00e9 et Egan-Riley \u00e9tait recentr\u00e9, aux c\u00f4t\u00e9s de Balerdi. Soit une configuration plus classique et attendue. Suspendu pour ce match, Facundo Medina est toutefois annonc\u00e9 pr\u00e9sent, pour \u00e9pauler Balerdi. <\/p>\n<p>            La suite apr\u00e8s cette publicit\u00e9<\/p>\n<p>        Rowe et Rabiot forcent De Zerbi \u00e0 revoir ses plans<\/p>\n<p>Seul hic, <a href=\"https:\/\/www.footmercato.net\/a8003181420876051675-om-facundo-medina-est-touche-a-la-cheville\" rel=\"nofollow noopener\" target=\"_blank\">le d\u00e9fenseur argentin a quitt\u00e9 l\u2019entra\u00eenement de ce mardi touch\u00e9 \u00e0 la cheville<\/a>. Pour le moment, sa pr\u00e9sence n\u2019est pas remise en cause, mais il faudra surveiller l\u2019\u00e9volution de sa blessure. Dans l\u2019entrejeu, De Zerbi pourrait repartir avec le duo Angel Gomes-Pierre-Emile Hojbjerg. Les deux hommes n\u2019ont pas \u00e9t\u00e9 \u00e9tincelants face aux Rouge et Noir, mais ils semblent conserver une longueur d\u2019avance sur certains rempla\u00e7ants tels que Bilal Nadir ou Geoffrey Kondogbia. Un cran plus haut, RDZ choisira-t-il de repartir avec une ligne de trois au soutien d\u2019Amine Gouiri ? Si c\u2019est le cas, il y aura forc\u00e9ment des changements.<\/p>\n<p>Mason Greenwood reste incontournable, mais Adrien Rabiot et Jonathan Rowe, fraichement plac\u00e9s sur la liste des transferts, ne seront pas de la partie. Revenu \u00e0 <a href=\"https:\/\/www.footmercato.net\/club\/om\/\" rel=\"nofollow noopener\" target=\"_blank\">Marseille<\/a> cet \u00e9t\u00e9, Pierre-Emerick Aubameyang est le candidat id\u00e9al pour remplacer Rowe sur le flanc gauche. C\u2019est d\u2019ailleurs le choix op\u00e9r\u00e9 par De Zerbi \u00e0 l\u2019heure de jeu contre Rennes. Un choix logique, d\u2019autant qu\u2019Igor Paix\u00e3o est encore indisponible. En revanche, qui pour remplacer Rabiot, qui avait \u00e9t\u00e9 align\u00e9 au c\u0153ur du jeu, dans une position de num\u00e9ro 10 ? L\u00e0 encore, RDZ pourrait \u00eatre oblig\u00e9 de revoir son sch\u00e9ma tactique, car les profils pouvant d\u00e9panner (Amine Harit, Azzedine Ounahi) sont tous des ind\u00e9sirables sur le d\u00e9part. <a href=\"https:\/\/www.footmercato.net\/a5081556190352464041-om-al-diraiyah-fonce-sur-amine-harit\" rel=\"nofollow noopener\" target=\"_blank\">Al-Diraiyah fonce sur Harit<\/a>, tandis que le <a href=\"https:\/\/www.footmercato.net\/a6893171777605970748-le-panathinaikos-na-pas-lache-azzedine-ounahi\" rel=\"nofollow noopener\" target=\"_blank\">Panathina\u00efkos pense toujours \u00e0 reprendre Ounahi<\/a>. Affaire \u00e0 suivre.<\/p>\n<p>\n    Pub. le 20\/08\/2025 13:31<br \/>\n            &#8211; MAJ le 20\/08\/2025 15:07\n    <\/p>\n","protected":false},"excerpt":{"rendered":"L\u2019Olympique de Marseille est d\u00e9j\u00e0 sous pression. Battu \u00e0 Rennes vendredi dernier (0-1), le club phoc\u00e9en est dans&hellip;\n","protected":false},"author":2,"featured_media":58972,"comment_status":"","ping_status":"","sticky":false,"template":"","format":"standard","meta":{"footnotes":""},"categories":[1410],"tags":[63,1011,27,60],"class_list":{"0":"post-331628","1":"post","2":"type-post","3":"status-publish","4":"format-standard","5":"has-post-thumbnail","7":"category-football","8":"tag-football","9":"tag-fr","10":"tag-france","11":"tag-sports"},"share_on_mastodon":{"url":"https:\/\/pubeurope.com\/@fr\/115061257897706472","error":""},"_links":{"self":[{"href":"https:\/\/www.europesays.com\/fr\/wp-json\/wp\/v2\/posts\/331628","targetHints":{"allow":["GET"]}}],"collection":[{"href":"https:\/\/www.europesays.com\/fr\/wp-json\/wp\/v2\/posts"}],"about":[{"href":"https:\/\/www.europesays.com\/fr\/wp-json\/wp\/v2\/types\/post"}],"author":[{"embeddable":true,"href":"https:\/\/www.europesays.com\/fr\/wp-json\/wp\/v2\/users\/2"}],"replies":[{"embeddable":true,"href":"https:\/\/www.europesays.com\/fr\/wp-json\/wp\/v2\/comments?post=331628"}],"version-history":[{"count":0,"href":"https:\/\/www.europesays.com\/fr\/wp-json\/wp\/v2\/posts\/331628\/revisions"}],"wp:featuredmedia":[{"embeddable":true,"href":"https:\/\/www.europesays.com\/fr\/wp-json\/wp\/v2\/media\/58972"}],"wp:attachment":[{"href":"https:\/\/www.europesays.com\/fr\/wp-json\/wp\/v2\/media?parent=331628"}],"wp:term":[{"taxonomy":"category","embeddable":true,"href":"https:\/\/www.europesays.com\/fr\/wp-json\/wp\/v2\/categories?post=331628"},{"taxonomy":"post_tag","embeddable":true,"href":"https:\/\/www.europesays.com\/fr\/wp-json\/wp\/v2\/tags?post=331628"}],"curies":[{"name":"wp","href":"https:\/\/api.w.org\/{rel}","templated":true}]}}