{"id":331629,"date":"2025-08-20T13:10:10","date_gmt":"2025-08-20T13:10:10","guid":{"rendered":"https:\/\/www.europesays.com\/fr\/331629\/"},"modified":"2025-08-20T13:10:10","modified_gmt":"2025-08-20T13:10:10","slug":"larrivee-remarquee-dheidi-klum-sur-le-tournage-du-film-le-diable-shabille-en-prada-2","status":"publish","type":"post","link":"https:\/\/www.europesays.com\/fr\/331629\/","title":{"rendered":"L\u2019arriv\u00e9e remarqu\u00e9e d\u2019Heidi Klum sur le tournage du film \u00ab\u00a0Le Diable s\u2019habille en Prada 2\u00a0\u00bb"},"content":{"rendered":"<p>Les jours de tournage s\u2019encha\u00eenent et les nouveaut\u00e9s au casting ne s\u2019arr\u00eatent pas. Apr\u00e8s Simone Ashley, Lucy Liu, Justin Theroux, Pauline Chalamet <a href=\"https:\/\/www.parismatch.com\/People\/sydney-sweeney-au-casting-du-diable-shabille-en-prada-2-les-images-qui-sement-le-doute-255385\" target=\"_blank\" rel=\"nofollow noopener\">ou encore Sydney Sweeney<\/a>, une nouvelle c\u00e9l\u00e9brit\u00e9 pourrait bien avoir rejoint <a href=\"https:\/\/www.parismatch.com\/People\/le-diable-shabille-en-prada-2-tout-le-casting-en-images-avec-meryl-streep-anne-hathaway-emily-blunt-254950\" target=\"_blank\" rel=\"nofollow noopener\">l\u2019affiche du film \u00ab\u00a0Le Diable s\u2019habille en Prada 2\u00a0\u00bb<\/a>\u2026 En cours de production depuis le 30\u00a0juin dernier, il ne se passe pas un jour sans que des images de la r\u00e9alisation ne soient diffus\u00e9es dans les m\u00e9dias et sur les r\u00e9seaux sociaux, faisant enfler d\u2019autant plus la h\u00e2te de sa sortie, pr\u00e9vue le\u00a029\u00a0avril 2026 en France.<\/p>\n<p>Sur le pav\u00e9 de Brooklyn, ce lundi 18\u00a0ao\u00fbt, <a href=\"https:\/\/www.parismatch.com\/bio\/heidi-klum\" target=\"_blank\" rel=\"nofollow noopener\">Heidi Klum<\/a> est apparue \u00e0 proximit\u00e9 du plateau de tournage, cr\u00e9ant la surprise g\u00e9n\u00e9rale parmi les fans. Jusqu\u2019ici, sa participation au film demeurait secr\u00e8te. D\u2019abord v\u00eatue d\u2019un costume noir sobre et \u00e9l\u00e9gant, elle a ensuite \u00e9t\u00e9 rep\u00e9r\u00e9e la m\u00eame journ\u00e9e dans une longue robe violette, id\u00e9ale pour tourner une sc\u00e8ne de gala\u2026 \u00c0 l\u2019heure actuelle, ni Heidi ni le r\u00e9alisateur David Frankel n\u2019ont communiqu\u00e9 \u00e0 ce sujet, laissant l\u2019attente et le suspens s\u2019installer.<\/p>\n<p>    La suite apr\u00e8s cette publicit\u00e9<\/p>\n<p>Un cam\u00e9o pour Amelia Gray Hamlin et Amelia Dimoldenberg\u00a0?<\/p>\n<p>Pas tout \u00e0 fait aussi r\u00e9put\u00e9e que leur a\u00een\u00e9e Heidi Klum, le jeune mannequin Amelia Gray Hamlin a \u00e9t\u00e9 vue le m\u00eame jour sur les lieux du tournage en compagnie de la com\u00e9dienne Amelia Dimoldenberg, connue pour son \u00e9mission humoristique\u00a0Chicken Shop Date o\u00f9 elle re\u00e7oit des c\u00e9l\u00e9brit\u00e9s pour une interview d\u00e9cal\u00e9e.<\/p>\n","protected":false},"excerpt":{"rendered":"Les jours de tournage s\u2019encha\u00eenent et les nouveaut\u00e9s au casting ne s\u2019arr\u00eatent pas. Apr\u00e8s Simone Ashley, Lucy Liu,&hellip;\n","protected":false},"author":2,"featured_media":331630,"comment_status":"","ping_status":"","sticky":false,"template":"","format":"standard","meta":{"footnotes":""},"categories":[1359],"tags":[58,59,1011,27,973],"class_list":{"0":"post-331629","1":"post","2":"type-post","3":"status-publish","4":"format-standard","5":"has-post-thumbnail","7":"category-people","8":"tag-divertissement","9":"tag-entertainment","10":"tag-fr","11":"tag-france","12":"tag-people"},"share_on_mastodon":{"url":"https:\/\/pubeurope.com\/@fr\/115061261815956623","error":""},"_links":{"self":[{"href":"https:\/\/www.europesays.com\/fr\/wp-json\/wp\/v2\/posts\/331629","targetHints":{"allow":["GET"]}}],"collection":[{"href":"https:\/\/www.europesays.com\/fr\/wp-json\/wp\/v2\/posts"}],"about":[{"href":"https:\/\/www.europesays.com\/fr\/wp-json\/wp\/v2\/types\/post"}],"author":[{"embeddable":true,"href":"https:\/\/www.europesays.com\/fr\/wp-json\/wp\/v2\/users\/2"}],"replies":[{"embeddable":true,"href":"https:\/\/www.europesays.com\/fr\/wp-json\/wp\/v2\/comments?post=331629"}],"version-history":[{"count":0,"href":"https:\/\/www.europesays.com\/fr\/wp-json\/wp\/v2\/posts\/331629\/revisions"}],"wp:featuredmedia":[{"embeddable":true,"href":"https:\/\/www.europesays.com\/fr\/wp-json\/wp\/v2\/media\/331630"}],"wp:attachment":[{"href":"https:\/\/www.europesays.com\/fr\/wp-json\/wp\/v2\/media?parent=331629"}],"wp:term":[{"taxonomy":"category","embeddable":true,"href":"https:\/\/www.europesays.com\/fr\/wp-json\/wp\/v2\/categories?post=331629"},{"taxonomy":"post_tag","embeddable":true,"href":"https:\/\/www.europesays.com\/fr\/wp-json\/wp\/v2\/tags?post=331629"}],"curies":[{"name":"wp","href":"https:\/\/api.w.org\/{rel}","templated":true}]}}