{"id":331631,"date":"2025-08-20T13:12:13","date_gmt":"2025-08-20T13:12:13","guid":{"rendered":"https:\/\/www.europesays.com\/fr\/331631\/"},"modified":"2025-08-20T13:12:13","modified_gmt":"2025-08-20T13:12:13","slug":"livres-litterature-et-bourses-detudes-decouvrez-leducation-au-qatar","status":"publish","type":"post","link":"https:\/\/www.europesays.com\/fr\/331631\/","title":{"rendered":"Livres, litt\u00e9rature et bourses d\u2019\u00e9tudes : D\u00e9couvrez l&rsquo;\u00e9ducation au Qatar"},"content":{"rendered":"<p>\n  Par&amp;nbsp<b>Euronews<\/b>\n<\/p>\n<p>\n         Publi\u00e9 le<br \/>\n            20\/08\/2025 &#8211; 15:00 UTC+2\n            <\/p>\n<p>          <img decoding=\"async\" class=\"c-ad__placeholder__logo\" src=\"https:\/\/static.euronews.com\/website\/images\/logos\/logo-euronews-stacked-outlined-72x72-grey-9.svg\" width=\"72\" height=\"72\" alt=\"\" loading=\"lazy\"\/><br \/>\n          PUBLICIT\u00c9<\/p>\n<p>Qatar 365 visite le Salon international du livre de Doha.\u00a0 Laila Humairah a d\u00e9couvert comment l&rsquo;IA joue un r\u00f4le essentiel dans la vision de la Biblioth\u00e8que nationale du Qatar d&rsquo;une \u00ab biblioth\u00e8que du futur \u00bb.\u00a0 Aadel Haleem rencontre des \u00e9diteurs et des auteurs syriens, palestiniens et fran\u00e7ais, qui expliquent que cet \u00e9v\u00e9nement est une plateforme id\u00e9ale pour les \u00e9changes culturels. Puis, Laila explore la mani\u00e8re dont le Qatar soutient l&rsquo;\u00e9ducation des jeunes talents \u00e0 travers le monde.<\/p>\n","protected":false},"excerpt":{"rendered":"Par&amp;nbspEuronews Publi\u00e9 le 20\/08\/2025 &#8211; 15:00 UTC+2 PUBLICIT\u00c9 Qatar 365 visite le Salon international du livre de Doha.\u00a0&hellip;\n","protected":false},"author":2,"featured_media":331632,"comment_status":"","ping_status":"","sticky":false,"template":"","format":"standard","meta":{"footnotes":""},"categories":[1357],"tags":[1379,251,58,1057,59,1011,27,223,1351,1380,1463,6290],"class_list":{"0":"post-331631","1":"post","2":"type-post","3":"status-publish","4":"format-standard","5":"has-post-thumbnail","7":"category-livres","8":"tag-books","9":"tag-culture","10":"tag-divertissement","11":"tag-education","12":"tag-entertainment","13":"tag-fr","14":"tag-france","15":"tag-intelligence-artificielle","16":"tag-litterature","17":"tag-livres","18":"tag-qatar","19":"tag-salon"},"share_on_mastodon":{"url":"https:\/\/pubeurope.com\/@fr\/115061270133177581","error":""},"_links":{"self":[{"href":"https:\/\/www.europesays.com\/fr\/wp-json\/wp\/v2\/posts\/331631","targetHints":{"allow":["GET"]}}],"collection":[{"href":"https:\/\/www.europesays.com\/fr\/wp-json\/wp\/v2\/posts"}],"about":[{"href":"https:\/\/www.europesays.com\/fr\/wp-json\/wp\/v2\/types\/post"}],"author":[{"embeddable":true,"href":"https:\/\/www.europesays.com\/fr\/wp-json\/wp\/v2\/users\/2"}],"replies":[{"embeddable":true,"href":"https:\/\/www.europesays.com\/fr\/wp-json\/wp\/v2\/comments?post=331631"}],"version-history":[{"count":0,"href":"https:\/\/www.europesays.com\/fr\/wp-json\/wp\/v2\/posts\/331631\/revisions"}],"wp:featuredmedia":[{"embeddable":true,"href":"https:\/\/www.europesays.com\/fr\/wp-json\/wp\/v2\/media\/331632"}],"wp:attachment":[{"href":"https:\/\/www.europesays.com\/fr\/wp-json\/wp\/v2\/media?parent=331631"}],"wp:term":[{"taxonomy":"category","embeddable":true,"href":"https:\/\/www.europesays.com\/fr\/wp-json\/wp\/v2\/categories?post=331631"},{"taxonomy":"post_tag","embeddable":true,"href":"https:\/\/www.europesays.com\/fr\/wp-json\/wp\/v2\/tags?post=331631"}],"curies":[{"name":"wp","href":"https:\/\/api.w.org\/{rel}","templated":true}]}}