{"id":331635,"date":"2025-08-20T13:14:15","date_gmt":"2025-08-20T13:14:15","guid":{"rendered":"https:\/\/www.europesays.com\/fr\/331635\/"},"modified":"2025-08-20T13:14:15","modified_gmt":"2025-08-20T13:14:15","slug":"si-madonna-etait-tombee-dans-lescalier-je-ne-pense-pas-que-jaurais-ete-autant-marquee-par-son-courage-artistique","status":"publish","type":"post","link":"https:\/\/www.europesays.com\/fr\/331635\/","title":{"rendered":"\u00ab\u00a0Si Madonna \u00e9tait tomb\u00e9e dans l\u2019escalier, je ne pense pas que j\u2019aurais \u00e9t\u00e9 autant marqu\u00e9e par son courage artistique\u00a0\u00bb"},"content":{"rendered":"\n<p class=\"article__paragraph  \">\u00ab\u00a0Tu me l\u2019as dit 500 fois, je crois que je commence \u00e0 le savoir.\u00a0\u00bb Ma fille a raison. Cela fait d\u00e9sormais vingt ans que je lui r\u00e9p\u00e8te, avec obstination, que Madonna a fait une chute de cheval peu avant le tournage du clip de Hung Up (2005), sa chanson hommage au disco et \u00e0 John Travolta. La premi\u00e8re fois que je le lui ai dit, elle avait 5\u00a0ans. Cet accident peut donc tenir lieu de fil conducteur \u00e9ducatif et maternel.<\/p>\n<p class=\"article__paragraph  \">Nous n\u2019avons<strong> <\/strong>pas ici l\u2019espace pour passer en revue les divers styles et p\u00e9riodes de la chanteuse. La r\u00e9f\u00e9rence \u00e0 la Madone suffit peut-\u00eatre \u00e0 donner une id\u00e9e, pour les plus profanes, des th\u00e8mes et variations qui alimentent sa carri\u00e8re, notamment dans la veine \u00e9rotico-religieuse.<\/p>\n<p>                                   Lire aussi |  <a href=\"https:\/\/www.lemonde.fr\/culture\/article\/2005\/11\/14\/madonna-retour-en-piste_710010_3246.html\" class=\"js-article-read-also catcher--favoris__link\" data-premium=\"\" id=\"article-title-809470\" rel=\"nofollow noopener\" target=\"_blank\">Madonna, retour en piste<\/a>    <\/p>\n<p>   Lire plus tard  <\/p>\n<p class=\"article__paragraph  \">En ce qui me concerne, cette chute de cheval marque une rupture. J\u2019ai \u00e9prouv\u00e9 une indiff\u00e9rence quasi totale pour la star pendant les vingt premi\u00e8res ann\u00e9es de sa carri\u00e8re. Puis il y eut le monde d\u2019apr\u00e8s la chute\u00a0: elle est devenue d\u00e8s lors une ic\u00f4ne, une \u00e9toile courageuse, forte, sans entraves. Je ne suis pas certaine de vraiment appr\u00e9cier sa musique, mais j\u2019aime Madonna.<\/p>\n<p class=\"article__paragraph  \">La chute de cheval, donc. Hautement symbolique. Le jour de ses 47\u00a0ans, dans son domaine en Angleterre, Madonna se promenait avec un cheval qu\u2019elle n\u2019avait jamais mont\u00e9. Elle tomba, se cassa la clavicule, trois c\u00f4tes et la main gauche. Un mois apr\u00e8s, dans son justaucorps rose d\u00e9sormais l\u00e9gendaire, elle tourna, sous la direction de Johan Renck, le clip de Hung\u00a0Up. Le r\u00e9alisateur la d\u00e9finit ainsi\u00a0: \u00ab\u00a0Elle \u00e9tait comme un soldat.\u00a0\u00bb<\/p>\n<p>           Choc mystique           <\/p>\n<p class=\"article__paragraph  \">Si elle \u00e9tait tomb\u00e9e dans l\u2019escalier, je ne pense pas que j\u2019aurais \u00e9t\u00e9 autant marqu\u00e9e par son courage artistique (sa r\u00e9silience, dirait-on aujourd\u2019hui). Mais la chute de cheval, c\u2019est le chevalier vaincu, le roi d\u00e9shonor\u00e9, c\u2019est le jeune homme humili\u00e9 (Lucien Leuwen). C\u2019est Ivanho\u00e9, Don Quichotte et tant d\u2019autres. C\u2019est Montaigne, aussi. Surtout, dans le cas qui nous occupe, c\u2019est Paul de Tarse, tel qu\u2019il est repr\u00e9sent\u00e9 par les peintres, tombant de sa monture, sur le chemin de Damas, aveugl\u00e9 par la r\u00e9v\u00e9lation divine.<\/p>\n<p class=\"reading-mode-only \"><strong>Il vous reste 32.59% de cet article \u00e0 lire. La suite est r\u00e9serv\u00e9e aux abonn\u00e9s.<\/strong><\/p>\n","protected":false},"excerpt":{"rendered":"\u00ab\u00a0Tu me l\u2019as dit 500 fois, je crois que je commence \u00e0 le savoir.\u00a0\u00bb Ma fille a raison.&hellip;\n","protected":false},"author":2,"featured_media":308039,"comment_status":"","ping_status":"","sticky":false,"template":"","format":"standard","meta":{"footnotes":""},"categories":[1355],"tags":[58,59,1011,27,1361,873],"class_list":{"0":"post-331635","1":"post","2":"type-post","3":"status-publish","4":"format-standard","5":"has-post-thumbnail","7":"category-musique","8":"tag-divertissement","9":"tag-entertainment","10":"tag-fr","11":"tag-france","12":"tag-music","13":"tag-musique"},"share_on_mastodon":{"url":"https:\/\/pubeurope.com\/@fr\/115061277570751351","error":""},"_links":{"self":[{"href":"https:\/\/www.europesays.com\/fr\/wp-json\/wp\/v2\/posts\/331635","targetHints":{"allow":["GET"]}}],"collection":[{"href":"https:\/\/www.europesays.com\/fr\/wp-json\/wp\/v2\/posts"}],"about":[{"href":"https:\/\/www.europesays.com\/fr\/wp-json\/wp\/v2\/types\/post"}],"author":[{"embeddable":true,"href":"https:\/\/www.europesays.com\/fr\/wp-json\/wp\/v2\/users\/2"}],"replies":[{"embeddable":true,"href":"https:\/\/www.europesays.com\/fr\/wp-json\/wp\/v2\/comments?post=331635"}],"version-history":[{"count":0,"href":"https:\/\/www.europesays.com\/fr\/wp-json\/wp\/v2\/posts\/331635\/revisions"}],"wp:featuredmedia":[{"embeddable":true,"href":"https:\/\/www.europesays.com\/fr\/wp-json\/wp\/v2\/media\/308039"}],"wp:attachment":[{"href":"https:\/\/www.europesays.com\/fr\/wp-json\/wp\/v2\/media?parent=331635"}],"wp:term":[{"taxonomy":"category","embeddable":true,"href":"https:\/\/www.europesays.com\/fr\/wp-json\/wp\/v2\/categories?post=331635"},{"taxonomy":"post_tag","embeddable":true,"href":"https:\/\/www.europesays.com\/fr\/wp-json\/wp\/v2\/tags?post=331635"}],"curies":[{"name":"wp","href":"https:\/\/api.w.org\/{rel}","templated":true}]}}