{"id":331638,"date":"2025-08-20T13:16:14","date_gmt":"2025-08-20T13:16:14","guid":{"rendered":"https:\/\/www.europesays.com\/fr\/331638\/"},"modified":"2025-08-20T13:16:14","modified_gmt":"2025-08-20T13:16:14","slug":"et-si-vous-ralentissiez-la-methode-slow-life-pour-profiter-de-lete-a-fond","status":"publish","type":"post","link":"https:\/\/www.europesays.com\/fr\/331638\/","title":{"rendered":"Et si vous ralentissiez\u00a0? La m\u00e9thode slow life pour profiter de l\u2019\u00e9t\u00e9 \u00e0 fond."},"content":{"rendered":"<p><strong>L\u2019\u00e9t\u00e9 approche \u00e0 grands pas, et avec lui cette sensation famili\u00e8re : l\u2019envie de profiter pleinement de chaque instant ensoleill\u00e9 tout en ressentant la pression de \u00ab\u00a0maximiser\u00a0\u00bb cette p\u00e9riode. Et si, cette ann\u00e9e, nous prenions le contre-pied de cette fr\u00e9n\u00e9sie estivale ? Dans une soci\u00e9t\u00e9 o\u00f9 tout va toujours plus vite, la slow life s\u2019impose comme une alternative s\u00e9duisante pour savourer v\u00e9ritablement l\u2019\u00e9t\u00e9. Examinons ensemble comment ralentir peut paradoxalement nous permettre de profiter plus intens\u00e9ment de cette saison.<\/strong><\/p>\n<p>1. Comprendre les fondements de la slow life estivale<\/p>\n<p>La philosophie slow life ne date pas d\u2019hier, mais elle trouve une r\u00e9sonnance particuli\u00e8re durant la p\u00e9riode estivale. Cette approche nous invite \u00e0 d\u00e9c\u00e9l\u00e9rer consciemment pour appr\u00e9cier chaque exp\u00e9rience avec plus de profondeur. L\u2019\u00e9t\u00e9 offre un cadre id\u00e9al pour cette pratique : les journ\u00e9es s\u2019allongent, le rythme professionnel ralentit souvent et la nature nous appelle \u00e0 l\u2019ext\u00e9rieur. La slow life estivale ne signifie pas faire moins, mais plut\u00f4t faire autrement, en \u00e9tant pleinement pr\u00e9sent dans chaque activit\u00e9. Elle nous encourage \u00e0 privil\u00e9gier la qualit\u00e9 des exp\u00e9riences plut\u00f4t que leur quantit\u00e9, \u00e0 abandonner cette liste interminable de \u00ab\u00a0choses \u00e0 faire absolument cet \u00e9t\u00e9\u00a0\u00bb pour se concentrer sur ce qui nous apporte r\u00e9ellement du bien-\u00eatre. En adoptant cette philosophie, nous transformons l\u2019\u00e9t\u00e9 non plus en une course contre la montre, mais en une succession de moments pleinement v\u00e9cus et appr\u00e9ci\u00e9s.<\/p>\n<p>Les b\u00e9n\u00e9fices insoup\u00e7onn\u00e9s du ralentissement<\/p>\n<p>Ralentir pendant l\u2019\u00e9t\u00e9 procure des avantages qui d\u00e9passent le simple bien-\u00eatre momentan\u00e9. Des \u00e9tudes montrent que cette d\u00e9connexion favorise la cr\u00e9ativit\u00e9, renforce le syst\u00e8me immunitaire et am\u00e9liore la qualit\u00e9 du sommeil. D\u2019ailleurs, <a href=\"https:\/\/positivr.fr\/trois-astuces-naturelles-simples-et-efficaces-pour-retrouver-un-bon-sommeil-sans-medicaments\/\" rel=\"nofollow noopener\" target=\"_blank\">adopter des astuces naturelles pour retrouver un bon sommeil<\/a> compl\u00e8te parfaitement cette d\u00e9marche de ralentissement. Sur le plan mental, prendre le temps permet de diminuer l\u2019anxi\u00e9t\u00e9 et le stress chronique, deux maux particuli\u00e8rement pr\u00e9sents dans notre soci\u00e9t\u00e9. La slow life n\u2019est donc pas un luxe mais une n\u00e9cessit\u00e9 pour notre \u00e9quilibre global. Elle nous reconnecte \u00e9galement \u00e0 nos v\u00e9ritables besoins, loin des injonctions sociales et des standards de \u00ab\u00a0vacances r\u00e9ussies\u00a0\u00bb que nous imposent les r\u00e9seaux sociaux. En ralentissant, nous red\u00e9couvrons ce qui nous fait v\u00e9ritablement vibrer, ce qui nourrit r\u00e9ellement notre \u00e2me.<\/p>\n<p>2. Mettre en place une routine slow au quotidien<\/p>\n<p>La transition vers un rythme plus lent commence par de petits ajustements quotidiens. Commencez par vous r\u00e9veiller quelques minutes plus t\u00f4t pour savourer un moment de calme avant que la journ\u00e9e ne s\u2019emballe. Prenez le temps de d\u00e9guster votre petit-d\u00e9jeuner en pleine conscience, en appr\u00e9ciant les saveurs et les textures. Int\u00e9grez chaque jour une p\u00e9riode d\u00e9di\u00e9e \u00e0 la d\u00e9connexion digitale \u2013 abandonnez votre t\u00e9l\u00e9phone pendant au moins une heure et observez comme cela modifie votre perception du temps. Adoptez des activit\u00e9s qui imposent naturellement un rythme plus lent, comme le jardinage, la cuisine maison ou la lecture. Une pratique particuli\u00e8rement efficace consiste \u00e0 <a href=\"https:\/\/positivr.fr\/la-marche-a-pets-une-habitude-etonnante-mais-dimmenses-bienfaits\/\" rel=\"nofollow noopener\" target=\"_blank\">int\u00e9grer des marches lentes et m\u00e9ditatives<\/a> dans votre journ\u00e9e. Ces moments de mouvement conscient permettent de ralentir le mental tout en oxyg\u00e9nant le corps.<\/p>\n<p>Cr\u00e9er un environnement propice au ralentissement<\/p>\n<p>Notre espace de vie influence consid\u00e9rablement notre capacit\u00e9 \u00e0 ralentir. Simplifiez votre int\u00e9rieur en adoptant <a href=\"https:\/\/positivr.fr\/le-nettoyage-a-la-norvegienne-la-cle-pour-un-interieur-zen-et-ecolo\/\" rel=\"nofollow noopener\" target=\"_blank\">le nettoyage \u00e0 la norv\u00e9gienne<\/a> qui favorise un espace \u00e9pur\u00e9 et apaisant. Am\u00e9nagez un coin d\u00e9di\u00e9 \u00e0 la d\u00e9tente, id\u00e9alement pr\u00e8s d\u2019une fen\u00eatre ouverte sur la nature. Introduisez des \u00e9l\u00e9ments naturels dans votre d\u00e9cor : plantes, bois, pierre ou tissus naturels. Ces mat\u00e9riaux nous reconnectent instinctivement \u00e0 un rythme plus organique. Privil\u00e9giez une lumi\u00e8re douce et chaleureuse, particuli\u00e8rement en soir\u00e9e, pour signaler \u00e0 votre corps qu\u2019il est temps de ralentir. Des recherches en chronobiologie montrent que l\u2019exposition \u00e0 une lumi\u00e8re tamis\u00e9e en fin de journ\u00e9e am\u00e9liore consid\u00e9rablement la qualit\u00e9 du sommeil. Enfin, choisissez des couleurs apaisantes pour votre espace de vie estival \u2013 les tons inspir\u00e9s par la nature comme les bleus oc\u00e9an, les verts for\u00eat ou les beiges sable favorisent naturellement la s\u00e9r\u00e9nit\u00e9.<\/p>\n<p>3. Savourer les plaisirs simples de l\u2019\u00e9t\u00e9<\/p>\n<p>L\u2019\u00e9t\u00e9 regorge d\u2019opportunit\u00e9s pour pratiquer la slow life \u00e0 travers des plaisirs accessibles et authentiques. Red\u00e9couvrez le march\u00e9 local en prenant le temps de discuter avec les producteurs, de humer les fruits de saison, de toucher les l\u00e9gumes fra\u00eechement r\u00e9colt\u00e9s. Organisez des repas en plein air qui s\u2019\u00e9tirent paresseusement, o\u00f9 la conversation prime sur la pr\u00e9cipitation. Privil\u00e9giez les activit\u00e9s qui vous connectent directement \u00e0 la nature : baignades dans des lacs naturels, siestes \u00e0 l\u2019ombre d\u2019un arbre, observation des \u00e9toiles lors des chaudes nuits d\u2019\u00e9t\u00e9. La philosophe Martine Gasparov, sp\u00e9cialiste du bien-\u00eatre, explique que \u00ab\u00a0ces moments apparemment ordinaires deviennent extraordinaires quand nous leur accordons notre pleine attention\u00a0\u00bb. Pour amplifier cette exp\u00e9rience, tenez un journal de gratitude estival o\u00f9 vous notez chaque soir trois moments simples qui vous ont apport\u00e9 de la joie.<\/p>\n<p>Transformer les contraintes en opportunit\u00e9s de ralentissement<\/p>\n<p>M\u00eame pendant l\u2019\u00e9t\u00e9, certaines obligations peuvent persister. Plut\u00f4t que de les percevoir comme des obstacles \u00e0 votre d\u00e9marche slow life, transformez-les en opportunit\u00e9s. Si vous devez travailler, am\u00e9nagez des pauses plus longues pour contempler le ciel ou respirer l\u2019air estival. Les trajets n\u00e9cessaires deviennent des moments de pleine conscience si vous choisissez de marcher plut\u00f4t que de conduire. M\u00eame les t\u00e2ches m\u00e9nag\u00e8res peuvent se transformer en rituels apaisants quand on les accomplit avec attention et sans pr\u00e9cipitation. Cette alchimie du quotidien constitue l\u2019essence m\u00eame de la slow life : non pas changer radicalement ses activit\u00e9s, mais transformer profond\u00e9ment la fa\u00e7on dont on les aborde et les vit.<\/p>\n<p>4. Les enseignements durables de l\u2019\u00e9t\u00e9 slow<\/p>\n<p>L\u2019exp\u00e9rience d\u2019un \u00e9t\u00e9 plac\u00e9 sous le signe de la slow life ne s\u2019arr\u00eate pas avec l\u2019arriv\u00e9e de septembre. Les habitudes de ralentissement cultiv\u00e9es pendant cette p\u00e9riode peuvent s\u2019int\u00e9grer durablement dans votre existence. Vous d\u00e9couvrirez probablement que cette d\u00e9c\u00e9l\u00e9ration vous a permis de prendre des d\u00e9cisions plus align\u00e9es avec vos valeurs profondes. Peut-\u00eatre certaines activit\u00e9s que vous pensiez essentielles se sont-elles r\u00e9v\u00e9l\u00e9es superflues, tandis que d\u2019autres, plus simples, sont devenues centrales dans votre conception du bonheur. Les Scandinaves, ma\u00eetres dans l\u2019art de savourer chaque saison, nous enseignent que ce n\u2019est pas tant la quantit\u00e9 d\u2019exp\u00e9riences qui compte, mais notre capacit\u00e9 \u00e0 les appr\u00e9cier pleinement. L\u2019\u00e9t\u00e9 slow devient ainsi non pas une parenth\u00e8se dans l\u2019ann\u00e9e, mais le laboratoire d\u2019une vie plus consciente et plus satisfaisante sur le long terme.<\/p>\n","protected":false},"excerpt":{"rendered":"L\u2019\u00e9t\u00e9 approche \u00e0 grands pas, et avec lui cette sensation famili\u00e8re : l\u2019envie de profiter pleinement de chaque&hellip;\n","protected":false},"author":2,"featured_media":331639,"comment_status":"","ping_status":"","sticky":false,"template":"","format":"standard","meta":{"footnotes":""},"categories":[10],"tags":[1011,27,72,71],"class_list":{"0":"post-331638","1":"post","2":"type-post","3":"status-publish","4":"format-standard","5":"has-post-thumbnail","7":"category-sante","8":"tag-fr","9":"tag-france","10":"tag-health","11":"tag-sante"},"share_on_mastodon":{"url":"https:\/\/pubeurope.com\/@fr\/115061285458031923","error":""},"_links":{"self":[{"href":"https:\/\/www.europesays.com\/fr\/wp-json\/wp\/v2\/posts\/331638","targetHints":{"allow":["GET"]}}],"collection":[{"href":"https:\/\/www.europesays.com\/fr\/wp-json\/wp\/v2\/posts"}],"about":[{"href":"https:\/\/www.europesays.com\/fr\/wp-json\/wp\/v2\/types\/post"}],"author":[{"embeddable":true,"href":"https:\/\/www.europesays.com\/fr\/wp-json\/wp\/v2\/users\/2"}],"replies":[{"embeddable":true,"href":"https:\/\/www.europesays.com\/fr\/wp-json\/wp\/v2\/comments?post=331638"}],"version-history":[{"count":0,"href":"https:\/\/www.europesays.com\/fr\/wp-json\/wp\/v2\/posts\/331638\/revisions"}],"wp:featuredmedia":[{"embeddable":true,"href":"https:\/\/www.europesays.com\/fr\/wp-json\/wp\/v2\/media\/331639"}],"wp:attachment":[{"href":"https:\/\/www.europesays.com\/fr\/wp-json\/wp\/v2\/media?parent=331638"}],"wp:term":[{"taxonomy":"category","embeddable":true,"href":"https:\/\/www.europesays.com\/fr\/wp-json\/wp\/v2\/categories?post=331638"},{"taxonomy":"post_tag","embeddable":true,"href":"https:\/\/www.europesays.com\/fr\/wp-json\/wp\/v2\/tags?post=331638"}],"curies":[{"name":"wp","href":"https:\/\/api.w.org\/{rel}","templated":true}]}}