{"id":331646,"date":"2025-08-20T13:20:14","date_gmt":"2025-08-20T13:20:14","guid":{"rendered":"https:\/\/www.europesays.com\/fr\/331646\/"},"modified":"2025-08-20T13:20:14","modified_gmt":"2025-08-20T13:20:14","slug":"26-millions-pour-une-ferrari-jamais-vue-lachat-a-laveugle-le-plus-cher-de-lhistoire-automobile-fait-debat","status":"publish","type":"post","link":"https:\/\/www.europesays.com\/fr\/331646\/","title":{"rendered":"26 millions pour une Ferrari jamais vue : l&rsquo;achat \u00e0 l&rsquo;aveugle le plus cher de l&rsquo;histoire automobile fait d\u00e9bat"},"content":{"rendered":"<p>Le week-end dernier, un \u00e9v\u00e9nement exceptionnel s\u2019est d\u00e9roul\u00e9 lors d\u2019une vente aux ench\u00e8res o\u00f9 une <strong>Ferrari Daytona SP3<\/strong> a \u00e9t\u00e9 adjug\u00e9 pour la somme astronomique de 26 millions de dollars. \u00c0 premi\u00e8re vue, cela semble \u00eatre une extravagance typique des milliardaires, surtout quand la valeur marchande de ce mod\u00e8le tourne autour de 5 \u00e0 6 millions de dollars. Toutefois, en y regardant de plus pr\u00e8s, cette transaction prend tout son sens gr\u00e2ce \u00e0 une ing\u00e9nieuse strat\u00e9gie fiscale qui transforme cette acquisition en une opportunit\u00e9 financi\u00e8re plus judicieuse qu\u2019il n\u2019y para\u00eet.<\/p>\n<p>Le <strong>Daytona SP3<\/strong> est l\u2019un des Ferrari les plus exclusifs de l\u2019\u00e9poque moderne, avec une production limit\u00e9e \u00e0 599 unit\u00e9s, toutes vendues avant m\u00eame le d\u00e9but de la fabrication. Cependant, Ferrari a d\u00e9cid\u00e9 de produire un exemplaire suppl\u00e9mentaire, la fameuse unit\u00e9 \u201c599+1\u201d, dans le but de soutenir des causes caritatives. Ce mod\u00e8le unique, dot\u00e9 d\u2019une carrosserie m\u00ealant peinture et fibre de carbone apparente, a \u00e9t\u00e9 cr\u00e9\u00e9 par le d\u00e9partement Tailor Made de Ferrari et a \u00e9t\u00e9 offert pour lever des fonds en faveur de la Ferrari Foundation, d\u00e9di\u00e9e \u00e0 des projets \u00e9ducatifs pour les jeunes.<\/p>\n<p><img fetchpriority=\"high\" decoding=\"async\" class=\"size-full wp-image-24285 webpexpress-processed\" src=\"data:image\/svg+xml,%3Csvg%20xmlns=\" http:=\"\" alt=\"Ferrari Daytona SP3 vue de profil montrant les lignes fluides et a\u00e9rodynamiques du supercar V12 atmosph\u00e9rique \u00e9dition limit\u00e9e\" width=\"1200\" height=\"675\" data-lazy- data-lazy- data-lazy-src=\"https:\/\/www.europesays.com\/fr\/wp-content\/uploads\/2025\/08\/ferrari-daytona-sp3-03.jpg\"\/><br \/>Le profil sculptural de la Daytona SP3 r\u00e9v\u00e8le l\u2019obsession Ferrari pour l\u2019a\u00e9rodynamisme actif et l\u2019h\u00e9ritage des prototypes de course des ann\u00e9es 60<br \/>\nUn mod\u00e8le unique pour une cause noble<\/p>\n<p>Ce mod\u00e8le unique ne se contentait pas d\u2019un design exceptionnel ; il \u00e9tait \u00e9galement destin\u00e9 \u00e0 une vente aux ench\u00e8res caritative, o\u00f9 l\u2019int\u00e9gralit\u00e9 des fonds r\u00e9colt\u00e9s est destin\u00e9e \u00e0 la Ferrari Foundation. Reconnu sous le statut 501(c)(3) aux \u00c9tats-Unis, cet organisme permet aux donateurs de b\u00e9n\u00e9ficier d\u2019avantages fiscaux, transformant ainsi une simple acquisition en une donation d\u00e9ductible d\u2019imp\u00f4ts. Cette approche novatrice a permis d\u2019attirer des ench\u00e9risseurs pr\u00eats \u00e0 investir des sommes consid\u00e9rables, sachant qu\u2019une partie de leur d\u00e9pense contribuerait directement \u00e0 une cause louable tout en leur offrant des d\u00e9ductions fiscales substantielles.<\/p>\n<blockquote class=\"wp-embedded-content\" data-secret=\"Fw9RNWj5nZ\">\n<p><a href=\"https:\/\/www.passionandcar.fr\/2025\/08\/20\/elegant-et-pratique-ce-nouveau-vehicule-professionnel-biplace-de-150-ch-revolutionne-la-mobilite-dentreprise-avec-son-design-distinctif\/\" rel=\"nofollow noopener\" target=\"_blank\">\u00c9l\u00e9gant et pratique : Ce nouveau v\u00e9hicule professionnel biplace de 150 ch r\u00e9volutionne la mobilit\u00e9 d\u2019entreprise avec son design distinctif<\/a><\/p>\n<\/blockquote>\n<p>La vente a \u00e9t\u00e9 orchestr\u00e9e par la maison de ventes aux ench\u00e8res RM Sotheby\u2019s, qui a mis en avant le caract\u00e8re caritatif de l\u2019op\u00e9ration, soulignant ainsi les b\u00e9n\u00e9fices fiscaux potentiels pour les ench\u00e9risseurs. Aux \u00c9tats-Unis, lorsque l\u2019on participe \u00e0 une telle ench\u00e8re, la partie du montant qui exc\u00e8de la valeur de march\u00e9 est d\u00e9ductible fiscalement. Dans ce cas, avec un prix de march\u00e9 estim\u00e9 \u00e0 environ 6 millions de dollars, les 20 millions suppl\u00e9mentaires vers\u00e9s par l\u2019acheteur sont consid\u00e9r\u00e9s comme une donation pure, ouvrant droit \u00e0 une d\u00e9duction fiscale importante.<\/p>\n<p><img loading=\"lazy\" decoding=\"async\" class=\"size-full wp-image-24286 webpexpress-processed\" src=\"data:image\/svg+xml,%3Csvg%20xmlns=\" http:=\"\" alt=\"Ferrari Daytona SP3 vue avant avec calandre distinctive et phares LED int\u00e9gr\u00e9s dans le design minimaliste de la supercar Icona\" width=\"1200\" height=\"675\" data-lazy- data-lazy- data-lazy-src=\"https:\/\/www.europesays.com\/fr\/wp-content\/uploads\/2025\/08\/ferrari-daytona-sp3-02.jpg\"\/>Face agressive et \u00e9pur\u00e9e : la Daytona SP3 affiche fi\u00e8rement son ADN racing avec une signature lumineuse qui ne laisse aucun doute sur ses intentions<br \/>\nLes implications fiscales d\u2019une acquisition philanthropique<\/p>\n<p>En analysant les chiffres, le co\u00fbt r\u00e9el de l\u2019achat pour l\u2019acqu\u00e9reur s\u2019av\u00e8re bien inf\u00e9rieur \u00e0 la somme d\u00e9bours\u00e9e lors de la vente. Aux \u00c9tats-Unis, les donations \u00e0 des organisations reconnues sous le statut 501(c)(3) sont d\u00e9ductibles jusqu\u2019\u00e0 60 % des revenus bruts de l\u2019individu. Avec un taux marginal d\u2019imposition f\u00e9d\u00e9ral maximum de 37 %, cela repr\u00e9sente potentiellement un all\u00e8gement fiscal de 7,4 millions de dollars sur les 20 millions de dollars consid\u00e9r\u00e9s comme donation. Ainsi, le co\u00fbt effectif du Daytona SP3 pour l\u2019acqu\u00e9reur s\u2019\u00e9l\u00e8ve \u00e0 18,6 millions de dollars, et en tenant compte de la valeur de revente potentielle de la voiture, l\u2019investissement net pourrait descendre \u00e0 environ 12,6 millions.<\/p>\n<p>Cette strat\u00e9gie, en plus de permettre \u00e0 l\u2019acheteur d\u2019acqu\u00e9rir un v\u00e9hicule d\u2019exception, renforce l\u2019engagement philanthropique de Ferrari et illustre comment des transactions apparemment extravagantes peuvent \u00eatre transform\u00e9es en opportunit\u00e9s financi\u00e8res r\u00e9fl\u00e9chies. Alors que les Ferrari sp\u00e9ciales ont tendance \u00e0 se valoriser avec le temps, l\u2019acheteur pourrait finalement r\u00e9aliser un profit si le v\u00e9hicule venait \u00e0 \u00eatre revendu, tout en contribuant \u00e0 des initiatives \u00e9ducatives b\u00e9n\u00e9fiques.<\/p>\n<p><img loading=\"lazy\" decoding=\"async\" class=\"size-full wp-image-24287 webpexpress-processed\" src=\"data:image\/svg+xml,%3Csvg%20xmlns=\" http:=\"\" alt=\"Int\u00e9rieur cockpit Ferrari Daytona SP3 avec si\u00e8ges baquets carbone, volant F1 et instrumentation num\u00e9rique haute d\u00e9finition\" width=\"1200\" height=\"898\" data-lazy- data-lazy- data-lazy-src=\"https:\/\/www.europesays.com\/fr\/wp-content\/uploads\/2025\/08\/ferrari-daytona-sp3-04.jpg\"\/><br \/>L\u2019habitacle de la Daytona SP3 fusionne technologie de pointe et artisanat italien avec des mat\u00e9riaux nobles dignes d\u2019une \u0153uvre d\u2019art roulante \u00e0 26 millions<br \/>\nL\u2019exclusivit\u00e9 au service de l\u2019innovation<\/p>\n<p>Le Daytona SP3 \u201c599+1\u201d ne se distingue pas seulement par son prix et son exclusivit\u00e9. Il incarne \u00e9galement la capacit\u00e9 de Ferrari \u00e0 innover tout en restant fid\u00e8le \u00e0 son h\u00e9ritage. La finition sur mesure et les d\u00e9tails in\u00e9dits t\u00e9moignent de l\u2019engagement de la marque \u00e0 offrir des exp\u00e9riences personnalis\u00e9es et luxueuses \u00e0 ses clients les plus fortun\u00e9s. En combinant des mat\u00e9riaux premium avec des technologies de pointe, ce mod\u00e8le illustre la vision avant-gardiste de Ferrari dans le domaine des hypercars.<\/p>\n<p>Cette approche se refl\u00e8te dans la configuration unique du v\u00e9hicule, qui m\u00e9lange habilement tradition et modernit\u00e9. Chaque d\u00e9tail, de la carrosserie mi-peinte, mi-fibre de carbone aux \u00e9l\u00e9ments int\u00e9rieurs exclusifs, a \u00e9t\u00e9 con\u00e7u pour s\u00e9duire les passionn\u00e9s d\u2019automobile et les collectionneurs avertis. En misant sur l\u2019ultra-personnalisation, Ferrari continue de se positionner comme un leader incontest\u00e9 dans le segment des voitures de luxe, tout en ouvrant la voie \u00e0 de nouvelles possibilit\u00e9s de personnalisation et d\u2019innovation.<\/p>\n<p><img loading=\"lazy\" decoding=\"async\" class=\"size-full wp-image-24288 webpexpress-processed\" src=\"data:image\/svg+xml,%3Csvg%20xmlns=\" http:=\"\" alt=\"Ferrari Daytona SP3 vue arri\u00e8re montrant les doubles feux horizontaux, diffuseur carbone et \u00e9chappements centraux du V12 840 chevaux\" width=\"1200\" height=\"675\" data-lazy- data-lazy- data-lazy-src=\"https:\/\/www.europesays.com\/fr\/wp-content\/uploads\/2025\/08\/ferrari-daytona-sp01.jpg\"\/>L\u2019arri\u00e8re spectaculaire de la Daytona SP3 c\u00e9l\u00e8bre le V12 atmosph\u00e9rique avec des \u00e9chappements centraux qui chantent jusqu\u2019\u00e0 9500 tr\/min<br \/>\nUn mod\u00e8le philanthropique qui inspire<\/p>\n<p>En fin de compte, la vente de ce Ferrari Daytona SP3 \u201c599+1\u201d va bien au-del\u00e0 d\u2019une simple transaction commerciale. Elle souligne l\u2019importance croissante de l\u2019engagement social et philanthropique dans le secteur automobile. En int\u00e9grant des objectifs caritatifs \u00e0 ses op\u00e9rations, Ferrari montre l\u2019exemple en d\u00e9montrant que le luxe et la responsabilit\u00e9 sociale peuvent aller de pair.<\/p>\n<p>Cette initiative pourrait inspirer d\u2019autres constructeurs \u00e0 suivre un mod\u00e8le similaire, en utilisant leur influence et leur prestige pour soutenir des causes nobles tout en offrant des avantages fiscaux \u00e0 leurs clients. En red\u00e9finissant le r\u00f4le des ventes aux ench\u00e8res caritatives dans l\u2019industrie automobile, Ferrari ouvre la voie \u00e0 une nouvelle \u00e8re o\u00f9 l\u2019innovation et l\u2019engagement communautaire se rencontrent, renfor\u00e7ant ainsi la relation entre les marques de luxe et leurs clients.<\/p>\n","protected":false},"excerpt":{"rendered":"Le week-end dernier, un \u00e9v\u00e9nement exceptionnel s\u2019est d\u00e9roul\u00e9 lors d\u2019une vente aux ench\u00e8res o\u00f9 une Ferrari Daytona SP3&hellip;\n","protected":false},"author":2,"featured_media":331647,"comment_status":"","ping_status":"","sticky":false,"template":"","format":"standard","meta":{"footnotes":""},"categories":[6],"tags":[35,33,34,2251,1011,27],"class_list":{"0":"post-331646","1":"post","2":"type-post","3":"status-publish","4":"format-standard","5":"has-post-thumbnail","7":"category-economie","8":"tag-business","9":"tag-economie","10":"tag-economy","11":"tag-ferrari","12":"tag-fr","13":"tag-france"},"share_on_mastodon":{"url":"https:\/\/pubeurope.com\/@fr\/115061301178397943","error":""},"_links":{"self":[{"href":"https:\/\/www.europesays.com\/fr\/wp-json\/wp\/v2\/posts\/331646","targetHints":{"allow":["GET"]}}],"collection":[{"href":"https:\/\/www.europesays.com\/fr\/wp-json\/wp\/v2\/posts"}],"about":[{"href":"https:\/\/www.europesays.com\/fr\/wp-json\/wp\/v2\/types\/post"}],"author":[{"embeddable":true,"href":"https:\/\/www.europesays.com\/fr\/wp-json\/wp\/v2\/users\/2"}],"replies":[{"embeddable":true,"href":"https:\/\/www.europesays.com\/fr\/wp-json\/wp\/v2\/comments?post=331646"}],"version-history":[{"count":0,"href":"https:\/\/www.europesays.com\/fr\/wp-json\/wp\/v2\/posts\/331646\/revisions"}],"wp:featuredmedia":[{"embeddable":true,"href":"https:\/\/www.europesays.com\/fr\/wp-json\/wp\/v2\/media\/331647"}],"wp:attachment":[{"href":"https:\/\/www.europesays.com\/fr\/wp-json\/wp\/v2\/media?parent=331646"}],"wp:term":[{"taxonomy":"category","embeddable":true,"href":"https:\/\/www.europesays.com\/fr\/wp-json\/wp\/v2\/categories?post=331646"},{"taxonomy":"post_tag","embeddable":true,"href":"https:\/\/www.europesays.com\/fr\/wp-json\/wp\/v2\/tags?post=331646"}],"curies":[{"name":"wp","href":"https:\/\/api.w.org\/{rel}","templated":true}]}}