{"id":331648,"date":"2025-08-20T13:21:10","date_gmt":"2025-08-20T13:21:10","guid":{"rendered":"https:\/\/www.europesays.com\/fr\/331648\/"},"modified":"2025-08-20T13:21:10","modified_gmt":"2025-08-20T13:21:10","slug":"israel-approuve-un-projet-majeur-de-construction-en-cisjordanie-occupee","status":"publish","type":"post","link":"https:\/\/www.europesays.com\/fr\/331648\/","title":{"rendered":"Isra\u00ebl approuve un projet majeur de construction en Cisjordanie occup\u00e9e"},"content":{"rendered":"<p>La construction des 3400 logements en question \u00abcouperait en deux la Cisjordanie et porterait gravement atteinte \u00e0 la solution des deux \u00c9tats\u00bb, selon le Quai d\u2019Orsay.<\/p>\n<p class=\"fig-paragraph\">Isra\u00ebl a approuv\u00e9 ce mercredi 20 ao\u00fbt un projet cl\u00e9 de construction de 3400 logements en\u00a0<a href=\"http:\/\/www.lefigaro.fr\/international\/dossier\/cisjordanie-plus-de-50-ans-de-colonisation-israelienne\" target=\"_blank\" data-fig-type=\"Topic\" rel=\"noopener\" data-gtm-custom-categorie=\"navigation\" data-gtm-custom-action=\"crossclick\" data-gtm-custom-label=\"Contextuel\" data-gtm-event=\"customEventSPE\" data-fig-domain=\"LEFIGARO\">Cisjordanie occup\u00e9e<\/a>, qui, selon ses d\u00e9tracteurs, couperait ce territoire palestinien en deux et emp\u00eacherait la cr\u00e9ation d&rsquo;un \u00e9ventuel \u00c9tat palestinien disposant d\u2019une continuit\u00e9 territoriale.<\/p>\n<p class=\"fig-paragraph\">\u00abJe suis heureux d&rsquo;annoncer qu&rsquo;il y a une heure \u00e0 peine, l&rsquo;administration civile a approuv\u00e9 la planification pour la construction du quartier E1!\u00bb, a annonc\u00e9 dans un communiqu\u00e9 Guy Yifrah, maire de la colonie isra\u00e9lienne voisine de Maal\u00e9 Adoumim.<\/p>\n<p>                                    <a class=\"fig-a11y-skip a11y-hidden\" href=\"#fig-a11y-skip-main-inarticle\"><br \/>\n        Passer la publicit\u00e9<br \/>\n    <\/a><\/p>\n<p class=\"fig-paragraph\">La perspective de l\u2019approbation de ce projet embl\u00e9matique et controvers\u00e9 par un comit\u00e9 technique isra\u00e9lien avait suscit\u00e9 la semaine derni\u00e8re une lev\u00e9e de boucliers dans le monde. L\u2019ONU et\u00a0<a href=\"http:\/\/www.lefigaro.fr\/international\/l-union-europeenne-appelle-israel-a-ne-pas-poursuivre-son-projet-de-constructions-en-cisjordanie-20250814\" target=\"_blank\" data-fig-type=\"NewsFlash\" rel=\"noopener\" data-gtm-custom-categorie=\"navigation\" data-gtm-custom-action=\"crossclick\" data-gtm-custom-label=\"Contextuel\" data-gtm-event=\"customEventSPE\" data-fig-domain=\"LEFIGARO\">l\u2019Union europ\u00e9enne<\/a>\u00a0avaient appel\u00e9 Isra\u00ebl \u00e0 renoncer \u00e0 sa construction. Samedi 16 ao\u00fbt,\u00a0<a href=\"http:\/\/www.lefigaro.fr\/international\/la-france-appelle-israel-a-abandonner-son-projet-de-colonie-e1-en-cisjordanie-20250816\" target=\"_blank\" data-fig-type=\"NewsFlash\" rel=\"noopener\" data-gtm-custom-categorie=\"navigation\" data-gtm-custom-action=\"crossclick\" data-gtm-custom-label=\"Contextuel\" data-gtm-event=\"customEventSPE\" data-fig-domain=\"LEFIGARO\">la France<\/a>\u00a0avait appel\u00e9 Isra\u00ebl \u00ab\u00e0 abandonner (son) projet\u00bb de construire 3400 logements en Cisjordanie, qui \u00abconstitue une violation grave du droit international\u00bb selon le minist\u00e8re des Affaires \u00e9trang\u00e8res.<\/p>\n<p>Environ 500.000 colons isra\u00e9liens en Cisjordanie<\/p>\n<p class=\"fig-paragraph\">Le ministre isra\u00e9lien des Finances,\u00a0<a href=\"https:\/\/www.lefigaro.fr\/international\/israel-bezalel-smotrich-champion-de-la-colonisation-decomplexee-20230601\" target=\"_blank\" data-fig-type=\"Article\" rel=\"noopener\" data-gtm-custom-categorie=\"navigation\" data-gtm-custom-action=\"crossclick\" data-gtm-custom-label=\"Contextuel\" data-gtm-event=\"customEventSPE\" data-fig-domain=\"LEFIGARO\">Bezalel Smotrich<\/a>, une figure de l\u2019extr\u00eame droite, avait appel\u00e9 jeudi \u00e0 acc\u00e9l\u00e9rer sa mise en \u0153uvre et \u00e0 annexer la Cisjordanie, territoire palestinien occup\u00e9 par Isra\u00ebl depuis 1967, en riposte aux\u00a0<a href=\"http:\/\/www.lefigaro.fr\/vox\/monde\/pierre-lellouche-macron-reconnait-la-palestine-mais-le-monde-reconnait-il-encore-la-france-20250726\" target=\"_blank\" data-fig-type=\"Article\" rel=\"noopener\" data-gtm-custom-categorie=\"navigation\" data-gtm-custom-action=\"crossclick\" data-gtm-custom-label=\"Contextuel\" data-gtm-event=\"customEventSPE\" data-fig-domain=\"LEFIGARO\">annonces de plusieurs pays\u00a0<\/a>de leur intention de reconna\u00eetre un \u00c9tat de Palestine.<\/p>\n<p class=\"fig-paragraph\">Au-del\u00e0 de\u00a0<a href=\"http:\/\/www.lefigaro.fr\/international\/une-grave-entrave-a-la-liberte-d-expression-la-police-israelienne-cible-deux-librairies-de-jerusalem-est-20250210\" target=\"_blank\" data-fig-type=\"Article\" rel=\"noopener\" data-gtm-custom-categorie=\"navigation\" data-gtm-custom-action=\"crossclick\" data-gtm-custom-label=\"Contextuel\" data-gtm-event=\"customEventSPE\" data-fig-domain=\"LEFIGARO\">J\u00e9rusalem-Est<\/a>, occup\u00e9e et annex\u00e9e par Isra\u00ebl, environ trois millions de Palestiniens vivent en Cisjordanie, aux c\u00f4t\u00e9s d\u2019environ 500.000 Isra\u00e9liens install\u00e9s dans des colonies que l\u2019ONU juge\u00a0<a href=\"http:\/\/www.lefigaro.fr\/international\/le-premier-ministre-israelien-qualifie-de-decision-mensongere-l-avis-de-la-cij-sur-l-occupation-israelienne-20240719\" target=\"_blank\" data-fig-type=\"NewsFlash\" rel=\"noopener\" data-gtm-custom-categorie=\"navigation\" data-gtm-custom-action=\"crossclick\" data-gtm-custom-label=\"Contextuel\" data-gtm-event=\"customEventSPE\" data-fig-domain=\"LEFIGARO\">ill\u00e9gales au regard du droit international<\/a>. La colonisation de la Cisjordanie, frontali\u00e8re de la Jordanie, s\u2019est poursuivie sous tous les gouvernements isra\u00e9liens, de gauche comme de droite, depuis 1967. Elle s\u2019est nettement intensifi\u00e9e sous l\u2019ex\u00e9cutif actuel, en particulier depuis le d\u00e9but de la guerre \u00e0 Gaza d\u00e9clench\u00e9e le 7 octobre 2023 par l\u2019attaque sans pr\u00e9c\u00e9dent du Hamas sur Isra\u00ebl. Les affrontements, parfois meurtriers, entre populations locales palestiniennes, Tsahal et\u00a0<a href=\"http:\/\/www.lefigaro.fr\/international\/ils-veulent-nous-effacer-en-cisjordanie-la-violence-impunie-des-colons-israeliens-contre-les-palestiniens-20250807\" target=\"_blank\" data-fig-type=\"Article\" rel=\"noopener\" data-gtm-custom-categorie=\"navigation\" data-gtm-custom-action=\"crossclick\" data-gtm-custom-label=\"Contextuel\" data-gtm-event=\"customEventSPE\" data-fig-domain=\"LEFIGARO\">colons juifs<\/a>\u00a0s\u2019y sont multipli\u00e9s.<\/p>\n","protected":false},"excerpt":{"rendered":"La construction des 3400 logements en question \u00abcouperait en deux la Cisjordanie et porterait gravement atteinte \u00e0 la&hellip;\n","protected":false},"author":2,"featured_media":331649,"comment_status":"","ping_status":"","sticky":false,"template":"","format":"standard","meta":{"footnotes":""},"categories":[5],"tags":[11,2486,45410,1011,27,14,664,12,28],"class_list":{"0":"post-331648","1":"post","2":"type-post","3":"status-publish","4":"format-standard","5":"has-post-thumbnail","7":"category-international","8":"tag-actualites","9":"tag-cisjordanie","10":"tag-colonisation","11":"tag-fr","12":"tag-france","13":"tag-international","14":"tag-israel","15":"tag-news","16":"tag-world"},"share_on_mastodon":{"url":"https:\/\/pubeurope.com\/@fr\/115061305159873951","error":""},"_links":{"self":[{"href":"https:\/\/www.europesays.com\/fr\/wp-json\/wp\/v2\/posts\/331648","targetHints":{"allow":["GET"]}}],"collection":[{"href":"https:\/\/www.europesays.com\/fr\/wp-json\/wp\/v2\/posts"}],"about":[{"href":"https:\/\/www.europesays.com\/fr\/wp-json\/wp\/v2\/types\/post"}],"author":[{"embeddable":true,"href":"https:\/\/www.europesays.com\/fr\/wp-json\/wp\/v2\/users\/2"}],"replies":[{"embeddable":true,"href":"https:\/\/www.europesays.com\/fr\/wp-json\/wp\/v2\/comments?post=331648"}],"version-history":[{"count":0,"href":"https:\/\/www.europesays.com\/fr\/wp-json\/wp\/v2\/posts\/331648\/revisions"}],"wp:featuredmedia":[{"embeddable":true,"href":"https:\/\/www.europesays.com\/fr\/wp-json\/wp\/v2\/media\/331649"}],"wp:attachment":[{"href":"https:\/\/www.europesays.com\/fr\/wp-json\/wp\/v2\/media?parent=331648"}],"wp:term":[{"taxonomy":"category","embeddable":true,"href":"https:\/\/www.europesays.com\/fr\/wp-json\/wp\/v2\/categories?post=331648"},{"taxonomy":"post_tag","embeddable":true,"href":"https:\/\/www.europesays.com\/fr\/wp-json\/wp\/v2\/tags?post=331648"}],"curies":[{"name":"wp","href":"https:\/\/api.w.org\/{rel}","templated":true}]}}