{"id":331653,"date":"2025-08-20T13:25:11","date_gmt":"2025-08-20T13:25:11","guid":{"rendered":"https:\/\/www.europesays.com\/fr\/331653\/"},"modified":"2025-08-20T13:25:11","modified_gmt":"2025-08-20T13:25:11","slug":"meteo-les-orages-tombent-dans-quelques-heures-sur-la-loire-voici-a-quoi-sattendre","status":"publish","type":"post","link":"https:\/\/www.europesays.com\/fr\/331653\/","title":{"rendered":"M\u00e9t\u00e9o. Les orages tombent dans quelques heures sur la Loire : voici \u00e0 quoi s&rsquo;attendre"},"content":{"rendered":"<p>            Par<br \/>\n        <strong><br \/>\n            <a href=\"https:\/\/actu.fr\/auteur\/redaction-saint-etienne\" title=\"Consulter tous les articles de R\u00e9daction Saint-\u00c9tienne\" rel=\"nofollow noopener\" target=\"_blank\">R\u00e9daction Saint-\u00c9tienne<\/a><br \/>\n        <\/strong><\/p>\n<p>        Publi\u00e9 le<\/p>\n<p>            20 ao\u00fbt 2025 \u00e0 15h08        <\/p>\n<p>Le d\u00e9partement de la <a href=\"https:\/\/actu.fr\/auvergne-rhone-alpes\/loire_42\" rel=\"nofollow noopener\" target=\"_blank\">Loire<\/a> est encore en alerte jaune aux <a href=\"https:\/\/actu.fr\/meteo\/violents-orages-et-fortes-pluies-ce-mercredi-presque-toute-la-france-placee-en-vigilance-les-previsions_63052155.html\" rel=\"nofollow noopener\" target=\"_blank\">orages<\/a> ce mercredi 20\u00a0ao\u00fbt 2025 selon M\u00e9t\u00e9o France.<\/p>\n<p class=\" wall-content\">Selon M\u00e9t\u00e9o 42, \u00ab\u2009il y a un peu plus d\u2019activit\u00e9 cette apr\u00e8s-midi sur notre d\u00e9partement. De nombreuses averses orageuses sont en cours. <strong>Cela va faire du bien \u00e0 notre nature.<\/strong>\u2009\u00bb<\/p>\n<p>Une goutte froide<\/p>\n<p class=\" wall-content\">Selon M\u00e9t\u00e9o France, \u00ab\u2009en lien avec une goutte froide positionn\u00e9e sur le Pays, de fortes pluies orageuses se produisent ce mercredi entre la Bourgogne, la Franche-Comt\u00e9 et le sud du Grand-Est. Un front pluvieux quasiment stationnaire se met ensuite en place dans la nuit de mercredi \u00e0 jeudi sur les Vosges, le Haut-Rhin et le nord de la Franche-Comt\u00e9.\u2009\u00bb<\/p>\n<p>Aggravation de la situation de s\u00e9cheresse<\/p>\n<p>La pr\u00e9fecture de la Loire passe la zone des monts du Lyonnais d\u2019alerte \u00e0 alerte renforc\u00e9e et la zone du Forez-Lignon-Vizezy d\u2019alerte renforc\u00e9e \u00e0 crise.<\/p>\n<p class=\" wall-content\">\u00ab\u2009\u00c0 noter que sur les d\u00e9partements limitrophes de ceux plac\u00e9s en vigilance orange (les autres d\u00e9partements de Bourgogne Franche-Comt\u00e9 et du sud Champagne en particulier), des cumuls localement forts sont possibles.\u2009\u00bb<\/p>\n<p>Risque d\u2019orages forts dans la vall\u00e9e du Rh\u00f4ne<\/p>\n<p class=\" wall-content\">Entre la vall\u00e9e du Rh\u00f4ne, le sud des Alpes et la Corse, le risque d\u2019orages forts est de 3\/5.<\/p>\n<p>    <img   decoding=\"async\" loading=\"lazy\" src=\"https:\/\/www.europesays.com\/fr\/wp-content\/uploads\/2025\/08\/prevision-orages-tornades-keraunos-19-960x640.png\" alt=\"Le risque d'orages est faible \u00e0 mod\u00e9r\u00e9 dans le Massif central. \" width=\"960\" height=\"640\"\/><br \/>\n    Le risque d\u2019orages est faible \u00e0 mod\u00e9rer dans le Massif central. (\u00a9Carte Keraunos)<\/p>\n<p>Votre r\u00e9gion, votre actu !<\/p>\n<p>Recevez chaque jour les infos qui comptent pour vous.<\/p>\n<p>\t<a href=\"https:\/\/actu.fr\/newsletter\" class=\"ac-btn ac-btn--corner ac-btn--medium ac-btn--blue800\" rel=\"nofollow noopener\" target=\"_blank\">S&rsquo;incrire<\/a><\/p>\n<p class=\" wall-content\">Selon Keraunos, observatoire fran\u00e7ais des orages, \u00ab\u2009c\u2019est surtout en cours d\u2019apr\u00e8s-midi que les orages se multiplieront\u2009; ils pourront produire localement des pluies intenses, susceptibles de d\u00e9passer 30\u00a0mm en peu de temps, ainsi que des chutes de gr\u00eale dispers\u00e9es mais parfois marqu\u00e9es. Quelques rafales de vent proches de 70\u00a0km\/h pourront \u00eatre observ\u00e9es sous les orages les plus actifs\u2009; un ph\u00e9nom\u00e8ne tourbillonnaire isol\u00e9 n\u2019est pas exclu (tuba, voire br\u00e8ve tornade).\u2009\u00bb<\/p>\n<p class=\" wall-content\">Ce risque orageux tendra \u00e0 d\u00e9cliner la nuit prochaine.<\/p>\n<p class=\" wall-content\">Personnalisez votre actualit\u00e9 en ajoutant vos villes et m\u00e9dias en favori avec <a href=\"https:\/\/moncompte.actu.fr\" title=\"D\u00e9couvez Mon Actu\" rel=\"nofollow noopener\" data-trk=\"{&quot;cta&quot;:{&quot;action&quot;:&quot;https:\\\/\\\/moncompte.actu.fr&quot;,&quot;category&quot;:&quot;mon compte&quot;,&quot;from&quot;:&quot;article footer&quot;,&quot;name&quot;:&quot;Mon actu&quot;,&quot;type&quot;:&quot;cta&quot;}}\" target=\"_blank\">Mon Actu<\/a>.<\/p>\n","protected":false},"excerpt":{"rendered":"Par R\u00e9daction Saint-\u00c9tienne Publi\u00e9 le 20 ao\u00fbt 2025 \u00e0 15h08 Le d\u00e9partement de la Loire est encore en&hellip;\n","protected":false},"author":2,"featured_media":331654,"comment_status":"","ping_status":"","sticky":false,"template":"","format":"standard","meta":{"footnotes":""},"categories":[9653],"tags":[1111,11,2430,1777,674,1011,27,2487,2357,12,4594,25,4001],"class_list":{"0":"post-331653","1":"post","2":"type-post","3":"status-publish","4":"format-standard","5":"has-post-thumbnail","7":"category-saint-etienne","8":"tag-actu","9":"tag-actualites","10":"tag-auvergne-rhone-alpes","11":"tag-eu","12":"tag-europe","13":"tag-fr","14":"tag-france","15":"tag-meteo","16":"tag-meteo-france","17":"tag-news","18":"tag-orages","19":"tag-republique-francaise","20":"tag-saint-etienne"},"share_on_mastodon":{"url":"https:\/\/pubeurope.com\/@fr\/115061321399991209","error":""},"_links":{"self":[{"href":"https:\/\/www.europesays.com\/fr\/wp-json\/wp\/v2\/posts\/331653","targetHints":{"allow":["GET"]}}],"collection":[{"href":"https:\/\/www.europesays.com\/fr\/wp-json\/wp\/v2\/posts"}],"about":[{"href":"https:\/\/www.europesays.com\/fr\/wp-json\/wp\/v2\/types\/post"}],"author":[{"embeddable":true,"href":"https:\/\/www.europesays.com\/fr\/wp-json\/wp\/v2\/users\/2"}],"replies":[{"embeddable":true,"href":"https:\/\/www.europesays.com\/fr\/wp-json\/wp\/v2\/comments?post=331653"}],"version-history":[{"count":0,"href":"https:\/\/www.europesays.com\/fr\/wp-json\/wp\/v2\/posts\/331653\/revisions"}],"wp:featuredmedia":[{"embeddable":true,"href":"https:\/\/www.europesays.com\/fr\/wp-json\/wp\/v2\/media\/331654"}],"wp:attachment":[{"href":"https:\/\/www.europesays.com\/fr\/wp-json\/wp\/v2\/media?parent=331653"}],"wp:term":[{"taxonomy":"category","embeddable":true,"href":"https:\/\/www.europesays.com\/fr\/wp-json\/wp\/v2\/categories?post=331653"},{"taxonomy":"post_tag","embeddable":true,"href":"https:\/\/www.europesays.com\/fr\/wp-json\/wp\/v2\/tags?post=331653"}],"curies":[{"name":"wp","href":"https:\/\/api.w.org\/{rel}","templated":true}]}}