{"id":331660,"date":"2025-08-20T13:29:11","date_gmt":"2025-08-20T13:29:11","guid":{"rendered":"https:\/\/www.europesays.com\/fr\/331660\/"},"modified":"2025-08-20T13:29:11","modified_gmt":"2025-08-20T13:29:11","slug":"toulon-41-policiers-en-patrouille-chaque-soir-contre-les-vols-avec-violence-a-saint-tropez","status":"publish","type":"post","link":"https:\/\/www.europesays.com\/fr\/331660\/","title":{"rendered":"TOULON : 41 policiers en patrouille chaque soir contre les vols avec violence \u00e0 Saint-Tropez"},"content":{"rendered":"<p><strong>S\u00c9CURIT\u00c9 \u2013 Poursuite de la mobilisation des forces de s\u00e9curit\u00e9 pour lutter contre les vols avec violence dans le Golfe de Saint-Tropez.<\/strong><\/p>\n<p>Les communes du Golfe de Saint-Tropez ont \u00e9t\u00e9 confront\u00e9es cet \u00e9t\u00e9 \u00e0 une recrudescence des vols avec violence, en particulier des arrachages de montres et des vols violents \u00e0 domicile.<br \/>Pour y faire face, 31 gendarmes ont \u00e9t\u00e9 positionn\u00e9s en renfort d\u00e8s le d\u00e9but de la saison estivale, en particulier 13 militaires suppl\u00e9mentaires d\u00e9tach\u00e9s au profit de la brigade de Saint-Tropez, qui se sont ajout\u00e9s aux 115 effectifs de la compagnie de gendarmerie de Gassin \u2013 Saint-Tropez. Ils ont travaill\u00e9 au quotidien en liaison \u00e9troite avec les polices municipales. Un groupe d\u2019enqu\u00eate sp\u00e9cialis\u00e9 (GES) a par ailleurs \u00e9t\u00e9 constitu\u00e9 au sein de la brigade de recherche, sp\u00e9cifiquement charg\u00e9 des investigations li\u00e9es \u00e0 ces vols avec violence.<br \/>Pour renforcer l\u2019efficacit\u00e9 du dispositif, le pr\u00e9fet du Var, a demand\u00e9 la mobilisation exceptionnelle de CRS qui ont \u00e9t\u00e9 d\u00e9ploy\u00e9s du 12 au 17 ao\u00fbt, \u00e0 hauteur de 41 policiers en patrouille chaque soir.<br \/>Ce renfort CRS s\u2019est r\u00e9v\u00e9l\u00e9 tr\u00e8s utile, puisqu\u2019aucun vol avec violence n\u2019a \u00e9t\u00e9 commis durant leur pr\u00e9sence.<br \/>Cette mobilisation exceptionnelle est prolong\u00e9e d\u00e8s aujourd\u2019hui, par des renforts issus de la R\u00e9gion de gendarmerie PACA (gendarmes d\u00e9partementaux issus d\u2019autres d\u00e9partements, gendarmes mobiles et de r\u00e9serve), ce qui permet le d\u00e9ploiement de 3 patrouilles quotidiennes suppl\u00e9mentaires \u00e0 Saint-Tropez et dans les communes riveraines du Golfe.<br \/>Sous la direction du parquet de Draguignan, et en liaison \u00e9troite avec les polices municipales, les gendarmes ont proc\u00e9d\u00e9 cette nuit \u00e0 une nouvelle interpellation en flagrant d\u00e9lit \u00e0 la suite du vol avec violences d\u2019une montre, \u00e0 la sortie d\u2019un restaurant de Saint-Tropez. L\u2019auteur est de nationalit\u00e9 fran\u00e7aise.<br \/>Dimanche 10 ao\u00fbt, 4 interpellations en flagrant d\u00e9lit avaient d\u00e9j\u00e0 \u00e9t\u00e9 effectu\u00e9es \u00e0 Sainte-Maxime. Les auteurs, d\u2019origine italienne, ont \u00e9t\u00e9 plac\u00e9s en d\u00e9tention provisoire \u00e0 l\u2019issue de leur garde-\u00e0-vue pour des faits de vol en bande organis\u00e9e dans le cadre d\u2019une enqu\u00eate qui se d\u00e9roule sur les directives du parquet.<br \/>Simon Babre, pr\u00e9fet du Var, et Pierre Couttenier, procureur de la R\u00e9publique pr\u00e8s le tribunal judiciaire de Draguignan, remercient l\u2019ensemble des effectifs mobilis\u00e9s pour l\u2019efficacit\u00e9 de leur action. Ils soulignent que cette mobilisation exceptionnelle se poursuit, par des patrouilles augment\u00e9es et par la mobilisation de tous les cadres juridiques qu\u2019impose la lutte contre cette manifestation violente de la d\u00e9linquance organis\u00e9e, en vue du prononc\u00e9 de r\u00e9ponses judiciaires fermes et rapides.<\/p>\n","protected":false},"excerpt":{"rendered":"S\u00c9CURIT\u00c9 \u2013 Poursuite de la mobilisation des forces de s\u00e9curit\u00e9 pour lutter contre les vols avec violence dans&hellip;\n","protected":false},"author":2,"featured_media":331661,"comment_status":"","ping_status":"","sticky":false,"template":"","format":"standard","meta":{"footnotes":""},"categories":[9619],"tags":[1111,11,1777,674,1011,27,12,882,25,2310],"class_list":{"0":"post-331660","1":"post","2":"type-post","3":"status-publish","4":"format-standard","5":"has-post-thumbnail","7":"category-toulon","8":"tag-actu","9":"tag-actualites","10":"tag-eu","11":"tag-europe","12":"tag-fr","13":"tag-france","14":"tag-news","15":"tag-provence-alpes-cote-dazur","16":"tag-republique-francaise","17":"tag-toulon"},"share_on_mastodon":{"url":"https:\/\/pubeurope.com\/@fr\/115061336504732565","error":""},"_links":{"self":[{"href":"https:\/\/www.europesays.com\/fr\/wp-json\/wp\/v2\/posts\/331660","targetHints":{"allow":["GET"]}}],"collection":[{"href":"https:\/\/www.europesays.com\/fr\/wp-json\/wp\/v2\/posts"}],"about":[{"href":"https:\/\/www.europesays.com\/fr\/wp-json\/wp\/v2\/types\/post"}],"author":[{"embeddable":true,"href":"https:\/\/www.europesays.com\/fr\/wp-json\/wp\/v2\/users\/2"}],"replies":[{"embeddable":true,"href":"https:\/\/www.europesays.com\/fr\/wp-json\/wp\/v2\/comments?post=331660"}],"version-history":[{"count":0,"href":"https:\/\/www.europesays.com\/fr\/wp-json\/wp\/v2\/posts\/331660\/revisions"}],"wp:featuredmedia":[{"embeddable":true,"href":"https:\/\/www.europesays.com\/fr\/wp-json\/wp\/v2\/media\/331661"}],"wp:attachment":[{"href":"https:\/\/www.europesays.com\/fr\/wp-json\/wp\/v2\/media?parent=331660"}],"wp:term":[{"taxonomy":"category","embeddable":true,"href":"https:\/\/www.europesays.com\/fr\/wp-json\/wp\/v2\/categories?post=331660"},{"taxonomy":"post_tag","embeddable":true,"href":"https:\/\/www.europesays.com\/fr\/wp-json\/wp\/v2\/tags?post=331660"}],"curies":[{"name":"wp","href":"https:\/\/api.w.org\/{rel}","templated":true}]}}