{"id":331662,"date":"2025-08-20T13:30:12","date_gmt":"2025-08-20T13:30:12","guid":{"rendered":"https:\/\/www.europesays.com\/fr\/331662\/"},"modified":"2025-08-20T13:30:12","modified_gmt":"2025-08-20T13:30:12","slug":"montpellier-interpelle-apres-avoir-tente-de-forcer-une-voiture-stationnee-dans-le-quartier-saint-roch","status":"publish","type":"post","link":"https:\/\/www.europesays.com\/fr\/331662\/","title":{"rendered":"Montpellier : interpell\u00e9 apr\u00e8s avoir tent\u00e9 de forcer une voiture stationn\u00e9e dans le quartier Saint-Roch"},"content":{"rendered":"<p>\u00c0 l\u2019int\u00e9rieur du v\u00e9hicule, les policiers ont constat\u00e9 que le si\u00e8ge arri\u00e8re avait \u00e9t\u00e9 abaiss\u00e9 pour acc\u00e9der au coffre, dans lequel se trouvait un sac volumineux contenant des v\u00eatements, propri\u00e9t\u00e9 de la victime. Aucun objet n\u2019a \u00e9t\u00e9 d\u00e9rob\u00e9 mais cette derni\u00e8re soup\u00e7onne l\u2019homme de l\u2019avoir observ\u00e9e au moment o\u00f9 elle d\u00e9posait son sac dans le v\u00e9hicule, ce qui aurait motiv\u00e9 la tentative de vol.<\/p>\n","protected":false},"excerpt":{"rendered":"\u00c0 l\u2019int\u00e9rieur du v\u00e9hicule, les policiers ont constat\u00e9 que le si\u00e8ge arri\u00e8re avait \u00e9t\u00e9 abaiss\u00e9 pour acc\u00e9der au&hellip;\n","protected":false},"author":2,"featured_media":331663,"comment_status":"","ping_status":"","sticky":false,"template":"","format":"standard","meta":{"footnotes":""},"categories":[9599],"tags":[1111,11,1777,674,1011,27,2208,12,2680,25],"class_list":{"0":"post-331662","1":"post","2":"type-post","3":"status-publish","4":"format-standard","5":"has-post-thumbnail","7":"category-montpellier","8":"tag-actu","9":"tag-actualites","10":"tag-eu","11":"tag-europe","12":"tag-fr","13":"tag-france","14":"tag-montpellier","15":"tag-news","16":"tag-occitanie","17":"tag-republique-francaise"},"share_on_mastodon":{"url":"https:\/\/pubeurope.com\/@fr\/115061340548213284","error":""},"_links":{"self":[{"href":"https:\/\/www.europesays.com\/fr\/wp-json\/wp\/v2\/posts\/331662","targetHints":{"allow":["GET"]}}],"collection":[{"href":"https:\/\/www.europesays.com\/fr\/wp-json\/wp\/v2\/posts"}],"about":[{"href":"https:\/\/www.europesays.com\/fr\/wp-json\/wp\/v2\/types\/post"}],"author":[{"embeddable":true,"href":"https:\/\/www.europesays.com\/fr\/wp-json\/wp\/v2\/users\/2"}],"replies":[{"embeddable":true,"href":"https:\/\/www.europesays.com\/fr\/wp-json\/wp\/v2\/comments?post=331662"}],"version-history":[{"count":0,"href":"https:\/\/www.europesays.com\/fr\/wp-json\/wp\/v2\/posts\/331662\/revisions"}],"wp:featuredmedia":[{"embeddable":true,"href":"https:\/\/www.europesays.com\/fr\/wp-json\/wp\/v2\/media\/331663"}],"wp:attachment":[{"href":"https:\/\/www.europesays.com\/fr\/wp-json\/wp\/v2\/media?parent=331662"}],"wp:term":[{"taxonomy":"category","embeddable":true,"href":"https:\/\/www.europesays.com\/fr\/wp-json\/wp\/v2\/categories?post=331662"},{"taxonomy":"post_tag","embeddable":true,"href":"https:\/\/www.europesays.com\/fr\/wp-json\/wp\/v2\/tags?post=331662"}],"curies":[{"name":"wp","href":"https:\/\/api.w.org\/{rel}","templated":true}]}}