{"id":331664,"date":"2025-08-20T13:31:13","date_gmt":"2025-08-20T13:31:13","guid":{"rendered":"https:\/\/www.europesays.com\/fr\/331664\/"},"modified":"2025-08-20T13:31:13","modified_gmt":"2025-08-20T13:31:13","slug":"comment-les-joueurs-du-montpellier-herault-rugby-sentrainent-au-frais-dans-les-pyrenees","status":"publish","type":"post","link":"https:\/\/www.europesays.com\/fr\/331664\/","title":{"rendered":"Comment les joueurs du Montpellier H\u00e9rault Rugby s\u2019entra\u00eenent au frais, dans les Pyr\u00e9n\u00e9es"},"content":{"rendered":"<p>Les clubs du top 14 encha\u00eenent leur pr\u00e9paration dans les Hautes-Pyr\u00e9n\u00e9es. Apr\u00e8s le Castres Olympique, de passage en ao\u00fbt, c\u2019est au tour des joueurs du Montpellier H\u00e9rault Rugby de prendre possession du stade de Valgora, \u00e0 G\u00e9nos-Loudenvielle. Les rugbymen sont arriv\u00e9s dans la vall\u00e9e du Louron pour pr\u00e9parer leur saison ce mardi 19\u00a0ao\u00fbt et doivent rester jusqu\u2019au vendredi 22\u00a0ao\u00fbt.\u00a0D\u00e9j\u00e0 venue\u00a0au printemps, l\u2019\u00e9quipe revient profiter des conditions optimales de la vall\u00e9e.\u00a0\u00a0\u00bb\u00a0Chez nous il fait 42\u00a0\u00b0C, nous venons au frais \u00e0 la montagne pour pr\u00e9parer la saison dans des infrastructures fantastiques\u2026 tout est r\u00e9uni. L\u2019objectif de la saison est de se qualifier pour les phases<br \/>finales \u00ab\u00a0, a notamment assur\u00e9 Bernard Laporte, le pr\u00e9sident d\u00e9l\u00e9gu\u00e9 du Montpellier H\u00e9rault Rugby, qui a fait le d\u00e9placement.\u00a0\u00a0\u00bb\u00a0On passe une semaine ensemble, quotidiennement couch\u00e9s et lev\u00e9s ensemble, pour cr\u00e9er des liens pour le collectif. On cherche aussi le frais\u00a0: chez nous il fait 42\u00b0C\u00a0\u00bb, a confirm\u00e9 Joan Caudullo, manager du MHR.<\/p>\n<p>        <img decoding=\"async\" class=\"std-img__img responsive-img\" src=\"https:\/\/www.europesays.com\/fr\/wp-content\/uploads\/2025\/08\/1755696673_510_image.jpg\" alt=\"Michel P\u00e9lieu et Bernard Laporte.\"\/><\/p>\n<p>                Michel P\u00e9lieu et Bernard Laporte.<br \/>\n                                    Reproduction autoris\u00e9e  Nathan Birrien<\/p>\n<p>Bernard Laporte a profit\u00e9 de l\u2019occasion pour venir \u00e0 la rencontre de Michel P\u00e9lieu, le pr\u00e9sident du syndicat thermal et touristique de la Haute Vall\u00e9e du Louron, qui a rappel\u00e9 les \u00e9tapes du d\u00e9veloppement de la vall\u00e9e\u00a0:<br \/>Baln\u00e9a, l\u2019h\u00f4tel Mercure, ainsi que Valgora et le terrain de rugby de Loudenvielle, d\u00e9sormais r\u00e9f\u00e9rences pour l\u2019accueil des clubs<br \/>pros.<\/p>\n<p>Mais la vall\u00e9e du Louron ne se contente pas d\u2019accueillir les joueurs professionnels du Top 14. Le site va \u00e9galement recevoir, du 24 au 25\u00a0ao\u00fbt, le Toulouse Football Club F\u00e9minin, un fight crew de boxe, du 30 au 31\u00a0ao\u00fbt, de la lutte internationale sur sable le 21\u00a0ao\u00fbt, du triathlon jusqu\u2019au 22\u00a0ao\u00fbt\u00a0avec le Landerneau Triathlon en stage et du basket, avec Game time et l\u2019Etoile sportive Gimontoise, du\u00a024 au 31\u00a0ao\u00fbt.\u00a0C\u00f4t\u00e9 boxe, la vall\u00e9e attire aussi des champions gr\u00e2ce \u00e0 Lucien Capot (directeur de l\u2019Institut sportif du Louron, ex-pr\u00e9parateur physique du club de Blagnac). Parmi eux\u00a0: Billal Bennama (vice-champion olympique), Abibe Bennama (champion de France pro) et Thomas Jean Georges.<\/p>\n","protected":false},"excerpt":{"rendered":"Les clubs du top 14 encha\u00eenent leur pr\u00e9paration dans les Hautes-Pyr\u00e9n\u00e9es. Apr\u00e8s le Castres Olympique, de passage en&hellip;\n","protected":false},"author":2,"featured_media":331665,"comment_status":"","ping_status":"","sticky":false,"template":"","format":"standard","meta":{"footnotes":""},"categories":[9599],"tags":[1111,11,1777,674,1011,27,2208,12,2680,25],"class_list":{"0":"post-331664","1":"post","2":"type-post","3":"status-publish","4":"format-standard","5":"has-post-thumbnail","7":"category-montpellier","8":"tag-actu","9":"tag-actualites","10":"tag-eu","11":"tag-europe","12":"tag-fr","13":"tag-france","14":"tag-montpellier","15":"tag-news","16":"tag-occitanie","17":"tag-republique-francaise"},"share_on_mastodon":{"url":"https:\/\/pubeurope.com\/@fr\/115061344518838151","error":""},"_links":{"self":[{"href":"https:\/\/www.europesays.com\/fr\/wp-json\/wp\/v2\/posts\/331664","targetHints":{"allow":["GET"]}}],"collection":[{"href":"https:\/\/www.europesays.com\/fr\/wp-json\/wp\/v2\/posts"}],"about":[{"href":"https:\/\/www.europesays.com\/fr\/wp-json\/wp\/v2\/types\/post"}],"author":[{"embeddable":true,"href":"https:\/\/www.europesays.com\/fr\/wp-json\/wp\/v2\/users\/2"}],"replies":[{"embeddable":true,"href":"https:\/\/www.europesays.com\/fr\/wp-json\/wp\/v2\/comments?post=331664"}],"version-history":[{"count":0,"href":"https:\/\/www.europesays.com\/fr\/wp-json\/wp\/v2\/posts\/331664\/revisions"}],"wp:featuredmedia":[{"embeddable":true,"href":"https:\/\/www.europesays.com\/fr\/wp-json\/wp\/v2\/media\/331665"}],"wp:attachment":[{"href":"https:\/\/www.europesays.com\/fr\/wp-json\/wp\/v2\/media?parent=331664"}],"wp:term":[{"taxonomy":"category","embeddable":true,"href":"https:\/\/www.europesays.com\/fr\/wp-json\/wp\/v2\/categories?post=331664"},{"taxonomy":"post_tag","embeddable":true,"href":"https:\/\/www.europesays.com\/fr\/wp-json\/wp\/v2\/tags?post=331664"}],"curies":[{"name":"wp","href":"https:\/\/api.w.org\/{rel}","templated":true}]}}