{"id":331666,"date":"2025-08-20T13:32:10","date_gmt":"2025-08-20T13:32:10","guid":{"rendered":"https:\/\/www.europesays.com\/fr\/331666\/"},"modified":"2025-08-20T13:32:10","modified_gmt":"2025-08-20T13:32:10","slug":"les-autorites-de-sante-dans-le-deni-le-recap-de-nos-enquetes","status":"publish","type":"post","link":"https:\/\/www.europesays.com\/fr\/331666\/","title":{"rendered":"les autorit\u00e9s de sant\u00e9 dans le d\u00e9ni ? Le r\u00e9cap&rsquo; de nos enqu\u00eates"},"content":{"rendered":"<p>            Par<br \/>\n        <strong><br \/>\n            <a href=\"https:\/\/actu.fr\/auteur\/valentin-lebosse\" title=\"Consulter tous les articles de Valentin Leboss\u00e9\" rel=\"nofollow noopener\" target=\"_blank\">Valentin Leboss\u00e9<\/a><br \/>\n        <\/strong><\/p>\n<p>        Publi\u00e9 le<\/p>\n<p>            20 ao\u00fbt 2025 \u00e0 14h29        <\/p>\n<p>Aujourd\u2019hui en France, pr\u00e8s de quatre millions de personnes ont ou ont eu un <strong>cancer<\/strong>. Le nombre de nouveaux cas est pass\u00e9 de 150 000 \u00e0 pr\u00e8s de <strong>400 000 par an<\/strong>, entre 1985 et 2019. Ce qui fait dire \u00e0 certains sp\u00e9cialistes interrog\u00e9s par <a href=\"https:\/\/actu.fr\/enquetes-d-actu\/\" rel=\"nofollow noopener\" target=\"_blank\">Enqu\u00eates d\u2019actu<\/a> que notre pays est confront\u00e9 \u00e0 une \u00ab \u00e9pid\u00e9mie de cancers \u00bb, y compris chez les enfants. Un constat inqui\u00e9tant, \u00e0 rebours de la prudence des autorit\u00e9s sanitaires qui se voient reprocher de ne pas pousser assez loin leurs investigations sur les causes.<\/p>\n<p>Une \u00ab\u00a0\u00e9pid\u00e9mie de cancers\u00a0\u00bb en France\u00a0?<\/p>\n<p class=\" wall-content\">Pour en savoir plus, d\u00e9couvrez <strong>nos enqu\u00eates<\/strong> consacr\u00e9es \u00e0 l\u2019augmentation des cas de cancers :<\/p>\n<ul class=\" wall-content\">\n<li><a href=\"https:\/\/actu.fr\/societe\/enquete-sante-la-france-est-elle-confrontee-a-une-epidemie-de-cancers_50015711.html\" rel=\"nofollow noopener\" target=\"_blank\">La France est-elle confront\u00e9e \u00e0 une \u00ab \u00e9pid\u00e9mie \u00bb de cancers ?<\/a> Selon les statistiques officielles, leur nombre a augment\u00e9 de 65 % chez les hommes et a quasiment doubl\u00e9 chez les femmes, entre 1990 et 2018. Est-ce une \u00e9pid\u00e9mie grave ou cela s\u2019explique-t-il principalement par le vieillissement de la population ? Deux visions scientifiques s\u2019opposent.<\/li>\n<li><a href=\"https:\/\/actu.fr\/societe\/cancer-du-sein-le-lien-avec-la-pollution-de-l-air-devient-de-plus-en-plus-clair_54603854.html\" rel=\"nofollow noopener\" target=\"_blank\">Cancer du sein : le lien avec la pollution de l\u2019air \u00ab devient de plus en plus clair \u00bb<\/a>. Une \u00e9tude du centre L\u00e9on-B\u00e9rard de Lyon vient renforcer la th\u00e8se d\u2019un lien entre cancer du sein et pollution atmosph\u00e9rique.<\/li>\n<\/ul>\n<p>Cancers d\u2019enfants : des clusters inexpliqu\u00e9s<\/p>\n<ul class=\" wall-content\">\n<li><a href=\"https:\/\/actu.fr\/societe\/enquete-les-cancers-de-la-peau-en-forte-augmentation-le-soleil-est-il-le-seul-coupable_59688095.html\" rel=\"nofollow noopener\" target=\"_blank\">Les cancers de la peau en forte augmentation : le soleil est-il le seul coupable ?<\/a> 100 000 nouveaux cancers de la peau sont d\u00e9pist\u00e9s chaque ann\u00e9e en France. Le chiffre double tous les dix ans. Mais l\u2019exposition aux UV solaires n\u2019explique pas tout.<\/li>\n<li><a href=\"https:\/\/actu.fr\/societe\/enquete-aucune-explication-aux-clusters-de-cancers-d-enfants-l-echec-des-autorites-de-sante_46004714.html\" rel=\"nofollow noopener\" target=\"_blank\">Aucune explication aux clusters de cancers d\u2019enfants : l\u2019\u00e9chec des autorit\u00e9s de sant\u00e9 ?<\/a> Plusieurs territoires connaissent une forte concentration de cancers p\u00e9diatriques. Les familles se mobilisent pour alerter sur ces drames et en trouver la ou les causes, mais pour le moment, les institutions publiques n\u2019ont aucune explication \u00e0 donner.<\/li>\n<\/ul>\n<p class=\" wall-content\">Personnalisez votre actualit\u00e9 en ajoutant vos villes et m\u00e9dias en favori avec <a href=\"https:\/\/moncompte.actu.fr\" title=\"D\u00e9couvez Mon Actu\" rel=\"nofollow noopener\" data-trk=\"{&quot;cta&quot;:{&quot;action&quot;:&quot;https:\\\/\\\/moncompte.actu.fr&quot;,&quot;category&quot;:&quot;mon compte&quot;,&quot;from&quot;:&quot;article footer&quot;,&quot;name&quot;:&quot;Mon actu&quot;,&quot;type&quot;:&quot;cta&quot;}}\" target=\"_blank\">Mon Actu<\/a>.<\/p>\n","protected":false},"excerpt":{"rendered":"Par Valentin Leboss\u00e9 Publi\u00e9 le 20 ao\u00fbt 2025 \u00e0 14h29 Aujourd\u2019hui en France, pr\u00e8s de quatre millions de&hellip;\n","protected":false},"author":2,"featured_media":331667,"comment_status":"","ping_status":"","sticky":false,"template":"","format":"standard","meta":{"footnotes":""},"categories":[9587],"tags":[1111,11,101,436,1777,674,1011,27,12,5161,25,9590,71,104],"class_list":{"0":"post-331666","1":"post","2":"type-post","3":"status-publish","4":"format-standard","5":"has-post-thumbnail","7":"category-rouen","8":"tag-actu","9":"tag-actualites","10":"tag-cancer","11":"tag-environnement","12":"tag-eu","13":"tag-europe","14":"tag-fr","15":"tag-france","16":"tag-news","17":"tag-normandie","18":"tag-republique-francaise","19":"tag-rouen","20":"tag-sante","21":"tag-societe"},"share_on_mastodon":{"url":"https:\/\/pubeurope.com\/@fr\/115061348340332567","error":""},"_links":{"self":[{"href":"https:\/\/www.europesays.com\/fr\/wp-json\/wp\/v2\/posts\/331666","targetHints":{"allow":["GET"]}}],"collection":[{"href":"https:\/\/www.europesays.com\/fr\/wp-json\/wp\/v2\/posts"}],"about":[{"href":"https:\/\/www.europesays.com\/fr\/wp-json\/wp\/v2\/types\/post"}],"author":[{"embeddable":true,"href":"https:\/\/www.europesays.com\/fr\/wp-json\/wp\/v2\/users\/2"}],"replies":[{"embeddable":true,"href":"https:\/\/www.europesays.com\/fr\/wp-json\/wp\/v2\/comments?post=331666"}],"version-history":[{"count":0,"href":"https:\/\/www.europesays.com\/fr\/wp-json\/wp\/v2\/posts\/331666\/revisions"}],"wp:featuredmedia":[{"embeddable":true,"href":"https:\/\/www.europesays.com\/fr\/wp-json\/wp\/v2\/media\/331667"}],"wp:attachment":[{"href":"https:\/\/www.europesays.com\/fr\/wp-json\/wp\/v2\/media?parent=331666"}],"wp:term":[{"taxonomy":"category","embeddable":true,"href":"https:\/\/www.europesays.com\/fr\/wp-json\/wp\/v2\/categories?post=331666"},{"taxonomy":"post_tag","embeddable":true,"href":"https:\/\/www.europesays.com\/fr\/wp-json\/wp\/v2\/tags?post=331666"}],"curies":[{"name":"wp","href":"https:\/\/api.w.org\/{rel}","templated":true}]}}