{"id":331668,"date":"2025-08-20T13:33:26","date_gmt":"2025-08-20T13:33:26","guid":{"rendered":"https:\/\/www.europesays.com\/fr\/331668\/"},"modified":"2025-08-20T13:33:26","modified_gmt":"2025-08-20T13:33:26","slug":"deux-cambrioleurs-arretes-en-plein-larcin-a-rouen","status":"publish","type":"post","link":"https:\/\/www.europesays.com\/fr\/331668\/","title":{"rendered":"Deux cambrioleurs arr\u00eat\u00e9s en plein larcin \u00e0 Rouen"},"content":{"rendered":"<p>Deux personnes de 22 et 39 ans ont \u00e9t\u00e9 arr\u00eat\u00e9es en plein cambriolage dans une maison de la rive droite \u00e0 Rouen, mardi soir. Les policiers les ont trouv\u00e9s en train de sortir de la cave avec des bouteilles de vin dans les bras.<\/p>\n<p>Deux cambrioleurs ont \u00e9t\u00e9\u00a0<strong>arr\u00eat\u00e9s en plein larcin<\/strong> ce mardi 19 ao\u00fbt 2025 \u00e0 Rouen. Un peu avant minuit, les policiers se sont rendus devant une maison, rive-droite. Le propri\u00e9taire est \u00e0 Paris en ce moment, mais ils ont remarqu\u00e9 des lumi\u00e8res allum\u00e9es au rez-de-chauss\u00e9e et des faisceaux de lampes torches \u00e0 l&rsquo;\u00e9tage.<\/p>\n<p>Les cambrioleurs arr\u00eat\u00e9s sur place<\/p>\n<p>Le verrou de la porte d&rsquo;entr\u00e9e \u00e9tait cass\u00e9. \u00c0 l&rsquo;int\u00e9rieur, les pompiers ont retrouv\u00e9 <strong>la maison en d\u00e9sordre, les meubles fouill\u00e9s<\/strong> et de nombreux tiroirs vid\u00e9s. Au milieu du salon\u00a0: une valise ouverte remplie de divers objets, ainsi qu&rsquo;un instrument de musique de type luth, pr\u00eats \u00e0 \u00eatre emport\u00e9s.<\/p>\n<p>En entendant des bruits venant de la cave, ils se sont post\u00e9s \u00e0 la sortie et ont <strong>surpris deux hommes en train d&rsquo;en remonter avec des bouteilles de vin<\/strong> dans les bras. L&rsquo;un d&rsquo;eux avait une lampe torche dans la poche et l&rsquo;autre un couteau repli\u00e9.<\/p>\n<p><strong>\u00c2g\u00e9s de 22 et 39 ans, ils ont reconnu les faits<\/strong> et \u00e9t\u00e9 plac\u00e9s en garde \u00e0 vue.<\/p>\n","protected":false},"excerpt":{"rendered":"Deux personnes de 22 et 39 ans ont \u00e9t\u00e9 arr\u00eat\u00e9es en plein cambriolage dans une maison de la&hellip;\n","protected":false},"author":2,"featured_media":331669,"comment_status":"","ping_status":"","sticky":false,"template":"","format":"standard","meta":{"footnotes":""},"categories":[9587],"tags":[1111,11,1777,674,1011,27,12,5161,25,9590],"class_list":{"0":"post-331668","1":"post","2":"type-post","3":"status-publish","4":"format-standard","5":"has-post-thumbnail","7":"category-rouen","8":"tag-actu","9":"tag-actualites","10":"tag-eu","11":"tag-europe","12":"tag-fr","13":"tag-france","14":"tag-news","15":"tag-normandie","16":"tag-republique-francaise","17":"tag-rouen"},"share_on_mastodon":{"url":"https:\/\/pubeurope.com\/@fr\/115061352255101300","error":""},"_links":{"self":[{"href":"https:\/\/www.europesays.com\/fr\/wp-json\/wp\/v2\/posts\/331668","targetHints":{"allow":["GET"]}}],"collection":[{"href":"https:\/\/www.europesays.com\/fr\/wp-json\/wp\/v2\/posts"}],"about":[{"href":"https:\/\/www.europesays.com\/fr\/wp-json\/wp\/v2\/types\/post"}],"author":[{"embeddable":true,"href":"https:\/\/www.europesays.com\/fr\/wp-json\/wp\/v2\/users\/2"}],"replies":[{"embeddable":true,"href":"https:\/\/www.europesays.com\/fr\/wp-json\/wp\/v2\/comments?post=331668"}],"version-history":[{"count":0,"href":"https:\/\/www.europesays.com\/fr\/wp-json\/wp\/v2\/posts\/331668\/revisions"}],"wp:featuredmedia":[{"embeddable":true,"href":"https:\/\/www.europesays.com\/fr\/wp-json\/wp\/v2\/media\/331669"}],"wp:attachment":[{"href":"https:\/\/www.europesays.com\/fr\/wp-json\/wp\/v2\/media?parent=331668"}],"wp:term":[{"taxonomy":"category","embeddable":true,"href":"https:\/\/www.europesays.com\/fr\/wp-json\/wp\/v2\/categories?post=331668"},{"taxonomy":"post_tag","embeddable":true,"href":"https:\/\/www.europesays.com\/fr\/wp-json\/wp\/v2\/tags?post=331668"}],"curies":[{"name":"wp","href":"https:\/\/api.w.org\/{rel}","templated":true}]}}