{"id":331674,"date":"2025-08-20T13:37:11","date_gmt":"2025-08-20T13:37:11","guid":{"rendered":"https:\/\/www.europesays.com\/fr\/331674\/"},"modified":"2025-08-20T13:37:11","modified_gmt":"2025-08-20T13:37:11","slug":"lajax-fixe-le-prix-de-brian-brobbey","status":"publish","type":"post","link":"https:\/\/www.europesays.com\/fr\/331674\/","title":{"rendered":"L\u2019Ajax fixe le prix de Brian Brobbey"},"content":{"rendered":"<p>En qu\u00eate d\u2019un attaquant axial apr\u00e8s <a href=\"https:\/\/www.footmercato.net\/a3221276532566999637-nottingham-forest-soffre-arnaud-kalimuendo\" rel=\"nofollow noopener\" target=\"_blank\">le d\u00e9part d\u2019Arnaud Kalimuendo vers Notthingham Forrest<\/a>, le Stade Rennais ciblerait un international hollandais. Selon <a href=\"https:\/\/www.telegraaf.nl\/sport\/voetbal\/stade-rennes-kent-vraagprijs-ajax-spits-brian-brobbey-akkoord-tussen-clubs-lijkt-aanstaande\/84717634.html\" rel=\"nofollow noopener\" target=\"_blank\">De Telegraaf<\/a>, les deux camps discutent autour d\u2019un transfert. L\u2019Ajax Amsterdam r\u00e9clame 25 M\u20ac avec un pourcentage \u00e0 la revente pour <a href=\"https:\/\/www.footmercato.net\/joueur\/brian-brobbey\/\" rel=\"nofollow noopener\" target=\"_blank\">Brian Brobbey<\/a> (23 ans). <\/p>\n<p>            La suite apr\u00e8s cette publicit\u00e9<\/p>\n<p><a href=\"https:\/\/www.footmercato.net\/a1343318548536006177-brian-brobbey-dans-le-viseur-dun-cador-italien\" rel=\"nofollow noopener\" target=\"_blank\">Du c\u00f4t\u00e9 de l\u2019Ajax<\/a>, la vente de Brobbey permettrait de financer l\u2019achat d\u2019un milieu d\u00e9fensif. Le club privil\u00e9gie un transfert d\u00e9finitif, mais n\u2019exclut pas un pr\u00eat si n\u00e9cessaire. D\u2019autres jeunes cibles de l\u2019Ajax, comme Chema Andres, Tyler Morton et Mario Martin, ont d\u00e9j\u00e0 quitt\u00e9 leurs clubs respectifs, compliquant la strat\u00e9gie de recrutement. L\u2019Ajax travaille donc activement pour s\u00e9curiser un nouveau milieu d\u00e9fensif et, si Brobbey part, un attaquant suppl\u00e9mentaire. Brobbey n\u2019a inscrit que 7 buts avec l\u2019Ajax la saison pass\u00e9e, toutes comp\u00e9titions confondues.<\/p>\n<p>\n    Pub. le 20\/08\/2025 15:25<br \/>\n            &#8211; MAJ le 20\/08\/2025 15:34\n    <\/p>\n","protected":false},"excerpt":{"rendered":"En qu\u00eate d\u2019un attaquant axial apr\u00e8s le d\u00e9part d\u2019Arnaud Kalimuendo vers Notthingham Forrest, le Stade Rennais ciblerait un&hellip;\n","protected":false},"author":2,"featured_media":331675,"comment_status":"","ping_status":"","sticky":false,"template":"","format":"standard","meta":{"footnotes":""},"categories":[2821],"tags":[1111,11,829,1777,674,1011,27,12,584,25],"class_list":{"0":"post-331674","1":"post","2":"type-post","3":"status-publish","4":"format-standard","5":"has-post-thumbnail","7":"category-rennes","8":"tag-actu","9":"tag-actualites","10":"tag-bretagne","11":"tag-eu","12":"tag-europe","13":"tag-fr","14":"tag-france","15":"tag-news","16":"tag-rennes","17":"tag-republique-francaise"},"share_on_mastodon":{"url":"https:\/\/pubeurope.com\/@fr\/115061368114990046","error":""},"_links":{"self":[{"href":"https:\/\/www.europesays.com\/fr\/wp-json\/wp\/v2\/posts\/331674","targetHints":{"allow":["GET"]}}],"collection":[{"href":"https:\/\/www.europesays.com\/fr\/wp-json\/wp\/v2\/posts"}],"about":[{"href":"https:\/\/www.europesays.com\/fr\/wp-json\/wp\/v2\/types\/post"}],"author":[{"embeddable":true,"href":"https:\/\/www.europesays.com\/fr\/wp-json\/wp\/v2\/users\/2"}],"replies":[{"embeddable":true,"href":"https:\/\/www.europesays.com\/fr\/wp-json\/wp\/v2\/comments?post=331674"}],"version-history":[{"count":0,"href":"https:\/\/www.europesays.com\/fr\/wp-json\/wp\/v2\/posts\/331674\/revisions"}],"wp:featuredmedia":[{"embeddable":true,"href":"https:\/\/www.europesays.com\/fr\/wp-json\/wp\/v2\/media\/331675"}],"wp:attachment":[{"href":"https:\/\/www.europesays.com\/fr\/wp-json\/wp\/v2\/media?parent=331674"}],"wp:term":[{"taxonomy":"category","embeddable":true,"href":"https:\/\/www.europesays.com\/fr\/wp-json\/wp\/v2\/categories?post=331674"},{"taxonomy":"post_tag","embeddable":true,"href":"https:\/\/www.europesays.com\/fr\/wp-json\/wp\/v2\/tags?post=331674"}],"curies":[{"name":"wp","href":"https:\/\/api.w.org\/{rel}","templated":true}]}}