{"id":331678,"date":"2025-08-20T13:39:15","date_gmt":"2025-08-20T13:39:15","guid":{"rendered":"https:\/\/www.europesays.com\/fr\/331678\/"},"modified":"2025-08-20T13:39:15","modified_gmt":"2025-08-20T13:39:15","slug":"ismael-doukoure-a-finalement-prolonge-avec-strasbourg-france-strasbourg","status":"publish","type":"post","link":"https:\/\/www.europesays.com\/fr\/331678\/","title":{"rendered":"Isma\u00ebl Doukour\u00e9 a finalement prolong\u00e9 avec Strasbourg &#8211; France &#8211; Strasbourg"},"content":{"rendered":"<p>Les Alsaciens montrent qu\u2019ils ont les reins solides.<\/p>\n<p>En grande difficult\u00e9 pour garder ses anciennes p\u00e9pites, <a target=\"_blank\" href=\"https:\/\/www.sofoot.com\/articles\/blueco-a-strasbourg-essayer-la-multipropriete-ce-nest-pas-encore-ladopter\" rel=\"nofollow noopener\">Strasbourg a chang\u00e9 de dimension depuis le rachat du club par BlueCo<\/a>. Une chose est s\u00fbre, le club fran\u00e7ais s\u2019est mis \u00e0 faire comme Chelsea, en empilant les jeunes joueurs. <strong><a target=\"_blank\" href=\"https:\/\/www.sofoot.com\/articles\/cest-quoi-ce-mercato-de-zinzin-a-strasbourg\" rel=\"nofollow noopener\">Des achats \u00e0 la pelle pour des Strasbourgeois <\/a><\/strong>qui viennent de prolonger un de leur meilleur \u00e9l\u00e9ment, Isma\u00ebl Doukour\u00e9.<\/p>\n<p><strong>L\u2019ancien de Valenciennes a sign\u00e9 jusqu\u2019en 2028 avec les Alsaciens<\/strong>. Une bien belle nouvelle pour Emegha et les siens, compte tenu de l\u2019importance du gamin dans l\u2019effectif de Liam Rosenior.<\/p>\n<p>\u00ab\u202fUne d\u00e9cision professionnelle et non pas personnelle\u202f\u00bb<\/p>\n<p>L\u2019Anglais s\u2019\u00e9tait d\u2019ailleurs montr\u00e9 tr\u00e8s clair sur le sujet, lors de la conf\u00e9rence de presse de vendredi dernier, alors que les siens joueront <a target=\"_blank\" href=\"https:\/\/www.sofoot.com\/breves\/ligue-conference-strasbourg-affrontera-brondby-en-barrage\" rel=\"noopener nofollow\">Br\u00f8ndby jeudi soir lors des barrages de la Ligue Conf\u00e9rence<\/a>. \u00ab\u202f<strong>O<\/strong><strong>n lui a donn\u00e9 une date limite pour sa prolongation, et on lui a bien fait comprendre que s\u2019il ne signait pas avant celle-ci, il irait s\u2019entra\u00eener avec la r\u00e9serve.<\/strong> Mais la porte n\u2019est pas ferm\u00e9e. C\u2019est une d\u00e9cision professionnelle et non pas personnelle. J\u2019aimerais vraiment qu\u2019on trouve un accord mais si ce n\u2019est pas le cas, le club continuera \u00e0 progresser. Personne n\u2019est indispensable\u2026 \u202f\u00bb Pas indispensable peut-\u00eatre, mais les Strasbourgeois auraient fait un bel effort pour que Doukour\u00e9 reste en Alsace, en faisant de lui le joueur le mieux pay\u00e9 de l\u2019effectif.<\/p>\n<p>En attendant son achat par Chelsea dans deux ans.<\/p>\n<p>\t\t\t\t\t\t\t\t\t\t<a class=\"lien-connexe\" href=\"https:\/\/www.sofoot.com\/breves\/le-barrage-de-ligue-conference-entre-strasbourg-et-brondby-sur-le-twitch-de-rmc-sport\" rel=\"nofollow noopener\" target=\"_blank\">Bonne nouvelle\u202f: Strasbourg-Br\u00f8ndby diffus\u00e9 en clair<\/a>\t\t\t\t\t<\/p>\n","protected":false},"excerpt":{"rendered":"Les Alsaciens montrent qu\u2019ils ont les reins solides. En grande difficult\u00e9 pour garder ses anciennes p\u00e9pites, Strasbourg a&hellip;\n","protected":false},"author":2,"featured_media":331679,"comment_status":"","ping_status":"","sticky":false,"template":"","format":"standard","meta":{"footnotes":""},"categories":[2820],"tags":[1111,47,11,61,69,65,64,1777,674,63,1011,27,775,68,66,12,62,70,25,67,640],"class_list":{"0":"post-331678","1":"post","2":"type-post","3":"status-publish","4":"format-standard","5":"has-post-thumbnail","7":"category-strasbourg","8":"tag-actu","9":"tag-actualite","10":"tag-actualites","11":"tag-actus-football","12":"tag-bundesliga","13":"tag-championnats-europeens","14":"tag-equipe-de-france","15":"tag-eu","16":"tag-europe","17":"tag-football","18":"tag-fr","19":"tag-france","20":"tag-grand-est","21":"tag-ligua","22":"tag-ligue-1","23":"tag-news","24":"tag-news-foot","25":"tag-premier-league","26":"tag-republique-francaise","27":"tag-serie-a","28":"tag-strasbourg"},"share_on_mastodon":{"url":"https:\/\/pubeurope.com\/@fr\/115061375808840313","error":""},"_links":{"self":[{"href":"https:\/\/www.europesays.com\/fr\/wp-json\/wp\/v2\/posts\/331678","targetHints":{"allow":["GET"]}}],"collection":[{"href":"https:\/\/www.europesays.com\/fr\/wp-json\/wp\/v2\/posts"}],"about":[{"href":"https:\/\/www.europesays.com\/fr\/wp-json\/wp\/v2\/types\/post"}],"author":[{"embeddable":true,"href":"https:\/\/www.europesays.com\/fr\/wp-json\/wp\/v2\/users\/2"}],"replies":[{"embeddable":true,"href":"https:\/\/www.europesays.com\/fr\/wp-json\/wp\/v2\/comments?post=331678"}],"version-history":[{"count":0,"href":"https:\/\/www.europesays.com\/fr\/wp-json\/wp\/v2\/posts\/331678\/revisions"}],"wp:featuredmedia":[{"embeddable":true,"href":"https:\/\/www.europesays.com\/fr\/wp-json\/wp\/v2\/media\/331679"}],"wp:attachment":[{"href":"https:\/\/www.europesays.com\/fr\/wp-json\/wp\/v2\/media?parent=331678"}],"wp:term":[{"taxonomy":"category","embeddable":true,"href":"https:\/\/www.europesays.com\/fr\/wp-json\/wp\/v2\/categories?post=331678"},{"taxonomy":"post_tag","embeddable":true,"href":"https:\/\/www.europesays.com\/fr\/wp-json\/wp\/v2\/tags?post=331678"}],"curies":[{"name":"wp","href":"https:\/\/api.w.org\/{rel}","templated":true}]}}