{"id":33168,"date":"2025-04-18T04:21:13","date_gmt":"2025-04-18T04:21:13","guid":{"rendered":"https:\/\/www.europesays.com\/fr\/33168\/"},"modified":"2025-04-18T04:21:13","modified_gmt":"2025-04-18T04:21:13","slug":"bruno-guillon-reagit-a-larrivee-de-cyril-hanouna-sur-fun-radio","status":"publish","type":"post","link":"https:\/\/www.europesays.com\/fr\/33168\/","title":{"rendered":"Bruno Guillon r\u00e9agit \u00e0 l\u2019arriv\u00e9e de Cyril Hanouna sur Fun Radio"},"content":{"rendered":"<p>    Bruno Guillon et Cyril Hanouna<br \/>\n                Lafargue Raphael\/ABACA \/ Lafargue Raphael<\/p>\n<p>L\u2019ambiance s\u2019annonce \u00e9lectrique dans les locaux du groupe M6 d\u00e8s la rentr\u00e9e de septembre. Et pour cause. Le transfert de l\u2019ex-animateur de la Huit continue d\u2019\u00eatre controvers\u00e9.<\/p>\n<p class=\"fig-paragraph\">Une arriv\u00e9e loin de faire l\u2019unanimit\u00e9. Apr\u00e8s\u00a0<a href=\"http:\/\/tvmag.lefigaro.fr\/programme-tv\/actu-tele\/l-honneur-c-est-important-karine-le-marchand-refuse-de-poser-avec-cyril-hanouna-sur-les-photos-de-m6-20250309\" target=\"_blank\" data-fig-type=\"Article\" rel=\"noopener\" data-gtm-custom-categorie=\"navigation\" data-gtm-custom-action=\"crossclick\" data-gtm-custom-label=\"Contextuel\" data-gtm-event=\"customEventSPE\" data-fig-domain=\"TVMAG\">Karine Le Marchand<\/a>\u00a0c\u2019est Bruno Guillon, un autre animateur du groupe M6, qui a \u00e9mis quelques r\u00e9ticences \u00e0 l\u2019id\u00e9e de partager l\u2019antenne avec Cyril Hanouna. En effet, d\u00e8s le mois de septembre et selon les derni\u00e8res informations transmises, l\u2019animateur de \u00abTouche pas \u00e0 mon poste\u00a0!\u00bb devrait rejoindre W9 pour un talk-show quotidien mais \u00e9galement Fun Radio pour une \u00e9mission sur les ondes.<\/p>\n<p class=\"fig-paragraph\">Une collaboration qui s\u2019annonce compliqu\u00e9e, d\u2019autant plus qu\u2019ils ont tous deux partag\u00e9 leur r\u00e9pulsion mutuelle. L\u2019ex-animateur de la Huit avait lanc\u00e9\u00a0<a href=\"http:\/\/tvmag.lefigaro.fr\/programme-tv\/actu-tele\/un-tapissier-cyril-hanouna-s-attaque-violemment-a-bruno-guillon-avant-son-arrivee-dans-le-groupe-m6-20250310\" target=\"_blank\" data-fig-type=\"Article\" rel=\"noopener\" data-gtm-custom-categorie=\"navigation\" data-gtm-custom-action=\"crossclick\" data-gtm-custom-label=\"Contextuel\" data-gtm-event=\"customEventSPE\" data-fig-domain=\"TVMAG\">les hostilit\u00e9s<\/a>\u00a0en mars dernier en qualifiant son futur coll\u00e8gue de \u00abtapissier\u00bb apr\u00e8s que ce dernier a selon lui refus\u00e9 de poser avec lui sur les photos promotionnelles. Cyril Hanouna \u00e9tait all\u00e9 jusqu\u2019\u00e0 proposer de le faire remplacer par Cauet. Des propos imm\u00e9diatement\u00a0<a href=\"http:\/\/tvmag.lefigaro.fr\/programme-tv\/actu-tele\/le-groupe-m6-regrette-vivement-les-propos-tenus-dans-tpmp-le-futur-employeur-de-cyril-hanouna-defend-bruno-guillon-20250312\" target=\"_blank\" data-fig-type=\"Article\" rel=\"noopener\" data-gtm-custom-categorie=\"navigation\" data-gtm-custom-action=\"crossclick\" data-gtm-custom-label=\"Contextuel\" data-gtm-event=\"customEventSPE\" data-fig-domain=\"TVMAG\">regrett\u00e9s par le groupe M6<\/a>, ayant \u00e0 c\u0153ur de d\u00e9fendre leur animateur en exercice.<\/p>\n<p class=\"fig-body-link\">\n            \u00c0 lire aussi<br \/>\n        <a class=\"fig-body-link__link\" href=\"http:\/\/tvmag.lefigaro.fr\/programme-tv\/actu-tele\/clauses-dans-le-contrat-ligne-editoriale-les-derniers-details-de-l-arrivee-de-cyril-hanouna-sur-m6-20250415\" target=\"_blank\" data-fig-type=\"Article\" rel=\"noopener\" data-gtm-custom-categorie=\"navigation\" data-gtm-custom-action=\"crossclick\" data-gtm-custom-label=\"Contextuel\" data-gtm-event=\"customEventSPE\" data-fig-domain=\"TVMAG\">Clauses dans le contrat, ligne \u00e9ditoriale&#8230; Les derniers d\u00e9tails de l\u2019arriv\u00e9e de Cyril Hanouna sur M6<br \/>\n    <\/a>\n<\/p>\n<p class=\"fig-paragraph\">Et la pol\u00e9mique n\u2019a pas \u00e9chapp\u00e9 aux m\u00e9dias. En promo pour ces divers formats radio, t\u00e9l\u00e9 et sur YouTube, Bruno Guillon \u00e9tait l\u2019invit\u00e9 de \u00abQuotidien\u00bb ce jeudi 17 avril. \u00abOn parlait d\u2019un Cyril [F\u00e9raud NDLR]. Est-ce qu\u2019on peut ouvrir un autre dossier d\u2019un autre Cyril\u00a0?\u00bb, s\u2019est aventur\u00e9 \u00e0 demander Yann Barth\u00e8s \u00e0 son invit\u00e9. Le Cyril en question n\u2019est autre que Cyril Hanouna. Et le dossier en question fait r\u00e9f\u00e9rence \u00e0 cette fameuse arriv\u00e9e prochaine.<\/p>\n<p>\u00a0\u00bb<br \/>\n        data-script=\u00a0\u00bbhttps:\/\/static.lefigaro.fr\/widget-video\/short-ttl\/video\/index.js\u00a0\u00bb<br \/>\n    &gt;<\/p>\n<p>\u00abOn parle de cet ami commun\u00a0?\u00bb<\/p>\n<p class=\"fig-paragraph\">\u00abEst-ce que vous \u00eates en train de me parler d\u2019un ami que l\u2019on a en commun\u00a0? Est-ce que vous voulez qu\u2019on parle de cet ami commun\u00a0?\u00bb, lance Bruno Guillon pour s\u2019assurer qu\u2019il s\u2019agit bien de Cyril Hanouna mais \u00e9galement pour marquer l\u2019aversion du pr\u00e9sentateur de \u00abQuotidien\u00bb pour son homologue. \u00abAh oui\u00a0! Alors c\u2019est le m\u00eame\u00bb, s\u2019amuse Yann Barth\u00e8s avant d\u2019entrer dans le jeu de son invit\u00e9 en questionnant\u00a0: \u00abSi cet ami commun arrive sur Fun Radio, tout va bien se passer\u00a0?\u00bb<\/p>\n<p class=\"fig-paragraph\">Une interrogation qui a toute sa l\u00e9gitimit\u00e9 au regard des r\u00e9cents \u00e9v\u00e9nements. En effet,\u00a0<a href=\"http:\/\/tvmag.lefigaro.fr\/programme-tv\/actu-tele\/hors-de-question-que-je-partage-l-antenne-avec-ce-gars-l-enregistrement-compromettant-de-bruno-guillon-sur-cyril-hanouna-20250416\" target=\"_blank\" data-fig-type=\"Article\" rel=\"noopener\" data-gtm-custom-categorie=\"navigation\" data-gtm-custom-action=\"crossclick\" data-gtm-custom-label=\"Contextuel\" data-gtm-event=\"customEventSPE\" data-fig-domain=\"TVMAG\">un enregistrement<\/a>\u00a0partag\u00e9 par le journaliste ind\u00e9pendant Cl\u00e9ment Garin a r\u00e9v\u00e9l\u00e9 une conversation hors antenne entre Bruno Guillon et Michel Drucker o\u00f9 l\u2019animateur de 53 ans aurait affirm\u00e9 qu\u2019il \u00e9tait \u00abhors de question de partager l\u2019antenne avec ce gars\u00bb. Ce jeudi 17 avril, l\u2019int\u00e9ress\u00e9 semblait moins cat\u00e9gorique, sans cacher un certain m\u00e9pris. \u00ab\u00c9coutez, on est en train de faire de la radio tous les deux. Pour l\u2019instant, \u00e0 date, on n\u2019est pas compl\u00e8tement sur la m\u00eame longueur d\u2019onde. On va finir cette saison et puis on verra bien. Je n\u2019ai pas encore compl\u00e8tement le syndrome de Stockholm de tomber amoureux de la personne qui m\u2019a crach\u00e9 dessus pendant dix ans. Mais je travaille\u00bb, a-t-il r\u00e9torqu\u00e9, usant d\u2019un certain second degr\u00e9.<\/p>\n<p>\u00a0\u00bb<br \/>\n        data-script=\u00a0\u00bbhttps:\/\/static.lefigaro.fr\/widget-video\/short-ttl\/video\/index.js\u00a0\u00bb<br \/>\n    &gt;<\/p>\n<p class=\"fig-paragraph\">Pas d\u00e9cid\u00e9 \u00e0 l\u00e2cher l\u2019affaire, Yann Barth\u00e8s a tent\u00e9 une autre approche, questionnant Bruno Guillon sur ses rapports avec la direction de Fun Radio. \u00abJe m\u2019entends super bien avec la direction de Fun\u00bb, a-t-il rassur\u00e9 adoptant un ton particuli\u00e8rement s\u00e9rieux tout en ajoutant une pointe de raillerie. \u00abVous savez, quand on fait les audiences que je fais le matin en radio, en g\u00e9n\u00e9ral \u00e7a aide \u00e0 s\u2019entendre bien avec son employeur, vraiment\u00bb, a-t-il confi\u00e9 en riant.<\/p>\n","protected":false},"excerpt":{"rendered":"Bruno Guillon et Cyril Hanouna Lafargue Raphael\/ABACA \/ Lafargue Raphael L\u2019ambiance s\u2019annonce \u00e9lectrique dans les locaux du groupe&hellip;\n","protected":false},"author":2,"featured_media":33169,"comment_status":"","ping_status":"","sticky":false,"template":"","format":"standard","meta":{"footnotes":""},"categories":[1356],"tags":[497,496,7961,499,1083,58,59,1011,27,500,504,505,495,503,502,501,252,1364,498],"class_list":{"0":"post-33168","1":"post","2":"type-post","3":"status-publish","4":"format-standard","5":"has-post-thumbnail","7":"category-television","8":"tag-actu-tv","9":"tag-actualite-tv","10":"tag-bruno-guillon","11":"tag-buzz-tv","12":"tag-cyril-hanouna","13":"tag-divertissement","14":"tag-entertainment","15":"tag-fr","16":"tag-france","17":"tag-medias","18":"tag-news-tele","19":"tag-news-television","20":"tag-news-tv","21":"tag-programme-tele","22":"tag-programme-tv","23":"tag-quiz-tv","24":"tag-television","25":"tag-tv","26":"tag-tv-actu"},"share_on_mastodon":{"url":"https:\/\/pubeurope.com\/@fr\/114357055300072929","error":""},"_links":{"self":[{"href":"https:\/\/www.europesays.com\/fr\/wp-json\/wp\/v2\/posts\/33168","targetHints":{"allow":["GET"]}}],"collection":[{"href":"https:\/\/www.europesays.com\/fr\/wp-json\/wp\/v2\/posts"}],"about":[{"href":"https:\/\/www.europesays.com\/fr\/wp-json\/wp\/v2\/types\/post"}],"author":[{"embeddable":true,"href":"https:\/\/www.europesays.com\/fr\/wp-json\/wp\/v2\/users\/2"}],"replies":[{"embeddable":true,"href":"https:\/\/www.europesays.com\/fr\/wp-json\/wp\/v2\/comments?post=33168"}],"version-history":[{"count":0,"href":"https:\/\/www.europesays.com\/fr\/wp-json\/wp\/v2\/posts\/33168\/revisions"}],"wp:featuredmedia":[{"embeddable":true,"href":"https:\/\/www.europesays.com\/fr\/wp-json\/wp\/v2\/media\/33169"}],"wp:attachment":[{"href":"https:\/\/www.europesays.com\/fr\/wp-json\/wp\/v2\/media?parent=33168"}],"wp:term":[{"taxonomy":"category","embeddable":true,"href":"https:\/\/www.europesays.com\/fr\/wp-json\/wp\/v2\/categories?post=33168"},{"taxonomy":"post_tag","embeddable":true,"href":"https:\/\/www.europesays.com\/fr\/wp-json\/wp\/v2\/tags?post=33168"}],"curies":[{"name":"wp","href":"https:\/\/api.w.org\/{rel}","templated":true}]}}