{"id":331684,"date":"2025-08-20T13:44:15","date_gmt":"2025-08-20T13:44:15","guid":{"rendered":"https:\/\/www.europesays.com\/fr\/331684\/"},"modified":"2025-08-20T13:44:15","modified_gmt":"2025-08-20T13:44:15","slug":"enquete-ouverte-apres-les-revelations-dune-influenceuse-sur-une-detenue-fichee-s-et-radicalisee","status":"publish","type":"post","link":"https:\/\/www.europesays.com\/fr\/331684\/","title":{"rendered":"enqu\u00eate ouverte apr\u00e8s les \u00abr\u00e9v\u00e9lations\u00bb d\u2019une influenceuse sur une d\u00e9tenue \u00abfich\u00e9e S et radicalis\u00e9e\u00bb"},"content":{"rendered":"<p>La compagne de la Youtubeuse Emma Paris aurait \u00e9chang\u00e9 de nombreux messages avec une d\u00e9tenue emprisonn\u00e9e pour terrorisme. G\u00e9rald Darmanin a appel\u00e9 \u00e0 \u00abfaire attention aux rumeurs\u00bb, tout en d\u00e9clarant avoir \u00abdemand\u00e9 une enqu\u00eate administrative\u00bb.<\/p>\n<p class=\"fig-paragraph\">5,7 millions de vues sur TikTok et des r\u00e9actions jusqu\u2019\u00e0 la place Vend\u00f4me, pour ce qui ne semblait \u00eatre au d\u00e9part qu\u2019une histoire ordinaire de tromperie.\u00a0<a href=\"https:\/\/www.tiktok.com\/@emmaparis\/video\/7539569206161886486?lang=fr\" target=\"_blank\" rel=\"sponsored noopener nofollow\" data-gtm-custom-categorie=\"navigation\" data-gtm-custom-action=\"crossclick\" data-gtm-custom-label=\"Contextuel\" data-gtm-event=\"customEventSPE\">Dans deux vid\u00e9os post\u00e9es<\/a>\u00a0sur le r\u00e9seau social chinois, qui ont fait le tour de la toile, l\u2019influenceuse de 29 ans\u00a0<a href=\"https:\/\/www.lefigaro.fr\/bd\/2018\/03\/02\/03014-20180302ARTFIG00326-emma-cakecup-la-youtubeuse-qui-casse-les-codes-de-la-bd.php\" data-fig-type=\"Article\" data-gtm-custom-categorie=\"navigation\" data-gtm-custom-action=\"crossclick\" data-gtm-custom-label=\"Contextuel\" data-gtm-event=\"customEventSPE\" data-fig-domain=\"LEFIGARO\" rel=\"nofollow noopener\" target=\"_blank\">EmmaParis<\/a>\u00a0(anciennement Emma CakeUp) affirme, en pleurs, avoir \u00e9t\u00e9 tromp\u00e9e par sa compagne Clara (JustPyramid sur les r\u00e9seaux), incarc\u00e9r\u00e9e pour trafic de stup\u00e9fiants depuis mars 2025 \u00e0 la prison de Carquefou, pr\u00e8s de Nantes.<\/p>\n<p class=\"fig-paragraph\">Sauf que la d\u00e9tenue avec laquelle Clara aurait tromp\u00e9 Emma est, aux dires de cette derni\u00e8re, une d\u00e9tenue pr\u00e9nomm\u00e9e Lise Vaudour, \u00abradicalis\u00e9e et fich\u00e9e S\u00bb. Cette \u00abex-djihadiste\u00bb, qui aurait selon elle pass\u00e9 \u00abdix ans en Syrie\u00bb, serait donc en possession d\u2019un t\u00e9l\u00e9phone en prison.<\/p>\n<p>                                    <a class=\"fig-a11y-skip a11y-hidden\" href=\"#fig-a11y-skip-main-inarticle\"><br \/>\n        Passer la publicit\u00e9<br \/>\n    <\/a><\/p>\n<p class=\"fig-paragraph\">L\u2019affaire a fait tant de bruit sur les r\u00e9seaux sociaux qu\u2019elle est remont\u00e9e aux oreilles du Garde des Sceaux\u00a0<a href=\"http:\/\/www.lefigaro.fr\/politique\/delinquance-foyers-ordonnance-de-surete-la-protection-de-l-enfance-priorite-de-gerald-darmanin-en-2026-20250806\" data-fig-type=\"Article\" data-gtm-custom-categorie=\"navigation\" data-gtm-custom-action=\"crossclick\" data-gtm-custom-label=\"Contextuel\" data-gtm-event=\"customEventSPE\" data-fig-domain=\"LEFIGARO\" rel=\"nofollow noopener\" target=\"_blank\">G\u00e9rald Darmanin<\/a>. Interrog\u00e9 sur la d\u00e9tention d\u2019un t\u00e9l\u00e9phone par une d\u00e9tenue radicalis\u00e9e, le locataire de la place Vend\u00f4me a conseill\u00e9 de \u00abfaire attention aux rumeurs\u00bb, tout en d\u00e9clarant avoir \u00abdemand\u00e9 une enqu\u00eate administrative pour savoir si les faits sont vrais (&#8230;)\u00bb. En attendant les retours de l\u2019enqu\u00eate publique, une source p\u00e9nitentiaire confirme au Figaro que Lise Vaudour est bien incarc\u00e9r\u00e9e \u00abau centre p\u00e9nitentiaire de Nantes depuis le 22 d\u00e9cembre 2022\u00bb et a un \u00abstatut de pr\u00e9venue pour faits de terrorisme\u00bb.<\/p>\n<p>\u00abElle est partie en Syrie pendant dix ans\u00bb<\/p>\n<p class=\"fig-paragraph\">Le 16 ao\u00fbt, Emma Paris, visiblement \u00e9plor\u00e9e, poste sur son compte TikTok suivi par pr\u00e8s d\u2019un million d\u2019abonn\u00e9s deux vid\u00e9os d\u2019une dizaine de minutes chacune. Elle y fait le r\u00e9cit de son histoire avec la youtubeuse Clara, JustPyramid sur les r\u00e9seaux. Les deux femmes se seraient rencontr\u00e9es en d\u00e9cembre 2023. En d\u00e9cembre 2024 puis en janvier 2025, deux perquisitions ont lieu au domicile des deux femmes, \u00e0 la suite desquelles cette derni\u00e8re est plac\u00e9e en garde \u00e0 vue, avant d\u2019\u00eatre incarc\u00e9r\u00e9e \u00e0 la maison d\u2019arr\u00eat de Carquefou \u00e0 Nantes pour trafic de stup\u00e9fiants. Emma raconte alors s\u2019\u00eatre rendue plusieurs fois par semaine \u00e0 la prison pour rendre visite \u00e0 sa compagne au parloir, et lui avoir envoy\u00e9 plusieurs dizaines d\u2019euros par semaine. Clara est remise en libert\u00e9 en ao\u00fbt 2025, mais Emma d\u00e9couvre dans les heures suivant sa lib\u00e9ration que sa compagne \u00e9change tr\u00e8s r\u00e9guli\u00e8rement par messages avec une certaine Lise Vaudour, d\u00e9tenue dans la m\u00eame prison, qui serait donc en possession d\u2019un t\u00e9l\u00e9phone. \u00abC\u2019est une nana qui a rencontr\u00e9 un monsieur sur Internet et qui est partie en Syrie pendant dix ans. Elle est radicalis\u00e9e et fich\u00e9e S\u00bb, avance Emma Paris.<\/p>\n<p>Suivie par des \u00e9quipes de luttes contre la radicalisation violente<\/p>\n<p class=\"fig-paragraph\">Ces informations sont-elles exactes\u00a0? Si le parcours en Syrie de Lise Vaudour n\u2019a pu \u00eatre confirm\u00e9, cette derni\u00e8re fait en revanche \u00ab l\u2019objet de fouilles de cellule et de fouilles individuelles r\u00e9guli\u00e8res, en raison de son statut de pr\u00e9venue pour faits de terrorisme. Sa cellule a \u00e9t\u00e9 fouill\u00e9e 10 fois depuis le 21 mars 2025 et cette personne d\u00e9tenue a fait l\u2019objet de 10 fouilles individuelles depuis le 25 mars 2025\u00bb, pr\u00e9cise la m\u00eame source p\u00e9nitentiaire, qui ne confirme pas si ces fouilles ont r\u00e9v\u00e9l\u00e9 la pr\u00e9sence d\u2019un t\u00e9l\u00e9phone.<\/p>\n<p class=\"fig-paragraph\">La d\u00e9tenue a \u00e9t\u00e9 transf\u00e9r\u00e9e temporairement dans le quartier d\u2019\u00e9valuation de la radicalisation (QER) de la prison de Fresnes, entre le 23 d\u00e9cembre 2024 et le 7 f\u00e9vrier 2025. Elle y a fait l\u2019objet d\u2019une \u00e9valuation pluridisciplinaire.\u00a0Dans son cas, une affectation \u00aben d\u00e9tention ordinaire\u00bb, qui concerne les d\u00e9tenus ne pr\u00e9sentant pas ou plus de signes probants de radicalisation ou de passages \u00e0 l\u2019acte violents dans le futur, a \u00e9t\u00e9 pr\u00e9conis\u00e9e. Lise Vaudour a donc \u00e9t\u00e9 retransf\u00e9r\u00e9e dans son \u00e9tablissement d\u2019origine, \u00e0 Nantes, \u00aben d\u00e9tention ordinaire\u00bb &#8211; ce qui explique qu\u2019elle puisse y c\u00f4toyer des d\u00e9tenues comme Clara.<\/p>\n<p class=\"fig-paragraph\">La pr\u00e9venue fait l\u2019objet d\u2019un suivi par une \u00e9quipe d\u2019\u00e9ducateurs et de psychologues de la mission de lutte contre la radicalisation violente, pr\u00e9cise encore la source. Contact\u00e9e, Emma Paris n\u2019a pas r\u00e9pondu aux sollicitations du Figaro.\u00a0<\/p>\n<p>                            <script async src=\"\/\/www.tiktok.com\/embed.js\"><\/script><\/p>\n","protected":false},"excerpt":{"rendered":"La compagne de la Youtubeuse Emma Paris aurait \u00e9chang\u00e9 de nombreux messages avec une d\u00e9tenue emprisonn\u00e9e pour terrorisme.&hellip;\n","protected":false},"author":2,"featured_media":331685,"comment_status":"","ping_status":"","sticky":false,"template":"","format":"standard","meta":{"footnotes":""},"categories":[2818],"tags":[1111,11,1777,674,1011,27,766,12,2636,21716,25,2784],"class_list":{"0":"post-331684","1":"post","2":"type-post","3":"status-publish","4":"format-standard","5":"has-post-thumbnail","7":"category-nantes","8":"tag-actu","9":"tag-actualites","10":"tag-eu","11":"tag-europe","12":"tag-fr","13":"tag-france","14":"tag-nantes","15":"tag-news","16":"tag-pays-de-la-loire","17":"tag-radicalisation","18":"tag-republique-francaise","19":"tag-youtube"},"share_on_mastodon":{"url":"https:\/\/pubeurope.com\/@fr\/115061395678396364","error":""},"_links":{"self":[{"href":"https:\/\/www.europesays.com\/fr\/wp-json\/wp\/v2\/posts\/331684","targetHints":{"allow":["GET"]}}],"collection":[{"href":"https:\/\/www.europesays.com\/fr\/wp-json\/wp\/v2\/posts"}],"about":[{"href":"https:\/\/www.europesays.com\/fr\/wp-json\/wp\/v2\/types\/post"}],"author":[{"embeddable":true,"href":"https:\/\/www.europesays.com\/fr\/wp-json\/wp\/v2\/users\/2"}],"replies":[{"embeddable":true,"href":"https:\/\/www.europesays.com\/fr\/wp-json\/wp\/v2\/comments?post=331684"}],"version-history":[{"count":0,"href":"https:\/\/www.europesays.com\/fr\/wp-json\/wp\/v2\/posts\/331684\/revisions"}],"wp:featuredmedia":[{"embeddable":true,"href":"https:\/\/www.europesays.com\/fr\/wp-json\/wp\/v2\/media\/331685"}],"wp:attachment":[{"href":"https:\/\/www.europesays.com\/fr\/wp-json\/wp\/v2\/media?parent=331684"}],"wp:term":[{"taxonomy":"category","embeddable":true,"href":"https:\/\/www.europesays.com\/fr\/wp-json\/wp\/v2\/categories?post=331684"},{"taxonomy":"post_tag","embeddable":true,"href":"https:\/\/www.europesays.com\/fr\/wp-json\/wp\/v2\/tags?post=331684"}],"curies":[{"name":"wp","href":"https:\/\/api.w.org\/{rel}","templated":true}]}}