{"id":331686,"date":"2025-08-20T13:45:23","date_gmt":"2025-08-20T13:45:23","guid":{"rendered":"https:\/\/www.europesays.com\/fr\/331686\/"},"modified":"2025-08-20T13:45:23","modified_gmt":"2025-08-20T13:45:23","slug":"tout-savoir-des-abonnements-tbm-pour-une-rentree-sans-stress-a-bordeaux","status":"publish","type":"post","link":"https:\/\/www.europesays.com\/fr\/331686\/","title":{"rendered":"Tout savoir des abonnements TBM pour une rentr\u00e9e sans stress \u00e0 Bordeaux"},"content":{"rendered":"<p>C\u2019est bient\u00f4t la rentr\u00e9e, et qui dit rentr\u00e9e \u00e0 Bordeaux dit aussi reprendre ses habitudes de transport. Entre tram, bus, BAT\u00b3 ou v\u00e9lo, le <a href=\"https:\/\/www.infotbm.com\/fr\" target=\"_blank\" rel=\"noreferrer noopener nofollow\">r\u00e9seau TBM<\/a> (Transports Bordeaux M\u00e9tropole) propose une multitude d\u2019abonnements adapt\u00e9s \u00e0 ton \u00e2ge, \u00e0 ta situation et \u00e0 tes trajets. Pour que tu ne sois pas perdu dans la jungle des tarifs, voici un guide complet pour voyager sereinement.<\/p>\n<p>Le Pass Jeune : la libert\u00e9 \u00e0 petit prix<\/p>\n<p style=\"font-size:16px\">Si tu as entre <strong>11 et 27 ans<\/strong>, le <strong><a href=\"https:\/\/boutique.infotbm.com\/products\/34\" target=\"_blank\" rel=\"noreferrer noopener nofollow\">Pass Jeune Annuel<\/a><\/strong> est sans doute ton meilleur alli\u00e9. Pour <strong>20,80 \u20ac par mois<\/strong> (ou 249,60 \u20ac l\u2019ann\u00e9e), tu profites de validations illimit\u00e9es sur tout le r\u00e9seau TBM. En bonus, tu accumules des points <strong>TBM Fid\u2019<\/strong> \u00e0 chaque validation, que tu peux \u00e9changer contre des cadeaux. Et si tu aimes p\u00e9daler, sache que le v\u00e9lo classique est inclus, tandis que l\u2019\u00e9lectrique te co\u00fbtera seulement <strong>45 \u20ac de plus par an<\/strong>.<\/p>\n<p><img fetchpriority=\"high\" decoding=\"async\" width=\"1024\" height=\"619\" data-id=\"82474\" src=\"https:\/\/www.europesays.com\/fr\/wp-content\/uploads\/2025\/08\/tbm-velo-1024x619.jpg\" alt=\"\" class=\"wp-image-82474\"  \/>Le Pass Jeune Annuel n\u2019inclut pas les v\u00e9los \u00e9lectriques. \u00a9TBM<\/p>\n<p><img loading=\"lazy\" decoding=\"async\" width=\"400\" height=\"400\" data-id=\"82471\" src=\"https:\/\/www.europesays.com\/fr\/wp-content\/uploads\/2025\/08\/tbm-bat.jpg\" alt=\"\" class=\"wp-image-82471\"  \/>Avec tickets ou Pass tu peux prendre le bateau. \u00a9TBM<\/p>\n<p>Le Pass Annuel : pour les actifs de 28 \u00e0 59 ans<\/p>\n<p style=\"font-size:16px\">Pour les plus de 28 ans, le <strong><a href=\"https:\/\/boutique.infotbm.com\/products\/35\" target=\"_blank\" rel=\"noreferrer noopener nofollow\">Pass Annuel<\/a><\/strong> te revient \u00e0 <strong>44,40 \u20ac par mois<\/strong> (532,80 \u20ac par an). L\u00e0 encore, tout est illimit\u00e9, et tu as le m\u00eame avantage v\u00e9lo (classique gratuit, \u00e9lectrique en option). Une formule simple pour ceux qui se d\u00e9placent r\u00e9guli\u00e8rement dans la m\u00e9tropole.<\/p>\n<p>Le Pass Salari\u00e9 : si ton entreprise est partenaire<\/p>\n<p style=\"font-size:16px\">Bonne nouvelle : si tu es salari\u00e9 d\u2019une entreprise partenaire TBM, tu peux profiter d\u2019un <strong>tarif pr\u00e9f\u00e9rentiel<\/strong>. Le <strong><a href=\"https:\/\/boutique.infotbm.com\/products\/37\" target=\"_blank\" rel=\"noreferrer noopener nofollow\">Pass Salari\u00e9<\/a><\/strong> est fix\u00e9 \u00e0 <strong>35,50 \u20ac par mois<\/strong> (426 \u20ac par an), avec les m\u00eames avantages qu\u2019un Pass Annuel classique. Pour les trajets combin\u00e9s tram + TER, il existe aussi le <strong>Pass Salari\u00e9 TBM + Trains<\/strong> \u00e0 <strong>45,50 \u20ac par mois<\/strong>, qui te donne acc\u00e8s aux TER entre les gares de la m\u00e9tropole.<\/p>\n<p><img loading=\"lazy\" decoding=\"async\" width=\"980\" height=\"295\" data-id=\"82472\" src=\"https:\/\/www.europesays.com\/fr\/wp-content\/uploads\/2025\/08\/tbm-bus.jpg\" alt=\"\" class=\"wp-image-82472\"  \/>Le Pass Salari\u00e9 est pour les entreprises partenaires. \u00a9TBM<\/p>\n<p><img loading=\"lazy\" decoding=\"async\" width=\"720\" height=\"249\" data-id=\"82475\" src=\"https:\/\/www.europesays.com\/fr\/wp-content\/uploads\/2025\/08\/tbm-2.png\" alt=\"\" class=\"wp-image-82475\"  \/>Circule sur 6 lignes de tram avec ton pass. \u00a9TBM<\/p>\n<p>Les plus jeunes et les familles<\/p>\n<p style=\"font-size:16px\">Les enfants de <strong>5 \u00e0 10 ans<\/strong> peuvent voyager avec le <strong><a href=\"https:\/\/boutique.infotbm.com\/products\/123\" target=\"_blank\" rel=\"noreferrer noopener nofollow\">Pass Pitchoun TBM + Trains<\/a><\/strong>, qui inclut aussi bien le r\u00e9seau TBM que les TER m\u00e9tropolitains, pour <strong>22,20 \u20ac par mois<\/strong>. C\u2019est id\u00e9al pour les familles qui se d\u00e9placent en train dans la m\u00e9tropole.<\/p>\n<p>Les formules TBM + Trains<\/p>\n<p style=\"font-size:16px\">Si tu as besoin de combiner tram et TER, <a href=\"https:\/\/boutique.infotbm.com\/categories\/17\" target=\"_blank\" rel=\"noreferrer noopener nofollow\">plusieurs formules<\/a> existent selon ton profil :<\/p>\n<ul class=\"wp-block-list\">\n<li style=\"font-size:16px\"><strong>Jeunes (11-27 ans)<\/strong> : 30,80 \u20ac\/mois<\/li>\n<li style=\"font-size:16px\"><strong>Adultes (28-59 ans)<\/strong> : 54,40 \u20ac\/mois<\/li>\n<li style=\"font-size:16px\"><strong>Seniors (60 ans et +)<\/strong> : 42 \u20ac\/mois<\/li>\n<\/ul>\n<p style=\"font-size:16px\">Toutes incluent le programme de fid\u00e9lit\u00e9 TBM Fid\u2019 et l\u2019option v\u00e9lo (classique gratuit, \u00e9lectrique +45 \u20ac\/an).<\/p>\n<p><img loading=\"lazy\" decoding=\"async\" width=\"1018\" height=\"1024\" src=\"https:\/\/www.europesays.com\/fr\/wp-content\/uploads\/2025\/08\/carte-train-tbm-1018x1024.jpg\" alt=\"\" class=\"wp-image-82470\" style=\"width:466px;height:auto\"  \/>Les trains concernent les TER de la m\u00e9tropole. \u00a9TBM<\/p>\n<p>Tarification solidaire et accessibilit\u00e9<\/p>\n<p style=\"font-size:16px\">TBM propose une <strong>tarification solidaire<\/strong> pour les personnes en situation de handicap. Avec une carte mobilit\u00e9 inclusion (CMI) \u00e0 50 % ou plus, tu peux b\u00e9n\u00e9ficier de la gratuit\u00e9 sur le r\u00e9seau.<\/p>\n<p style=\"font-size:16px\">En parall\u00e8le, le service <strong>Mobibus<\/strong> t\u2019offre diff\u00e9rentes formules d\u2019accompagnement :<\/p>\n<ul class=\"wp-block-list\">\n<li style=\"font-size:16px\"><strong>Mobi\u2019Dom<\/strong> : 3 \u20ac la course, avec accompagnement \u00e0 l\u2019int\u00e9rieur du domicile et de la destination.<\/li>\n<li style=\"font-size:16px\"><strong>Mobi\u2019Trottoir<\/strong> : 1,90 \u20ac la course, avec prise en charge sur le trottoir.<\/li>\n<li style=\"font-size:16px\"><strong>Mobi\u2019Guide<\/strong> : un accompagnant professionnel t\u2019accompagne dans tes trajets en bus ou tram.<\/li>\n<\/ul>\n<p>Comment acheter et renouveler ton abonnement ?<\/p>\n<p style=\"font-size:16px\">Plus besoin de forc\u00e9ment passer par un guichet. T\u00e9l\u00e9charge l\u2019application <strong>TBM<\/strong> pour acheter ton <strong>M-ticket<\/strong> et valider ton titre en Bluetooth. Ton t\u00e9l\u00e9phone vibre \u00e0 chaque validation, pratique en cas d\u2019affluence. Tu peux aussi opter pour la carte TBM classique, disponible en ligne ou aux points de vente habituels.<\/p>\n<p><img loading=\"lazy\" decoding=\"async\" width=\"1024\" height=\"576\" src=\"https:\/\/www.europesays.com\/fr\/wp-content\/uploads\/2025\/08\/le-bonbon-1024x576.jpg\" alt=\"\" class=\"wp-image-82476\" style=\"width:730px;height:auto\"  \/>Fait ton pass en boutique TBM. \u00a9Le Bonbon<\/p>\n<p style=\"font-size:16px\">Pour renouveler ton abonnement, deux cas de figure :<\/p>\n<ul class=\"wp-block-list\">\n<li style=\"font-size:16px\">Si tu as pay\u00e9 comptant pour l\u2019ann\u00e9e, rends-toi dans la boutique en ligne TBM pour choisir ton nouvel abonnement.<\/li>\n<li style=\"font-size:16px\">Si tu es pr\u00e9lev\u00e9 chaque mois, rien \u00e0 faire : ton abonnement est automatiquement reconduit pour un an.<\/li>\n<\/ul>\n<p style=\"font-size:16px\">Que tu sois \u00e9tudiant, salari\u00e9, parent ou retrait\u00e9, TBM a pens\u00e9 une formule adapt\u00e9e \u00e0 ton quotidien. En plus, les options v\u00e9lo et les abonnements combin\u00e9s avec les TER facilitent vraiment les d\u00e9placements dans toute la m\u00e9tropole. Alors, plut\u00f4t que de stresser aux guichets \u00e0 la rentr\u00e9e, anticipe ton abonnement : tu pourras voyager l\u2019esprit tranquille et profiter pleinement de Bordeaux.<\/p>\n<p style=\"font-size:16px\">\u00c0 lire aussi : <a href=\"https:\/\/www.bougerabordeaux.com\/actu\/news\/les-nouveautes-tbm-de-la-rentree-a-bordeaux\/\" target=\"_blank\" rel=\"noreferrer noopener nofollow\">Les nouveaut\u00e9s TBM de la rentr\u00e9e \u00e0 Bordeaux<\/a><\/p>\n","protected":false},"excerpt":{"rendered":"C\u2019est bient\u00f4t la rentr\u00e9e, et qui dit rentr\u00e9e \u00e0 Bordeaux dit aussi reprendre ses habitudes de transport. Entre&hellip;\n","protected":false},"author":2,"featured_media":331687,"comment_status":"","ping_status":"","sticky":false,"template":"","format":"standard","meta":{"footnotes":""},"categories":[2817],"tags":[1111,11,1997,1777,674,1011,27,12,2219,25],"class_list":{"0":"post-331686","1":"post","2":"type-post","3":"status-publish","4":"format-standard","5":"has-post-thumbnail","7":"category-bordeaux","8":"tag-actu","9":"tag-actualites","10":"tag-bordeaux","11":"tag-eu","12":"tag-europe","13":"tag-fr","14":"tag-france","15":"tag-news","16":"tag-nouvelle-aquitaine","17":"tag-republique-francaise"},"share_on_mastodon":{"url":"https:\/\/pubeurope.com\/@fr\/115061399695279297","error":""},"_links":{"self":[{"href":"https:\/\/www.europesays.com\/fr\/wp-json\/wp\/v2\/posts\/331686","targetHints":{"allow":["GET"]}}],"collection":[{"href":"https:\/\/www.europesays.com\/fr\/wp-json\/wp\/v2\/posts"}],"about":[{"href":"https:\/\/www.europesays.com\/fr\/wp-json\/wp\/v2\/types\/post"}],"author":[{"embeddable":true,"href":"https:\/\/www.europesays.com\/fr\/wp-json\/wp\/v2\/users\/2"}],"replies":[{"embeddable":true,"href":"https:\/\/www.europesays.com\/fr\/wp-json\/wp\/v2\/comments?post=331686"}],"version-history":[{"count":0,"href":"https:\/\/www.europesays.com\/fr\/wp-json\/wp\/v2\/posts\/331686\/revisions"}],"wp:featuredmedia":[{"embeddable":true,"href":"https:\/\/www.europesays.com\/fr\/wp-json\/wp\/v2\/media\/331687"}],"wp:attachment":[{"href":"https:\/\/www.europesays.com\/fr\/wp-json\/wp\/v2\/media?parent=331686"}],"wp:term":[{"taxonomy":"category","embeddable":true,"href":"https:\/\/www.europesays.com\/fr\/wp-json\/wp\/v2\/categories?post=331686"},{"taxonomy":"post_tag","embeddable":true,"href":"https:\/\/www.europesays.com\/fr\/wp-json\/wp\/v2\/tags?post=331686"}],"curies":[{"name":"wp","href":"https:\/\/api.w.org\/{rel}","templated":true}]}}