{"id":331688,"date":"2025-08-20T13:46:13","date_gmt":"2025-08-20T13:46:13","guid":{"rendered":"https:\/\/www.europesays.com\/fr\/331688\/"},"modified":"2025-08-20T13:46:13","modified_gmt":"2025-08-20T13:46:13","slug":"a-bordeaux-centre-des-allees-de-tourny-reinventees","status":"publish","type":"post","link":"https:\/\/www.europesays.com\/fr\/331688\/","title":{"rendered":"\u00c0 Bordeaux centre, des all\u00e9es de Tourny r\u00e9invent\u00e9es"},"content":{"rendered":"<p>\tUn grand projet collectif pour r\u00e9pondre aux enjeux de la ville de demain<\/p>\n<p>Le projet de r\u00e9am\u00e9nagement des all\u00e9es de Tourny vise avant tout \u00e0 diversifier les usages et les activit\u00e9s sur et autour de cet espace urbain remarquable pour le rendre plus vivant, plus agr\u00e9able \u00e0 vivre pour toutes et tous. L\u2019enjeu\u202f: faire en sorte que les Bordelais et Bordelaises franchissent la barri\u00e8re symbolique de la place de la Com\u00e9die pour se r\u00e9approprier les all\u00e9es de Tourny et qu\u2019elles deviennent un v\u00e9ritable lieu de vie au c\u0153ur du centre ville.\u00a0<\/p>\n<p>Pour cela le projet de transformation des all\u00e9es de Tourny porte sur 3 objectifs principaux :\u00a0\u00a0<\/p>\n<ul>\n<li>v\u00e9g\u00e9taliser\u202f: renforcer la place de la nature sur les all\u00e9es et aux abords, pour contribuer au rafra\u00eechissement du secteur<\/li>\n<li>animer\u202f: transformer les all\u00e9es de Tourny en un lieu de rencontres, propice aux activit\u00e9s culturelles, commerciales et conviviales.<\/li>\n<li>apaiser\u202f: am\u00e9liorer l&rsquo;accessibilit\u00e9 pour tous, en favorisant les mobilit\u00e9s douces (marche, v\u00e9lo) et en r\u00e9organisant les d\u00e9placements.\u00a0<\/li>\n<\/ul>\n<p>Des ambitions qui vont de pair avec le n\u00e9cessaire respect du patrimoine existant, qu\u2019il soit b\u00e2ti ou v\u00e9g\u00e9tal.\u00a0<\/p>\n<p>\t2024 : une ann\u00e9e de concertation r\u00e9ussie<\/p>\n<p>\t<a class=\"lightbox-image\" role=\"button\" data-lightbox-conf=\"media__image__field_media_image__body_3_2_lb\" data-lightbox-group=\"tobii--EZpvFg\" href=\"https:\/\/www.bordeaux.fr\/sites\/bor-bdxfr-drupal\/files\/styles\/3_2_1620x1080\/public\/2025-04\/05-02-02_tourny-bilan_gd-theatre.jpg.webp?itok=IZtYud_r\" data- data-><\/p>\n<p>                  <img decoding=\"async\" loading=\"lazy\" width=\"621\" height=\"414\" src=\"https:\/\/www.europesays.com\/fr\/wp-content\/uploads\/2025\/08\/05-02-02_tourny-bilan_gd-theatre.jpg.webp\" alt=\"Rassemblement de personnes assises pour le bilan d la concertation Tourny au Grand-Th\u00e9\u00e2tre\" class=\"img-fluid\"\/><\/p>\n<p><\/a><\/p>\n<p>            Le 25 juin 2024, le Grand-Th\u00e9\u00e2tre a accueilli la restitution du bilan de la concertation.             \u00a9 Chlo\u00e9 Ariaux          <\/p>\n<p>De mars \u00e0 juin 2024, la Ville de Bordeaux et Bordeaux M\u00e9tropole ont initi\u00e9 une concertation de grande envergure, s&rsquo;adressant \u00e0 toutes les personnes attach\u00e9es \u00e0 ce lieu historique de Bordeaux.\u202f\u00a0<br \/>A travers des balades, des ateliers et des rencontres sur le terrain, les riverains mais aussi l&rsquo;ensemble des Bordelais, les acteurs \u00e9conomiques, le personnel d&rsquo;entretien ou encore le Conseil municipal des enfants ont eu l&rsquo;opportunit\u00e9 de\u202fdonner leur avis sur l&rsquo;avenir des all\u00e9es de Tourny. Au total,\u202f1 500 personnes ont pris part \u00e0 ces r\u00e9flexions.<\/p>\n<p>Le 25 juin 2024 dernier, le bilan de la concertation a expos\u00e9 les souhaits communs \u00e0 tous\u202f:\u00a0<\/p>\n<ul>\n<li>mettre en valeur le patrimoine historique,<\/li>\n<li>r\u00e9organiser les d\u00e9placements, en favorisant les modes de d\u00e9placements doux comme la marche et le v\u00e9lo, tout en garantissant la s\u00e9curit\u00e9 de tous,<\/li>\n<li>redonner sa place \u00e0 la nature pour plus de fra\u00eecheur,<\/li>\n<li>cr\u00e9er un nouveau lieu de rencontre pour tout le monde.\u00a0<\/li>\n<\/ul>\n<p>Ces ambitions partag\u00e9es favoriseront la\u202fcr\u00e9ation d&rsquo;un espace public r\u00e9invent\u00e9.\u00a0<\/p>\n<p>\tEt maintenant ? Les futures grandes \u00e9tapes du projet des all\u00e9es de Tourny<\/p>\n<p><strong>2025 : une ann\u00e9e de transition et d&rsquo;exp\u00e9rimentation.<\/strong><\/p>\n<ul>\n<li>premier semestre : r\u00e9alisation des \u00e9tudes de conception et pr\u00e9sentation publique des premi\u00e8res propositions.<\/li>\n<li>deuxi\u00e8me semestre : installation d&rsquo;am\u00e9nagements provisoires, tels que du mobilier urbain, de la v\u00e9g\u00e9tation et des \u00e9clairages permettant de commencer \u00e0 tester de nouveaux usages.\u00a0<\/li>\n<\/ul>\n<p><strong>2026 : retour sur l&rsquo;exp\u00e9rimentation et nouveaux am\u00e9nagements provisoires.<\/strong><\/p>\n<ul>\n<li>premier semestre : retour d&rsquo;exp\u00e9riences des usagers, adaptations \u00e9ventuelles de l\u2019am\u00e9nagement transitoire.<\/li>\n<li>deuxi\u00e8me semestre\u00a0: am\u00e9nagements compl\u00e9mentaires pour une nouvelle \u00e9tape de transformation des all\u00e9es de Tourny.\u00a0<br \/>\u00a0<br \/><strong>2027 : d\u00e9but des travaux d\u00e9finitifs.<\/strong><\/li>\n<\/ul>\n","protected":false},"excerpt":{"rendered":"Un grand projet collectif pour r\u00e9pondre aux enjeux de la ville de demain Le projet de r\u00e9am\u00e9nagement des&hellip;\n","protected":false},"author":2,"featured_media":331689,"comment_status":"","ping_status":"","sticky":false,"template":"","format":"standard","meta":{"footnotes":""},"categories":[2817],"tags":[1111,11,1997,1777,674,1011,27,12,2219,25],"class_list":{"0":"post-331688","1":"post","2":"type-post","3":"status-publish","4":"format-standard","5":"has-post-thumbnail","7":"category-bordeaux","8":"tag-actu","9":"tag-actualites","10":"tag-bordeaux","11":"tag-eu","12":"tag-europe","13":"tag-fr","14":"tag-france","15":"tag-news","16":"tag-nouvelle-aquitaine","17":"tag-republique-francaise"},"share_on_mastodon":{"url":"https:\/\/pubeurope.com\/@fr\/115061403491340906","error":""},"_links":{"self":[{"href":"https:\/\/www.europesays.com\/fr\/wp-json\/wp\/v2\/posts\/331688","targetHints":{"allow":["GET"]}}],"collection":[{"href":"https:\/\/www.europesays.com\/fr\/wp-json\/wp\/v2\/posts"}],"about":[{"href":"https:\/\/www.europesays.com\/fr\/wp-json\/wp\/v2\/types\/post"}],"author":[{"embeddable":true,"href":"https:\/\/www.europesays.com\/fr\/wp-json\/wp\/v2\/users\/2"}],"replies":[{"embeddable":true,"href":"https:\/\/www.europesays.com\/fr\/wp-json\/wp\/v2\/comments?post=331688"}],"version-history":[{"count":0,"href":"https:\/\/www.europesays.com\/fr\/wp-json\/wp\/v2\/posts\/331688\/revisions"}],"wp:featuredmedia":[{"embeddable":true,"href":"https:\/\/www.europesays.com\/fr\/wp-json\/wp\/v2\/media\/331689"}],"wp:attachment":[{"href":"https:\/\/www.europesays.com\/fr\/wp-json\/wp\/v2\/media?parent=331688"}],"wp:term":[{"taxonomy":"category","embeddable":true,"href":"https:\/\/www.europesays.com\/fr\/wp-json\/wp\/v2\/categories?post=331688"},{"taxonomy":"post_tag","embeddable":true,"href":"https:\/\/www.europesays.com\/fr\/wp-json\/wp\/v2\/tags?post=331688"}],"curies":[{"name":"wp","href":"https:\/\/api.w.org\/{rel}","templated":true}]}}