{"id":331690,"date":"2025-08-20T13:47:15","date_gmt":"2025-08-20T13:47:15","guid":{"rendered":"https:\/\/www.europesays.com\/fr\/331690\/"},"modified":"2025-08-20T13:47:15","modified_gmt":"2025-08-20T13:47:15","slug":"mouss-et-hakim-en-concert-solidaire-a-la-cale-de-radoub-haute-garonne-toulouse","status":"publish","type":"post","link":"https:\/\/www.europesays.com\/fr\/331690\/","title":{"rendered":"Mouss et Hakim en concert solidaire \u00e0 la cale de Radoub &#8211; Haute Garonne &#8211; Toulouse"},"content":{"rendered":"<p>                    <img width=\"1314\" height=\"986\" src=\"https:\/\/www.europesays.com\/fr\/wp-content\/uploads\/2025\/08\/cale-de-raoub.jpg\" class=\"img-fluid landscape wp-post-image\" alt=\"Le site de la cale de Radoub, habituellement ferm\u00e9 au public sera ouvert pour un concert solidaire\" itemprop=\"image\" decoding=\"async\" fetchpriority=\"high\"  \/>                    <\/p>\n<p itemprop=\"name\">\n                                                Le site de la cale de Radoub, habituellement ferm\u00e9 au public sera ouvert pour un concert solidaire<br \/>\n                         Cr\u00e9dits :<br \/>\n                            MS31\n                                                <\/p>\n<p><strong>Le dimanche 14 septembre \u00e0 20h, la cale de Radoub \u00e0 Toulouse accueillera la deuxi\u00e8me \u00e9dition des \u00ab\u00a0M\u00e9lodies du canal\u00a0\u00bb. Le duo toulousain Mouss et Hakim, ex-membres de Zebda, se produira lors de ce concert solidaire organis\u00e9 par Voies navigables de France.<\/strong>&#13;<br \/>\n&#13;<br \/>\nLes deux fr\u00e8res partageront un r\u00e9pertoire m\u00ealant cr\u00e9ations originales et textes in\u00e9dits de Claude Nougaro qu&rsquo;ils ont r\u00e9cemment mis en musique. Figures embl\u00e9matiques de la sc\u00e8ne toulousaine depuis plus de 30 ans, ils sont connus pour leur engagement \u00e0 travers des projets comme Zebda, 100% Coll\u00e8gues ou encore Motiv\u00e9s!&#13;<br \/>\n&#13;<br \/>\nL&rsquo;int\u00e9gralit\u00e9 des recettes sera revers\u00e9e au programme de replantation du canal du Midi. Depuis 2006, la vo\u00fbte arbor\u00e9e du canal est menac\u00e9e par le chancre color\u00e9, une maladie qui a d\u00e9j\u00e0 contraint \u00e0 abattre pr\u00e8s de 32 000 platanes. Plus de 20 000 jeunes arbres ont \u00e9t\u00e9 replant\u00e9s.&#13;<br \/>\n&#13;<br \/>\nLe site de la cale de Radoub, habituellement ferm\u00e9 au public, se transformera exceptionnellement en sc\u00e8ne flottante dans ce d\u00e9cor industriel du XIXe si\u00e8cle.&#13;<br \/>\n&#13;<br \/>\n<strong>Infos pratiques :<\/strong> Cale de Radoub, 65 all\u00e9e des Demoiselles. Tarif : 31\u20ac. Billetterie sur billetweb.fr<\/p>\n<p>                Cet article est r\u00e9serv\u00e9 aux abonn\u00e9s.<\/p>\n<p class=\"signature\" itemscope=\"\" itemprop=\"Author\" itemtype=\"http:\/\/schema.org\/Person\">\n                MS31\n            <\/p>\n","protected":false},"excerpt":{"rendered":"Le site de la cale de Radoub, habituellement ferm\u00e9 au public sera ouvert pour un concert solidaire Cr\u00e9dits&hellip;\n","protected":false},"author":2,"featured_media":331691,"comment_status":"","ping_status":"","sticky":false,"template":"","format":"standard","meta":{"footnotes":""},"categories":[2816],"tags":[1111,11,1777,674,1011,27,12,2680,301,25,2312],"class_list":{"0":"post-331690","1":"post","2":"type-post","3":"status-publish","4":"format-standard","5":"has-post-thumbnail","7":"category-toulouse","8":"tag-actu","9":"tag-actualites","10":"tag-eu","11":"tag-europe","12":"tag-fr","13":"tag-france","14":"tag-news","15":"tag-occitanie","16":"tag-premium","17":"tag-republique-francaise","18":"tag-toulouse"},"share_on_mastodon":{"url":"https:\/\/pubeurope.com\/@fr\/115061407389729019","error":""},"_links":{"self":[{"href":"https:\/\/www.europesays.com\/fr\/wp-json\/wp\/v2\/posts\/331690","targetHints":{"allow":["GET"]}}],"collection":[{"href":"https:\/\/www.europesays.com\/fr\/wp-json\/wp\/v2\/posts"}],"about":[{"href":"https:\/\/www.europesays.com\/fr\/wp-json\/wp\/v2\/types\/post"}],"author":[{"embeddable":true,"href":"https:\/\/www.europesays.com\/fr\/wp-json\/wp\/v2\/users\/2"}],"replies":[{"embeddable":true,"href":"https:\/\/www.europesays.com\/fr\/wp-json\/wp\/v2\/comments?post=331690"}],"version-history":[{"count":0,"href":"https:\/\/www.europesays.com\/fr\/wp-json\/wp\/v2\/posts\/331690\/revisions"}],"wp:featuredmedia":[{"embeddable":true,"href":"https:\/\/www.europesays.com\/fr\/wp-json\/wp\/v2\/media\/331691"}],"wp:attachment":[{"href":"https:\/\/www.europesays.com\/fr\/wp-json\/wp\/v2\/media?parent=331690"}],"wp:term":[{"taxonomy":"category","embeddable":true,"href":"https:\/\/www.europesays.com\/fr\/wp-json\/wp\/v2\/categories?post=331690"},{"taxonomy":"post_tag","embeddable":true,"href":"https:\/\/www.europesays.com\/fr\/wp-json\/wp\/v2\/tags?post=331690"}],"curies":[{"name":"wp","href":"https:\/\/api.w.org\/{rel}","templated":true}]}}