{"id":331694,"date":"2025-08-20T13:50:10","date_gmt":"2025-08-20T13:50:10","guid":{"rendered":"https:\/\/www.europesays.com\/fr\/331694\/"},"modified":"2025-08-20T13:50:10","modified_gmt":"2025-08-20T13:50:10","slug":"lille-il-vole-une-voiture-et-la-met-sur-leboncoin-le-proprietaire-repond-a-lannonce","status":"publish","type":"post","link":"https:\/\/www.europesays.com\/fr\/331694\/","title":{"rendered":"Lille. Il vole une voiture et la met sur Leboncoin\u2026 le propri\u00e9taire r\u00e9pond \u00e0 l&rsquo;annonce"},"content":{"rendered":"<p>            Par<br \/>\n        <strong><br \/>\n            <a href=\"https:\/\/actu.fr\/auteur\/bastien-grossin\" title=\"Consulter tous les articles de Bastien Grossin\" target=\"_blank\" rel=\"noopener\">Bastien Grossin<\/a><br \/>\n        <\/strong><\/p>\n<p>        Publi\u00e9 le<\/p>\n<p>            20 ao\u00fbt 2025 \u00e0 15h40        <\/p>\n<p>Un homme a \u00e9t\u00e9 interpell\u00e9 <b>ce samedi 16\u00a0ao\u00fbt 2025<\/b> \u00e0 <a href=\"https:\/\/actu.fr\/tag\/lille\" target=\"_blank\" rel=\"noopener\">Lille <\/a>(Nord), apr\u00e8s avoir vol\u00e9 un v\u00e9hicule avant de le mettre <b>directement en vente sur Leboncoin<\/b><b>. \u00c0 peine \u00e2g\u00e9 de 18\u00a0ans, <\/b>le suspect a \u00e9t\u00e9 arr\u00eat\u00e9 et plac\u00e9 en garde \u00e0 vue apr\u00e8s avoir \u00e9t\u00e9 pi\u00e9g\u00e9 sur internet par les policiers. D\u00e9tails.<\/p>\n<p>\u00ab\u2009Il a reconnu des d\u00e9gradations sp\u00e9cifiques sur la carrosserie\u2009\u00bb<\/p>\n<p class=\" wall-content\">Les faits se sont d\u00e9roul\u00e9s ce samedi <b>rue Lestiboudois \u00e0 Lille aux alentours de 20\u00a0heures<\/b>. Apr\u00e8s s\u2019\u00eatre fait d\u00e9rober sa voiture, la victime \u00e2g\u00e9e de 37 ans a le r\u00e9flexe de v\u00e9rifier sur Leboncoin. Surprise\u2009: <b>il est persuad\u00e9 de reconna\u00eetre son v\u00e9hicule<\/b> malgr\u00e9 une<b> fausse plaque d\u2019immatriculation.<\/b> En effet, \u00ab\u2009Il a reconnu des d\u00e9gradations sp\u00e9cifiques sur la carrosserie\u2009\u00bb, nous explique une source polici\u00e8re.<\/p>\n<p class=\" wall-content\">La victime d\u00e9cide alors de r\u00e9pondre \u00e0 l\u2019annonce et d\u2019entrer en contact avec le voleur. Pr\u00e9venue, la <b data-end=\"1093\">BAC de Lille<\/b> met en place une surveillance discr\u00e8te \u00e0 proximit\u00e9 du lieu du rendez-vous, rue Lestiboudois, dans le centre-ville. Lorsqu\u2019ils rep\u00e8rent la voiture et l\u2019individu ils sortent et interpellent le vendeur.<\/p>\n<p>Une fausse carte grise<\/p>\n<p class=\" wall-content\">Lors de l\u2019interpellation, les policiers se rendent compte que le suspect n\u00e9 en 2006 circulait avec une <b data-end=\"1478\">fausse carte grise. <\/b>Le mis en cause est imm\u00e9diatement plac\u00e9 en garde \u00e0 vue.<\/p>\n<p class=\" wall-content\">Personnalisez votre actualit\u00e9 en ajoutant vos villes et m\u00e9dias en favori avec <a href=\"https:\/\/moncompte.actu.fr\" title=\"D\u00e9couvez Mon Actu\" rel=\"nofollow noopener\" data-trk=\"{&quot;cta&quot;:{&quot;action&quot;:&quot;https:\\\/\\\/moncompte.actu.fr&quot;,&quot;category&quot;:&quot;mon compte&quot;,&quot;from&quot;:&quot;article footer&quot;,&quot;name&quot;:&quot;Mon actu&quot;,&quot;type&quot;:&quot;cta&quot;}}\" target=\"_blank\">Mon Actu<\/a>.<\/p>\n","protected":false},"excerpt":{"rendered":"Par Bastien Grossin Publi\u00e9 le 20 ao\u00fbt 2025 \u00e0 15h40 Un homme a \u00e9t\u00e9 interpell\u00e9 ce samedi 16\u00a0ao\u00fbt&hellip;\n","protected":false},"author":2,"featured_media":331695,"comment_status":"","ping_status":"","sticky":false,"template":"","format":"standard","meta":{"footnotes":""},"categories":[2815],"tags":[1111,11,1777,674,118,1011,27,811,8025,1307,12,25],"class_list":{"0":"post-331694","1":"post","2":"type-post","3":"status-publish","4":"format-standard","5":"has-post-thumbnail","7":"category-lille","8":"tag-actu","9":"tag-actualites","10":"tag-eu","11":"tag-europe","12":"tag-faits-divers","13":"tag-fr","14":"tag-france","15":"tag-hauts-de-france","16":"tag-leboncoin","17":"tag-lille","18":"tag-news","19":"tag-republique-francaise"},"share_on_mastodon":{"url":"https:\/\/pubeurope.com\/@fr\/115061419069027075","error":""},"_links":{"self":[{"href":"https:\/\/www.europesays.com\/fr\/wp-json\/wp\/v2\/posts\/331694","targetHints":{"allow":["GET"]}}],"collection":[{"href":"https:\/\/www.europesays.com\/fr\/wp-json\/wp\/v2\/posts"}],"about":[{"href":"https:\/\/www.europesays.com\/fr\/wp-json\/wp\/v2\/types\/post"}],"author":[{"embeddable":true,"href":"https:\/\/www.europesays.com\/fr\/wp-json\/wp\/v2\/users\/2"}],"replies":[{"embeddable":true,"href":"https:\/\/www.europesays.com\/fr\/wp-json\/wp\/v2\/comments?post=331694"}],"version-history":[{"count":0,"href":"https:\/\/www.europesays.com\/fr\/wp-json\/wp\/v2\/posts\/331694\/revisions"}],"wp:featuredmedia":[{"embeddable":true,"href":"https:\/\/www.europesays.com\/fr\/wp-json\/wp\/v2\/media\/331695"}],"wp:attachment":[{"href":"https:\/\/www.europesays.com\/fr\/wp-json\/wp\/v2\/media?parent=331694"}],"wp:term":[{"taxonomy":"category","embeddable":true,"href":"https:\/\/www.europesays.com\/fr\/wp-json\/wp\/v2\/categories?post=331694"},{"taxonomy":"post_tag","embeddable":true,"href":"https:\/\/www.europesays.com\/fr\/wp-json\/wp\/v2\/tags?post=331694"}],"curies":[{"name":"wp","href":"https:\/\/api.w.org\/{rel}","templated":true}]}}