{"id":331696,"date":"2025-08-20T13:51:11","date_gmt":"2025-08-20T13:51:11","guid":{"rendered":"https:\/\/www.europesays.com\/fr\/331696\/"},"modified":"2025-08-20T13:51:11","modified_gmt":"2025-08-20T13:51:11","slug":"une-dispute-entre-voisins-se-termine-par-des-coups-de-couteau-a-marseille","status":"publish","type":"post","link":"https:\/\/www.europesays.com\/fr\/331696\/","title":{"rendered":"Une dispute entre voisins se termine par des coups de couteau \u00e0 Marseille"},"content":{"rendered":"<p>\u00c0 cette heure, les circonstances de la pouss\u00e9e de fi\u00e8vre nocturne restent encore floues. Toujours est-il qu\u2019elle a laiss\u00e9 un homme de 34\u00a0ans \u00e0 terre, en sang, <a href=\"https:\/\/www.laprovence.com\/article\/faits-divers-justice\/4328451381157114\/info-la-provence-un-homme-grievement-blesse-par-arme-blanche-dans-le-9e-arrondissement-a-marseille-le-suspect-interpelle\" target=\"_blank\" rel=\"noopener\">gri\u00e8vement bless\u00e9e <\/a>\u00e0 l\u2019\u00e9paule et au thorax.<\/p>\n<p>Dans la nuit de mardi \u00e0 mercredi, vers 4h, une dispute entre deux voisins habitants un immeuble du quatri\u00e8me arrondissement a s\u00e9v\u00e8rement d\u00e9g\u00e9n\u00e9r\u00e9. Arm\u00e9 d\u2019un couteau, le plus \u00e2g\u00e9, 39\u00a0ans, a plant\u00e9 \u00e0 deux reprises son adversaire.<\/p>\n<p>La victime \u00e2g\u00e9e de 34 ans a \u00e9t\u00e9 transport\u00e9e aux urgences avec un pronostic vital r\u00e9serv\u00e9.\u00a0L\u2019auteur des coups a \u00e9t\u00e9 rapidement interpell\u00e9 par la police et plac\u00e9 en garde \u00e0 vue pour s\u2019expliquer sur cette tentative d\u2019homicide.<\/p>\n","protected":false},"excerpt":{"rendered":"\u00c0 cette heure, les circonstances de la pouss\u00e9e de fi\u00e8vre nocturne restent encore floues. Toujours est-il qu\u2019elle a&hellip;\n","protected":false},"author":2,"featured_media":331697,"comment_status":"","ping_status":"","sticky":false,"template":"","format":"standard","meta":{"footnotes":""},"categories":[2814],"tags":[17,1111,11,154,28924,2834,1777,674,274,1011,27,884,12,5912,882,25,17770,96,29959],"class_list":{"0":"post-331696","1":"post","2":"type-post","3":"status-publish","4":"format-standard","5":"has-post-thumbnail","7":"category-marseille","8":"tag-17","9":"tag-actu","10":"tag-actualites","11":"tag-des","12":"tag-dispute","13":"tag-entre","14":"tag-eu","15":"tag-europe","16":"tag-faits-divers-justice","17":"tag-fr","18":"tag-france","19":"tag-marseille","20":"tag-news","21":"tag-par","22":"tag-provence-alpes-cote-dazur","23":"tag-republique-francaise","24":"tag-termine","25":"tag-une","26":"tag-voisins"},"share_on_mastodon":{"url":"https:\/\/pubeurope.com\/@fr\/115061423061921278","error":""},"_links":{"self":[{"href":"https:\/\/www.europesays.com\/fr\/wp-json\/wp\/v2\/posts\/331696","targetHints":{"allow":["GET"]}}],"collection":[{"href":"https:\/\/www.europesays.com\/fr\/wp-json\/wp\/v2\/posts"}],"about":[{"href":"https:\/\/www.europesays.com\/fr\/wp-json\/wp\/v2\/types\/post"}],"author":[{"embeddable":true,"href":"https:\/\/www.europesays.com\/fr\/wp-json\/wp\/v2\/users\/2"}],"replies":[{"embeddable":true,"href":"https:\/\/www.europesays.com\/fr\/wp-json\/wp\/v2\/comments?post=331696"}],"version-history":[{"count":0,"href":"https:\/\/www.europesays.com\/fr\/wp-json\/wp\/v2\/posts\/331696\/revisions"}],"wp:featuredmedia":[{"embeddable":true,"href":"https:\/\/www.europesays.com\/fr\/wp-json\/wp\/v2\/media\/331697"}],"wp:attachment":[{"href":"https:\/\/www.europesays.com\/fr\/wp-json\/wp\/v2\/media?parent=331696"}],"wp:term":[{"taxonomy":"category","embeddable":true,"href":"https:\/\/www.europesays.com\/fr\/wp-json\/wp\/v2\/categories?post=331696"},{"taxonomy":"post_tag","embeddable":true,"href":"https:\/\/www.europesays.com\/fr\/wp-json\/wp\/v2\/tags?post=331696"}],"curies":[{"name":"wp","href":"https:\/\/api.w.org\/{rel}","templated":true}]}}