{"id":331698,"date":"2025-08-20T13:52:09","date_gmt":"2025-08-20T13:52:09","guid":{"rendered":"https:\/\/www.europesays.com\/fr\/331698\/"},"modified":"2025-08-20T13:52:09","modified_gmt":"2025-08-20T13:52:09","slug":"le-communique-cinglant-de-lom-sur-adrien-rabiot-et-jonathan-rowe","status":"publish","type":"post","link":"https:\/\/www.europesays.com\/fr\/331698\/","title":{"rendered":"Le communiqu\u00e9 cinglant de l\u2019OM sur Adrien Rabiot et Jonathan Rowe"},"content":{"rendered":"<p>L\u2019Olympique de Marseille n\u2019en est pas \u00e0 son coup d\u2019essai. En 2015, Marcelo Bielsa avait d\u00e9j\u00e0 mis le feu au club phoc\u00e9en d\u00e8s l\u2019entame de la saison en annon\u00e7ant sa d\u00e9mission en pleine conf\u00e9rence de presse, \u00e0 l\u2019issue d\u2019une d\u00e9faite face \u00e0 Caen en ao\u00fbt. Dix ans plus tard, les Marseillais se sont tir\u00e9 une nouvelle balle dans le pied. Battu par Rennes d\u00e8s la premi\u00e8re journ\u00e9e de <a href=\"https:\/\/www.footmercato.net\/france\/ligue-1\/\" rel=\"nofollow noopener\" target=\"_blank\">Ligue 1<\/a> (0-1), l\u2019OM s\u2019offre une crise spectaculaire en interne.<\/p>\n<p>            La suite apr\u00e8s cette publicit\u00e9<\/p>\n<p>Arriv\u00e9 sur la Canebi\u00e8re l\u2019an dernier, \u00e0 la surprise g\u00e9n\u00e9rale, et promu leader d\u2019un OM new-look, <a href=\"https:\/\/www.footmercato.net\/joueur\/adrien-rabiot\/\" rel=\"nofollow noopener\" target=\"_blank\">Adrien Rabiot<\/a> est pouss\u00e9 sans m\u00e9nagement vers la sortie. \u00c9cart\u00e9 de l\u2019\u00e9quipe premi\u00e8re avec <a href=\"https:\/\/www.footmercato.net\/joueur\/jon-rowe\/\" rel=\"nofollow noopener\" target=\"_blank\">Jonathan Rowe<\/a> suite \u00e0 l\u2019altercation entre les deux joueurs dans le vestiaire du Roazhon Park, le milieu de terrain de 30 ans pensait sans doute faire son retour prochainement apr\u00e8s s\u2019\u00eatre fait taper sur les doigts. <a href=\"https:\/\/www.footmercato.net\/a7876894099156013857-om-roberto-de-zerbi-veut-se-separer-dadrien-rabiot\" rel=\"nofollow noopener\" target=\"_blank\">Mais \u00e0 un an de la fin de son contrat, il a \u00e9t\u00e9 plac\u00e9 sur la liste des transferts<\/a>.<\/p>\n<p>            La suite apr\u00e8s cette publicit\u00e9<\/p>\n<p>        L\u2019OM sanctionne un comportement inadmissible<\/p>\n<p>Pour expliquer la d\u00e9cision brutale et radicale des dirigeants marseillais, les m\u00e9dias relayaient une volont\u00e9 de l\u2019OM de ne mettre aucun joueur au-dessus du club et il \u00e9tait reproch\u00e9 \u00e0 Rabiot un comportement inacceptable ainsi qu\u2019un \u00ab\u00a0manque d\u2019investissement\u00a0\u00bb par rapport \u00e0 la saison derni\u00e8re. Un coup de sang olympien inattendu qui a oblig\u00e9 le club olympien \u00e0 sortir du silence.<\/p>\n<p>\u00ab\u00a0L\u2019Olympique de Marseille informe qu\u2019Adrien Rabiot et Jonathan Rowe ont \u00e9t\u00e9 plac\u00e9s sur la liste des transferts par le club. Cette d\u00e9cision a \u00e9t\u00e9 prise en raison d\u2019un comportement inadmissible dans le vestiaire apr\u00e8s le match contre le Stade Rennais FC, en accord avec le staff technique et en application du code de conduite interne du club. La d\u00e9cision a \u00e9t\u00e9 communiqu\u00e9e par le club aux deux joueurs ce lundi\u00a0\u00bb, peut-on lire sur le communiqu\u00e9 de l\u2019OM publi\u00e9 sur <a href=\"https:\/\/www.om.fr\/fr\/actualites\/4808\/club\/100564-communique-officiel\" rel=\"nofollow noopener\" target=\"_blank\">son site officiel<\/a>. <\/p>\n<p>\n    Pub. le 19\/08\/2025 18:14<br \/>\n            &#8211; MAJ le 20\/08\/2025 15:19\n    <\/p>\n","protected":false},"excerpt":{"rendered":"L\u2019Olympique de Marseille n\u2019en est pas \u00e0 son coup d\u2019essai. En 2015, Marcelo Bielsa avait d\u00e9j\u00e0 mis le&hellip;\n","protected":false},"author":2,"featured_media":331699,"comment_status":"","ping_status":"","sticky":false,"template":"","format":"standard","meta":{"footnotes":""},"categories":[2814],"tags":[1111,11,1777,674,1011,27,884,12,882,25],"class_list":{"0":"post-331698","1":"post","2":"type-post","3":"status-publish","4":"format-standard","5":"has-post-thumbnail","7":"category-marseille","8":"tag-actu","9":"tag-actualites","10":"tag-eu","11":"tag-europe","12":"tag-fr","13":"tag-france","14":"tag-marseille","15":"tag-news","16":"tag-provence-alpes-cote-dazur","17":"tag-republique-francaise"},"share_on_mastodon":{"url":"https:\/\/pubeurope.com\/@fr\/115061426982905634","error":""},"_links":{"self":[{"href":"https:\/\/www.europesays.com\/fr\/wp-json\/wp\/v2\/posts\/331698","targetHints":{"allow":["GET"]}}],"collection":[{"href":"https:\/\/www.europesays.com\/fr\/wp-json\/wp\/v2\/posts"}],"about":[{"href":"https:\/\/www.europesays.com\/fr\/wp-json\/wp\/v2\/types\/post"}],"author":[{"embeddable":true,"href":"https:\/\/www.europesays.com\/fr\/wp-json\/wp\/v2\/users\/2"}],"replies":[{"embeddable":true,"href":"https:\/\/www.europesays.com\/fr\/wp-json\/wp\/v2\/comments?post=331698"}],"version-history":[{"count":0,"href":"https:\/\/www.europesays.com\/fr\/wp-json\/wp\/v2\/posts\/331698\/revisions"}],"wp:featuredmedia":[{"embeddable":true,"href":"https:\/\/www.europesays.com\/fr\/wp-json\/wp\/v2\/media\/331699"}],"wp:attachment":[{"href":"https:\/\/www.europesays.com\/fr\/wp-json\/wp\/v2\/media?parent=331698"}],"wp:term":[{"taxonomy":"category","embeddable":true,"href":"https:\/\/www.europesays.com\/fr\/wp-json\/wp\/v2\/categories?post=331698"},{"taxonomy":"post_tag","embeddable":true,"href":"https:\/\/www.europesays.com\/fr\/wp-json\/wp\/v2\/tags?post=331698"}],"curies":[{"name":"wp","href":"https:\/\/api.w.org\/{rel}","templated":true}]}}