{"id":331700,"date":"2025-08-20T13:53:12","date_gmt":"2025-08-20T13:53:12","guid":{"rendered":"https:\/\/www.europesays.com\/fr\/331700\/"},"modified":"2025-08-20T13:53:12","modified_gmt":"2025-08-20T13:53:12","slug":"deux-villes-dauvergne-rhone-alpes-parmi-les-villes-etudiantes-les-plus-cheres-de-france","status":"publish","type":"post","link":"https:\/\/www.europesays.com\/fr\/331700\/","title":{"rendered":"Deux villes d&rsquo;Auvergne-Rh\u00f4ne-Alpes parmi les villes \u00e9tudiantes les plus ch\u00e8res de France"},"content":{"rendered":"<p>Deux villes de la r\u00e9gion Auvergne-Rh\u00f4ne-Alpes se classent dans le top 20 des villes universitaires les plus ch\u00e8res de France en 2025, concernant le co\u00fbt de la vie \u00e9tudiante.<\/p>\n<p>L&rsquo;UNEF a d\u00e9voil\u00e9 son classement des villes \u00e9tudiantes les plus ch\u00e8res de France en 2025.\u00a0<\/p>\n<p><b>Lyon<\/b> arrive 10e, avec un co\u00fbt mensuel de <b>1.323,98 euros<\/b> pour les \u00e9tudiants (+6.53% en un an). <\/p>\n<p><b>Chamb\u00e9ry <\/b>est 17e, avec <b>1.246,73<\/b> euros (+13,18%).<\/p>\n<p>Le trio de t\u00eate est occup\u00e9 par Paris (1.626, 76 euros), Nanterre (1.520,33 euros) et Cr\u00e9teil (1.502.33 euros).<\/p>\n<p>Plus de 800 euros d&rsquo;augmentation<\/p>\n<p>Toujours selon le syndicat \u00e9tudiant, le co\u00fbt de la vie \u00e9tudiante au niveau annuel a augment\u00e9 <b>d&rsquo;environ 800 euros<\/b>\u00a0en moyenne, par rapport \u00e0 2024.\u00a0<\/p>\n<p><b>En cause : <\/b>la hausse des prix des loyers, des transports ou encore des frais d&rsquo;inscription.\u00a0<\/p>\n<p>L&rsquo;UNEF r\u00e9clame une revalorisation significative des bourses et une r\u00e9forme du syst\u00e8me d&rsquo;attribution.<\/p>\n<p><\/p>\n","protected":false},"excerpt":{"rendered":"Deux villes de la r\u00e9gion Auvergne-Rh\u00f4ne-Alpes se classent dans le top 20 des villes universitaires les plus ch\u00e8res&hellip;\n","protected":false},"author":2,"featured_media":101006,"comment_status":"","ping_status":"","sticky":false,"template":"","format":"standard","meta":{"footnotes":""},"categories":[1889],"tags":[46898,1111,11,2430,46899,12362,1777,674,1011,27,2428,12,378,25,6316],"class_list":{"0":"post-331700","1":"post","2":"type-post","3":"status-publish","4":"format-standard","5":"has-post-thumbnail","7":"category-lyon","8":"tag-tudiantes","9":"tag-actu","10":"tag-actualites","11":"tag-auvergne-rhone-alpes","12":"tag-chres","13":"tag-chambry","14":"tag-eu","15":"tag-europe","16":"tag-fr","17":"tag-france","18":"tag-lyon","19":"tag-news","20":"tag-plus","21":"tag-republique-francaise","22":"tag-villes"},"share_on_mastodon":{"url":"https:\/\/pubeurope.com\/@fr\/115061430947046817","error":""},"_links":{"self":[{"href":"https:\/\/www.europesays.com\/fr\/wp-json\/wp\/v2\/posts\/331700","targetHints":{"allow":["GET"]}}],"collection":[{"href":"https:\/\/www.europesays.com\/fr\/wp-json\/wp\/v2\/posts"}],"about":[{"href":"https:\/\/www.europesays.com\/fr\/wp-json\/wp\/v2\/types\/post"}],"author":[{"embeddable":true,"href":"https:\/\/www.europesays.com\/fr\/wp-json\/wp\/v2\/users\/2"}],"replies":[{"embeddable":true,"href":"https:\/\/www.europesays.com\/fr\/wp-json\/wp\/v2\/comments?post=331700"}],"version-history":[{"count":0,"href":"https:\/\/www.europesays.com\/fr\/wp-json\/wp\/v2\/posts\/331700\/revisions"}],"wp:featuredmedia":[{"embeddable":true,"href":"https:\/\/www.europesays.com\/fr\/wp-json\/wp\/v2\/media\/101006"}],"wp:attachment":[{"href":"https:\/\/www.europesays.com\/fr\/wp-json\/wp\/v2\/media?parent=331700"}],"wp:term":[{"taxonomy":"category","embeddable":true,"href":"https:\/\/www.europesays.com\/fr\/wp-json\/wp\/v2\/categories?post=331700"},{"taxonomy":"post_tag","embeddable":true,"href":"https:\/\/www.europesays.com\/fr\/wp-json\/wp\/v2\/tags?post=331700"}],"curies":[{"name":"wp","href":"https:\/\/api.w.org\/{rel}","templated":true}]}}