{"id":331701,"date":"2025-08-20T13:54:10","date_gmt":"2025-08-20T13:54:10","guid":{"rendered":"https:\/\/www.europesays.com\/fr\/331701\/"},"modified":"2025-08-20T13:54:10","modified_gmt":"2025-08-20T13:54:10","slug":"lyon-les-velov-electriques-trop-dangereux-en-centre-ville-une-proposition-fait-parler","status":"publish","type":"post","link":"https:\/\/www.europesays.com\/fr\/331701\/","title":{"rendered":"Lyon. Les V\u00e9lo&rsquo;v \u00e9lectriques trop dangereux en centre-ville ? Une proposition fait parler"},"content":{"rendered":"<p>            Par<br \/>\n        <strong><br \/>\n            <a href=\"https:\/\/actu.fr\/auteur\/emma-ressegaire\" title=\"Consulter tous les articles de Emma Ressegaire\" target=\"_blank\" rel=\"noopener\">Emma Ressegaire<\/a><br \/>\n        <\/strong><\/p>\n<p>        Publi\u00e9 le<\/p>\n<p>            20 ao\u00fbt 2025 \u00e0 15h47        <\/p>\n<p>Dans une vid\u00e9o post\u00e9e sur Instagram, Pierre Oliver, maire LR du 2e arrondissement de <a href=\"https:\/\/actu.fr\/lyon\/\" target=\"_blank\" rel=\"noopener\">Lyon<\/a>\u00a0et candidat en 2026, a annonc\u00e9 avoir \u00e9crit au pr\u00e9sident de la m\u00e9tropole de Lyon, Bruno Bernard, pour que la <strong>vitesse des V\u00e9lo\u2019v \u00e9lectriques soit brid\u00e9e<\/strong> notamment dans les zones pi\u00e9tonnes comme sur la rue de la R\u00e9publique et la rue Victor Hugo (Lyon 2e). <br \/>Dans cette lettre que nous avons pu consulter, <a href=\"https:\/\/actu.fr\/auvergne-rhone-alpes\/lyon_69123\/lyon-tarifs-des-tcl-fake-news-bruno-bernard-recadre-sechement-pierre-oliver_63049828.html\" target=\"_blank\" rel=\"noopener\">Pierre Oliver<\/a> explique \u00ab\u00a0que la mairie du 2e arrondissement a re\u00e7u de nombreuses plaintes de riverains concernant l\u2019usage des V\u00e9lo\u2019v \u00e9lectriques dans ses rues pi\u00e9tonnes.\u00a0\u00bb<\/p>\n<p class=\" wall-content\">Actuellement, ces V\u00e9lo\u2019v verts peuvent rouler<strong> jusqu\u2019\u00e0 25 km\/h.<\/strong> \u00ab\u00a0En slalomant notamment autour de nos enfants\u00a0\u00bb, pr\u00e9cise dans sa vid\u00e9o le candidat LR \u00e0 la mairie de Lyon pour 2026. Non sans une pointe d\u2019ironie.<\/p>\n<p>Faire comme pour les trottinettes \u00e9lectriques<\/p>\n<p class=\" wall-content\">Selon lui, <strong>une solution<\/strong> pourrait \u00eatre trouv\u00e9e comme sur les <a href=\"https:\/\/actu.fr\/auvergne-rhone-alpes\/lyon_69123\/lyon-il-est-inconscient-un-homme-filme-en-trottinette-sous-le-tunnel-de-fourviere_62507325.html\" target=\"_blank\" rel=\"noopener\">trottinettes \u00e9lectriques<\/a> qui sont d\u00e9sormais brid\u00e9es sur ces espaces.<\/p>\n<p class=\" wall-content\">\u00ab\u00a0Pour le coup, il y a une mesure mise en place par la Ville qui a vraiment bien fonctionn\u00e9 et que je salue r\u00e9guli\u00e8rement, c\u2019est le fait d\u2019avoir su r\u00e9guler la vitesse des trottinettes en libre acc\u00e8s sur ces espaces pi\u00e9tons de la rue Victor-Hugo et de la rue de la R\u00e9publique\u00a0\u00bb, nous indique Pierre Oliver.\u00a0<\/p>\n<p class=\" wall-content\">Dans les commentaires, certains vont encore plus loin<strong>\u00a0en souhaitant interdire compl\u00e8tement<\/strong> les v\u00e9los dans ces zones pi\u00e9tonnes. \u00ab\u00a0Avec toutes les <a href=\"https:\/\/actu.fr\/auvergne-rhone-alpes\/lyon_69123\/lyon-une-portion-de-la-plus-longue-piste-cyclable-de-la-metropole-mise-en-service_63011043.html\" target=\"_blank\" rel=\"noopener\">pistes cyclables<\/a> qui ont \u00e9t\u00e9 faites, il faut tout bonnement interdire les v\u00e9los dans les rues pi\u00e9tonnes\u00a0\u00bb, d\u00e9clare un internaute.<\/p>\n<p class=\" wall-content\">\u00ab\u00a0Les v\u00e9los et autres v\u00e9hicules roulants n\u2019ont absolument rien \u00e0 faire sur les rues pi\u00e9tonnes, chacun \u00e0 sa place\u00a0\u00bb, poursuit un autre utilisateur.<\/p>\n<p class=\" wall-content\"><a href=\"https:\/\/www.instagram.com\/p\/DNIcK4QoCtO\/embed\" title=\"Ouvrir le lien sur Instagram\" target=\"_blank\" rel=\"noopener\">Visualiser le contenu sur Instagram<\/a><\/p>\n<p>Les pi\u00e9tons prioritaires<\/p>\n<p class=\" wall-content\">En France, le v\u00e9lo est autoris\u00e9 dans les zones pi\u00e9tonnes <strong>sauf si un panneau de signalisation l\u2019interdit<\/strong>. Ce qui n\u2019est pas le cas pour les rues de la R\u00e9publique et de Victor-Hugo.\u00a0<\/p>\n<p>Votre r\u00e9gion, votre actu !<\/p>\n<p>Recevez chaque jour les infos qui comptent pour vous.<\/p>\n<p>\t<a href=\"https:\/\/actu.fr\/newsletter\" class=\"ac-btn ac-btn--corner ac-btn--medium ac-btn--blue800\" target=\"_blank\" rel=\"noopener\">S&rsquo;incrire<\/a><\/p>\n<p class=\" wall-content\">Contact\u00e9e par actu Lyon, la M\u00e9tropole de Lyon explique que \u00ab\u00a0sur les aires et rue pi\u00e9tonnes, c\u2019est<strong> le code de la route<\/strong> qui s\u2019applique. Les pi\u00e9tons y sont prioritaires, les cyclistes sont autoris\u00e9s \u00e0 circuler \u00e0 condition qu\u2019ils adaptent leur vitesse. Il n\u2019y a pas de limitation de vitesse pour les v\u00e9los, <strong>chacun doit rester ma\u00eetre de son v\u00e9hicule<\/strong> et rouler en fonction de l\u2019affluence pour ne pas g\u00eaner les pi\u00e9tons\u00a0\u00bb.<\/p>\n<p class=\" wall-content\">Pour l\u2019heure, la proposition du candidat de droite \u00e0 la mairie de Lyon en 2026 est rest\u00e9e lettre morte.<\/p>\n<p class=\" wall-content\">Personnalisez votre actualit\u00e9 en ajoutant vos villes et m\u00e9dias en favori avec <a href=\"https:\/\/moncompte.actu.fr\" title=\"D\u00e9couvez Mon Actu\" rel=\"nofollow noopener\" data-trk=\"{&quot;cta&quot;:{&quot;action&quot;:&quot;https:\\\/\\\/moncompte.actu.fr&quot;,&quot;category&quot;:&quot;mon compte&quot;,&quot;from&quot;:&quot;article footer&quot;,&quot;name&quot;:&quot;Mon actu&quot;,&quot;type&quot;:&quot;cta&quot;}}\" target=\"_blank\">Mon Actu<\/a>.<\/p>\n<p>                    <script async src=\"\/\/www.instagram.com\/embed.js\"><\/script><\/p>\n","protected":false},"excerpt":{"rendered":"Par Emma Ressegaire Publi\u00e9 le 20 ao\u00fbt 2025 \u00e0 15h47 Dans une vid\u00e9o post\u00e9e sur Instagram, Pierre Oliver,&hellip;\n","protected":false},"author":2,"featured_media":331702,"comment_status":"","ping_status":"","sticky":false,"template":"","format":"standard","meta":{"footnotes":""},"categories":[1889],"tags":[1111,11,2430,1777,674,1011,27,2428,3434,12,25,104,6960,11091],"class_list":{"0":"post-331701","1":"post","2":"type-post","3":"status-publish","4":"format-standard","5":"has-post-thumbnail","7":"category-lyon","8":"tag-actu","9":"tag-actualites","10":"tag-auvergne-rhone-alpes","11":"tag-eu","12":"tag-europe","13":"tag-fr","14":"tag-france","15":"tag-lyon","16":"tag-municipales-2026","17":"tag-news","18":"tag-republique-francaise","19":"tag-societe","20":"tag-trottinette-electrique","21":"tag-velov"},"share_on_mastodon":{"url":"https:\/\/pubeurope.com\/@fr\/115061434847387923","error":""},"_links":{"self":[{"href":"https:\/\/www.europesays.com\/fr\/wp-json\/wp\/v2\/posts\/331701","targetHints":{"allow":["GET"]}}],"collection":[{"href":"https:\/\/www.europesays.com\/fr\/wp-json\/wp\/v2\/posts"}],"about":[{"href":"https:\/\/www.europesays.com\/fr\/wp-json\/wp\/v2\/types\/post"}],"author":[{"embeddable":true,"href":"https:\/\/www.europesays.com\/fr\/wp-json\/wp\/v2\/users\/2"}],"replies":[{"embeddable":true,"href":"https:\/\/www.europesays.com\/fr\/wp-json\/wp\/v2\/comments?post=331701"}],"version-history":[{"count":0,"href":"https:\/\/www.europesays.com\/fr\/wp-json\/wp\/v2\/posts\/331701\/revisions"}],"wp:featuredmedia":[{"embeddable":true,"href":"https:\/\/www.europesays.com\/fr\/wp-json\/wp\/v2\/media\/331702"}],"wp:attachment":[{"href":"https:\/\/www.europesays.com\/fr\/wp-json\/wp\/v2\/media?parent=331701"}],"wp:term":[{"taxonomy":"category","embeddable":true,"href":"https:\/\/www.europesays.com\/fr\/wp-json\/wp\/v2\/categories?post=331701"},{"taxonomy":"post_tag","embeddable":true,"href":"https:\/\/www.europesays.com\/fr\/wp-json\/wp\/v2\/tags?post=331701"}],"curies":[{"name":"wp","href":"https:\/\/api.w.org\/{rel}","templated":true}]}}