{"id":331711,"date":"2025-08-20T14:02:12","date_gmt":"2025-08-20T14:02:12","guid":{"rendered":"https:\/\/www.europesays.com\/fr\/331711\/"},"modified":"2025-08-20T14:02:12","modified_gmt":"2025-08-20T14:02:12","slug":"la-russie-met-en-garde-loccident-avant-de-discuter-dune-possible-paix-avec-lukraine-cest-une-voie-qui-ne-mene-nulle-part","status":"publish","type":"post","link":"https:\/\/www.europesays.com\/fr\/331711\/","title":{"rendered":"La Russie met en garde l\u2019Occident avant de discuter d\u2019une possible paix avec l\u2019Ukraine\u00a0: \u00ab\u00a0C\u2019est une voie qui ne m\u00e8ne nulle part\u00a0\u00bb"},"content":{"rendered":"<p>  \tSergue\u00ef Lavrov a averti mercredi que toute discussion sur la s\u00e9curit\u00e9 de l\u2019Ukraine ignorant Moscou ne m\u00e8nerait \u00ab\u00a0nulle part\u00a0\u00bb, critiquant aussi la tentative des Europ\u00e9ens d\u2019influencer Donald Trump en faveur de Kiev.<\/p>\n<p>&#13;<br \/>\n&#13;<\/p>\n<p>Le chef de la diplomatie russe, Sergue\u00ef Lavrov, a pr\u00e9venu mercredi que toute discussion sur les garanties de s\u00e9curit\u00e9 occidentales \u00e0 offrir \u00e0 l\u2019Ukraine qui ne prendrait pas en compte la position de Moscou ne m\u00e8nerait \u00ab\u00a0nulle part\u00a0\u00bb. M. Lavrov a \u00e9galement jug\u00e9 \u00ab\u00a0maladroite\u00a0\u00bb la mani\u00e8re dont les dirigeants europ\u00e9ens tentent, selon lui, d\u2019influencer Donald Trump en faveur de l\u2019Ukraine, apr\u00e8s que le pr\u00e9sident am\u00e9ricain les a re\u00e7us lundi \u00e0 la Maison Blanche.<\/p>\n<p>\u00ab\u00a0Nous ne pouvons accepter que les questions de s\u00e9curit\u00e9 collective soient d\u00e9sormais abord\u00e9es sans la Russie\u00a0\u00bb, a d\u00e9clar\u00e9 M. Lavrov \u00e0 l\u2019issue de pourparlers avec son homologue jordanien \u00e0 Moscou. \u00ab\u00a0L\u2019Occident comprend parfaitement que discuter s\u00e9rieusement de garanties de s\u00e9curit\u00e9 sans la Russie est utopique, c\u2019est une voie qui ne m\u00e8ne nulle part.\u00a0\u00bb<\/p>\n<p>&#13;<br \/>\n&#13;<\/p>\n<p>&#13;<br \/>\n&#13;<\/p>\n<p>Il a ensuite accus\u00e9 les Europ\u00e9ens de mener \u00e0 une \u00ab\u00a0escalade agressive de la situation\u00a0\u00bb sans proposer \u00ab\u00a0aucune id\u00e9e constructive\u00a0\u00bb. \u00ab\u00a0Les Europ\u00e9ens, pour l\u2019instant, essaient seulement de maintenir les \u00c9tats-Unis dans la course \u00e0 l\u2019armement\u00a0\u00bb de l\u2019Ukraine, a-t-il d\u00e9nonc\u00e9. M. Lavrov s\u2019est cependant f\u00e9licit\u00e9 que \u00ab\u00a0cette position totalement aventuriste, conflictuelle et belliciste ne trouve aucun \u00e9cho aupr\u00e8s de l\u2019actuelle administration am\u00e9ricaine\u00a0\u00bb, qui s\u2019efforce selon lui de \u00ab\u00a0contribuer \u00e0 \u00e9liminer les causes profondes du conflit\u00a0\u00bb.<\/p>\n<p>La Russie rejette tout d\u00e9ploiement d\u2019un contingent militaire europ\u00e9en en Ukraine apr\u00e8s la conclusion de la paix, comme l\u2019ont propos\u00e9 plusieurs pays de l\u2019Union europ\u00e9enne.<\/p>\n<p>L\u2019Ukraine insiste en revanche pour obtenir des garanties de s\u00e9curit\u00e9 solides de la part de ses alli\u00e9s, afin de dissuader la Russie de l\u2019envahir \u00e0 nouveau par la suite.<\/p>\n<p>  &#13;<br \/>\n  \u00c0 lire aussi&#13;<br \/>\n  &#13;<\/p>\n<p>  <img decoding=\"async\" data-copyright=\"Andrew Caballero-Reynolds \/ AFP\" class=\"r-img\"  typeof=\"foaf:Image\" src=\"https:\/\/www.europesays.com\/fr\/wp-content\/uploads\/2025\/08\/47200912.jpeg\" alt=\"Belgaimage-131490545.jpg\"\/><br \/>\n        <a class=\"r-stories--link\" href=\"https:\/\/www.rtl.be\/actu\/monde\/international\/guerre-en-ukraine\/comment-proteger-militairement-lukraine-europeens-et-americains-divergent\/2025-08-20\/article\/760559\" rel=\"nofollow noopener\" target=\"_blank\">Comment prot\u00e9ger militairement l\u2019Ukraine ? Europ\u00e9ens et Am\u00e9ricains divergent<\/a>&#13;<br \/>\n  &#13;<br \/>\n&#13;<\/p>\n<p>M. Lavrov a \u00e9galement r\u00e9p\u00e9t\u00e9 mercredi que toute rencontre entre les pr\u00e9sidents russe Vladimir Poutine et ukrainien Volodymyr Zelensky devait \u00eatre \u00ab\u00a0pr\u00e9par\u00e9e avec le plus grand soin\u00a0\u00bb afin qu\u2019un tel sommet \u00ab\u00a0ne se solde pas par une d\u00e9t\u00e9rioration de la situation\u00a0\u00bb.<\/p>\n<p>&#13;<br \/>\n&#13;<\/p>\n<p>&#13;<br \/>\n&#13;<\/p>\n","protected":false},"excerpt":{"rendered":"Sergue\u00ef Lavrov a averti mercredi que toute discussion sur la s\u00e9curit\u00e9 de l\u2019Ukraine ignorant Moscou ne m\u00e8nerait \u00ab\u00a0nulle&hellip;\n","protected":false},"author":2,"featured_media":331712,"comment_status":"","ping_status":"","sticky":false,"template":"","format":"standard","meta":{"footnotes":""},"categories":[1591],"tags":[29950,11,1887,12,1885,1886,132],"class_list":{"0":"post-331711","1":"post","2":"type-post","3":"status-publish","4":"format-standard","5":"has-post-thumbnail","7":"category-russie","8":"tag-nodefield_freetags","9":"tag-actualites","10":"tag-federation-de-russie","11":"tag-news","12":"tag-russia","13":"tag-russian-federation","14":"tag-russie"},"share_on_mastodon":{"url":"https:\/\/pubeurope.com\/@fr\/115061466534180082","error":""},"_links":{"self":[{"href":"https:\/\/www.europesays.com\/fr\/wp-json\/wp\/v2\/posts\/331711","targetHints":{"allow":["GET"]}}],"collection":[{"href":"https:\/\/www.europesays.com\/fr\/wp-json\/wp\/v2\/posts"}],"about":[{"href":"https:\/\/www.europesays.com\/fr\/wp-json\/wp\/v2\/types\/post"}],"author":[{"embeddable":true,"href":"https:\/\/www.europesays.com\/fr\/wp-json\/wp\/v2\/users\/2"}],"replies":[{"embeddable":true,"href":"https:\/\/www.europesays.com\/fr\/wp-json\/wp\/v2\/comments?post=331711"}],"version-history":[{"count":0,"href":"https:\/\/www.europesays.com\/fr\/wp-json\/wp\/v2\/posts\/331711\/revisions"}],"wp:featuredmedia":[{"embeddable":true,"href":"https:\/\/www.europesays.com\/fr\/wp-json\/wp\/v2\/media\/331712"}],"wp:attachment":[{"href":"https:\/\/www.europesays.com\/fr\/wp-json\/wp\/v2\/media?parent=331711"}],"wp:term":[{"taxonomy":"category","embeddable":true,"href":"https:\/\/www.europesays.com\/fr\/wp-json\/wp\/v2\/categories?post=331711"},{"taxonomy":"post_tag","embeddable":true,"href":"https:\/\/www.europesays.com\/fr\/wp-json\/wp\/v2\/tags?post=331711"}],"curies":[{"name":"wp","href":"https:\/\/api.w.org\/{rel}","templated":true}]}}