{"id":331713,"date":"2025-08-20T14:03:11","date_gmt":"2025-08-20T14:03:11","guid":{"rendered":"https:\/\/www.europesays.com\/fr\/331713\/"},"modified":"2025-08-20T14:03:11","modified_gmt":"2025-08-20T14:03:11","slug":"en-proposant-la-hongrie-trump-rappelle-de-mauvais-souvenirs-a-lukraine","status":"publish","type":"post","link":"https:\/\/www.europesays.com\/fr\/331713\/","title":{"rendered":"en proposant la Hongrie, Trump rappelle de mauvais souvenirs \u00e0 l\u2019Ukraine"},"content":{"rendered":"<p>        <img decoding=\"async\" loading=\"lazy\" src=\"https:\/\/www.europesays.com\/fr\/wp-content\/uploads\/2025\/08\/c77bc79_sirius-fs-upload-1-6dgspq4hs57v-1741155500362-000-36yv3gx.jpg\"  width=\"728\" height=\"410\" alt=\"L\u2019Ukraine a un mauvais souvenir de Budapest, propos\u00e9e par Trump pour accueillir le sommet Zelensky-Poutine. (image d\u2019illustration)\"\/>  <\/p>\n<p>SAUL LOEB \/ AFP<\/p>\n<p>L\u2019Ukraine a un mauvais souvenir de Budapest, propos\u00e9e par Trump pour accueillir le sommet Zelensky-Poutine. (image d\u2019illustration)<\/p>\n<p class=\"asset asset-text\">INTERNATIONAL &#8211; On prend les m\u00eames et on recommence\u00a0? Alors que la Maison Blanche pousse pour une rencontre <a href=\"https:\/\/www.huffingtonpost.fr\/international\/article\/le-cadeau-de-poutine-a-cet-americain-qui-s-est-plaint-de-ne-pas-pouvoir-reparer-sa-moto-a-la-tele-russe_253754.html\" target=\"_blank\" rel=\"noopener\">Poutine<\/a>-Zelensky, les Am\u00e9ricains ont d\u00e9j\u00e0 un lieu d\u2019accueil en t\u00eate\u2026 et il a tout pour d\u00e9plaire aux Ukrainiens. Alors qu\u2019<a href=\"https:\/\/www.huffingtonpost.fr\/international\/article\/apres-la-lettre-de-netanyahu-sur-l-antisemitisme-la-reponse-cinglante-de-l-elysee_253764.html\" target=\"_blank\" rel=\"noopener\">Emmanuel Macron<\/a> propose Gen\u00e8ve et Vladimir Poutine <a href=\"https:\/\/www.huffingtonpost.fr\/international\/article\/poutine-a-sa-propre-idee-pour-sa-potentielle-rencontre-avec-zelensky-et-ce-n-est-ni-la-suisse-ni-le-vatican_253755.html\" target=\"_blank\" rel=\"noopener\">Moscou<\/a>, le pr\u00e9sident am\u00e9ricain et ses \u00e9quipes semblent avoir un faible pour Budapest, la capitale hongroise.<\/p>\n<p class=\"asset asset-text\">Interrog\u00e9e mardi 19\u00a0ao\u00fbt sur le sujet, la porte-parole de la Maison Blanche n\u2019a pas annonc\u00e9 la position officielle de Washington, refusant de \u00ab\u00a0confirmer ou infirmer des lieux\u00a0\u00bb pour organiser le sommet. Mais d\u2019apr\u00e8s deux sources anonymes du site am\u00e9ricain <a href=\"https:\/\/www.politico.com\/news\/2025\/08\/19\/exclusive-white-house-eyes-budapest-for-peace-talks-with-zelenskyy-and-putin-00514596?3?utm_source=email&amp;utm_campaign=White+House+eyes+Budapest+for+peace+talks+with+Zelenskyy+and+Putin&amp;utm_medium=alert\" target=\"_blank\" rel=\"noopener\" title=\"Nouvelle fen\u00eatre\">Politico<\/a>, Budapest \u00ab\u00a0appara\u00eet comme le premier choix\u00a0\u00bb de l\u2019ex\u00e9cutif am\u00e9ricain, et ce choix semble assez logique.<\/p>\n<p class=\"asset asset-text\">Comme le souligne <a href=\"https:\/\/www.radiofrance.fr\/franceinfo\/podcasts\/d-un-monde-a-l-autre\/l-hypothese-d-un-sommet-poutine-zelensky-en-hongrie-peut-offrir-a-viktor-orban-une-opportunite-de-rebond-3578573\" target=\"_blank\" rel=\"noopener\" title=\"Nouvelle fen\u00eatre\">franceinfo<\/a>, le Premier ministre Viktor Orb\u00e1n est un alli\u00e9 de <a href=\"https:\/\/www.huffingtonpost.fr\/international\/video\/un-accord-pour-moi-la-confidence-de-trump-glissee-a-l-oreille-de-macron-lors-de-la-reunion-a-washington_253736.html\" target=\"_blank\" rel=\"noopener\" title=\"Nouvelle fen\u00eatre\">Donald Trump<\/a> qui aurait bien besoin d\u2019une \u00ab\u00a0opportunit\u00e9 de rebond\u00a0\u00bb \u00e0 quelques mois d\u2019\u00e9lections l\u00e9gislatives o\u00f9 il est fragilis\u00e9. Si son pays appartient \u00e0 l\u2019UE et \u00e0 l\u2019Otan, l\u2019autocrate reste un pro-Russe assum\u00e9 au sein d ces organisations loin d\u2019\u00eatre russophiles. Budapest pourrait donc proposer une forme de terrain neutre\u2026 \u00e0 un gros d\u00e9tail pr\u00e8s.<\/p>\n<p>    Un texte qui actait la d\u00e9nucl\u00e9arisation de l\u2019Ukraine    <\/p>\n<p class=\"asset asset-text\">Pour les Ukrainiens, la capitale hongroise reste associ\u00e9e au tr\u00e8s mauvais souvenir du M\u00e9morandum de Budapest, sign\u00e9 le 5\u00a0d\u00e9cembre\u00a01994\u00a0par les \u00c9tats-Unis, le <a href=\"https:\/\/www.huffingtonpost.fr\/international\/article\/le-royaume-uni-assure-qu-il-reconnaitra-la-palestine-sauf-si-israel-prend-certaines-mesures-a-gaza_253096.html\" target=\"_blank\" rel=\"noopener\">Royaume-Uni<\/a>, la Russie et l\u2019Ukraine, trois ans apr\u00e8s l\u2019ind\u00e9pendance de cette derni\u00e8re. Ce texte, rejoint plus tard par la Chine et la France, \u00e9tait cens\u00e9 garantir \u00e0 Kiev une protection de ses fronti\u00e8res, tout comme l\u2019accord que Donald Trump a promis \u00e0 Volodymyr Zelensky en lui faisant miroiter des \u00ab\u00a0garanties de s\u00e9curit\u00e9\u00a0\u00bb.<\/p>\n<p class=\"asset asset-text\">Mais pour b\u00e9n\u00e9ficier de cette protection th\u00e9orique, l\u2019Ukraine a d\u00fb faire une \u00e9norme concession\u00a0: renoncer aux milliers d\u2019ogives nucl\u00e9aires sovi\u00e9tiques rest\u00e9es sur son territoire apr\u00e8s la chute de l\u2019URSS. Kiev est alors de facto la troisi\u00e8me puissance nucl\u00e9aire mondiale. \u00ab\u00a0Bien s\u00fbr, la Bi\u00e9lorussie et le Kazakhstan d\u00e9tenaient aussi des armes sovi\u00e9tiques, mais en quantit\u00e9 bien moindre\u00a0\u00bb, a relev\u00e9 Polina Sinovets, directrice du Centre de non-prolif\u00e9ration de l\u2019Universit\u00e9 d\u2019Odessa interrog\u00e9e en f\u00e9vrier dernier par <a href=\"https:\/\/www.mediapart.fr\/journal\/international\/020225\/comment-l-ukraine-il-y-trente-ans-abandonne-l-arme-nucleaire\" target=\"_blank\" rel=\"noopener\" title=\"Nouvelle fen\u00eatre\">Mediapart<\/a>.<\/p>\n<p class=\"asset asset-text\">Dans le cadre du M\u00e9morandum, Kiev a accept\u00e9 de transf\u00e9rer les ogives sovi\u00e9tiques \u00e0 Moscou et d\u2019int\u00e9grer le Trait\u00e9 sur la non-prolif\u00e9ration des armes nucl\u00e9aires (TNP) en tant qu\u2019\u00c9tat non dot\u00e9 de l\u2019arme. \u00ab\u00a0\u00c0 partir du moment o\u00f9 l\u2019Ukraine renon\u00e7ait aux armes nucl\u00e9aires qui \u00e9taient stationn\u00e9es sur son territoire et qu\u2019elle les rendait \u00e0 la Russie, elle se privait d\u2019un instrument de dissuasion\u00a0\u00bb, rel\u00e8ve le g\u00e9n\u00e9ral J\u00e9r\u00f4me Pellistrandi, interrog\u00e9 par <a href=\"https:\/\/www.bfmtv.com\/international\/europe\/ukraine\/on-a-fait-une-erreur-historique-il-y-a-30-ans-la-russie-les-etats-unis-et-les-britanniques-promettaient-deja-a-l-ukraine-des-garanties-de-securite_AN-202508200187.html\" target=\"_blank\" rel=\"noopener\" title=\"Nouvelle fen\u00eatre\">BFMTV<\/a>. \u00ab\u00a0Donc, les grandes puissances de l\u2019\u00e9poque, y compris la Russie, se sont engag\u00e9es \u00e0 ne pas intervenir et \u00e0 pr\u00e9server la s\u00e9curit\u00e9 de l\u2019Ukraine.\u00a0\u00bb<\/p>\n<p>    \u00ab\u00a0La Russie n\u2019a pas tenu ses engagements\u00a0\u00bb    <\/p>\n<p class=\"asset asset-text\">Il suffit d\u2019avoir allum\u00e9 la radio ou la t\u00e9l\u00e9vision au cours des dix derni\u00e8res ann\u00e9es pour savoir que l\u2019accord sign\u00e9 \u00e0 Budapest n\u2019a pas \u00e9t\u00e9 respect\u00e9. Une de ses limites est notamment qu\u2019il ne pr\u00e9voyait pas d\u2019intervention imm\u00e9diate des signataires en cas de violation. <a href=\"https:\/\/treaties.un.org\/doc\/Publication\/UNTS\/Volume%203007\/Part\/volume-3007-I-52241.pdf\" target=\"_blank\" rel=\"noopener\" title=\"Nouvelle fen\u00eatre\">L\u2019article\u00a05<\/a>\u00a0pr\u00e9voyait seulement qu\u2019ils \u00ab\u00a0demand[ent] au Conseil de s\u00e9curit\u00e9 de l\u2019<a href=\"https:\/\/www.huffingtonpost.fr\/international\/article\/ce-vote-a-l-onu-montre-que-le-sort-de-l-ukraine-est-entre-les-mains-de-trump-et-poutine_246649.html\" target=\"_blank\" rel=\"noopener\" title=\"Nouvelle fen\u00eatre\">ONU<\/a> d\u2019intervenir imm\u00e9diatement\u00a0\u00bb si l\u2019Ukraine \u00ab\u00a0faisait l\u2019objet d\u2019une agression ou d\u2019une menace d\u2019agression faisant appel \u00e0 l\u2019arme nucl\u00e9aire\u00a0\u00bb.<\/p>\n<p class=\"asset asset-text\">Les garanties donn\u00e9es \u00e0 Budapest en 1994\u00a0n\u2019\u00e9taient donc que \u00ab\u00a0limit\u00e9es\u00a0\u00bb, avait soulign\u00e9 l\u2019historienne Anne de Tinguy, sp\u00e9cialiste de la Russie interrog\u00e9e par <a href=\"https:\/\/www.liberation.fr\/checknews\/la-russie-setait-elle-engagee-a-respecter-lintegrite-territoriale-de-lukraine-via-le-memorandum-de-budapest-20220311_J3VSFRN2MFHDNKT3YOIU5SUUSM\/\" target=\"_blank\" rel=\"noopener\" title=\"Nouvelle fen\u00eatre\">Lib\u00e9ration<\/a> au d\u00e9but de l\u2019invasion russe en 2022. \u00ab\u00a0Le m\u00e9morandum avait une port\u00e9e politique tr\u00e8s importante\u00a0\u00bb mais \u00ab\u00a0ne pr\u00e9voyait pas de mesure de r\u00e9torsion en cas de violation par l\u2019une des parties\u00a0\u00bb, avait-elle insist\u00e9. Cet accord reste \u00ab\u00a0un mauvais souvenir pour les Ukrainiens\u00a0\u00bb qui \u00ab\u00a0ont respect\u00e9 [leurs] engagements alors que la Russie n\u2019a pas tenu les siens et que les autres signataires n\u2019ont pas pu la contraindre \u00e0 la respecter\u00a0\u00bb notamment avec l\u2019annexion de la Crim\u00e9e et l\u2019intervention russe dans le Donbass en 2014.<\/p>\n<p>    Un accord \u00ab\u00a0qui n\u2019a pas fonctionn\u00e9 un seul jour\u00a0\u00bb    <\/p>\n<p class=\"asset asset-text\">Ce sombre souvenir associ\u00e9 \u00e0 Budapest n\u2019a pas \u00e9chapp\u00e9 \u00e0 Donald Tusk, le Premier ministre polonais et ex-pr\u00e9sident du Conseil europ\u00e9en, qui s\u2019est fendu d\u2019un message sur X\u00a0: \u00ab\u00a0Budapest\u00a0? Tout le monde ne s\u2019en souvient peut-\u00eatre pas, mais en 1994, l\u2019Ukraine avait d\u00e9j\u00e0 obtenu des garanties d\u2019int\u00e9grit\u00e9 territoriale [\u2026]. \u00c0 Budapest.\u00a0\u00bb Et le responsable polonais d\u2019ajouter, ironique\u00a0: \u00ab\u00a0Je suis peut-\u00eatre superstitieux, mais cette fois-ci, j\u2019essaierais de trouver un autre endroit.\u00a0\u00bb<\/p>\n<p class=\"asset asset-text\">S\u2019il n\u2019a pas donn\u00e9 d\u2019avis sur le lieu du sommet, Volodymyr Zelensky a d\u00e9j\u00e0 eu des mots tr\u00e8s durs pour parler du M\u00e9morandum de 1994. \u00ab\u00a0L\u2019Ukraine \u00e9tait sous pression des \u00c9tats-Unis et de la Russie\u00a0\u00bb, a-t-il d\u00e9nonc\u00e9 d\u00e9but janvier, affirmant m\u00eame que les personnes \u00e0 l\u2019origine de l\u2019accord m\u00e9ritent la \u00ab\u00a0prison\u00a0\u00bb, selon <a href=\"https:\/\/kyivindependent.com\/zelensky-rebukes-budapest-memorandum-signatories\/\" target=\"_blank\" rel=\"noopener\" title=\"Nouvelle fen\u00eatre\">The Kyiv Independent<\/a>. Le 5\u00a0d\u00e9cembre\u00a02024, pour le 30e anniversaire du M\u00e9morandum, le pr\u00e9sident ukrainien a fustig\u00e9 dans un message sur X <strong>que vous pouvez voir ci-dessous <\/strong>un \u00ab\u00a0document qui n\u2019a pas fonctionn\u00e9 un seul jour\u00a0\u00bb.<\/p>\n<p> La lecture de ce contenu est susceptible d\u2019entra\u00eener un d\u00e9p\u00f4t de cookies de la part de l\u2019op\u00e9rateur tiers qui l\u2019h\u00e9berge. Compte-tenu des choix que vous avez exprim\u00e9s en mati\u00e8re de d\u00e9p\u00f4t de cookies, nous avons bloqu\u00e9 l\u2019affichage de ce contenu. Si vous souhaitez y acc\u00e9der, vous devez accepter la cat\u00e9gorie de cookies \u201cContenus tiers\u201d en cliquant sur le bouton ci-dessous. <\/p>\n<p> Lire la Vid\u00e9o        <\/p>\n<p class=\"asset asset-text\">Dans cette m\u00eame vid\u00e9o, Volodymyr Zelensky tire aussi des conclusions de l\u2019exp\u00e9rience rat\u00e9e de Budapest. \u00ab\u00a0Cet \u00e9chec a prouv\u00e9 une chose au monde entier, assurait-il, une signature \u2013 les promesses ou les garanties d\u2019un quelconque pays \u2013 ne suffit pas \u00e0 assurer la s\u00e9curit\u00e9\u00a0\u00bb. Seules les \u00ab\u00a0armes\u00a0\u00bb et l\u2019\u00ab\u00a0unit\u00e9\u00a0\u00bb dans de \u00ab\u00a0r\u00e9elles alliances\u00a0\u00bb permettent une protection, insiste-t-il dans ce qui ressemble \u00e0 un avertissement pour l\u2019UE, l\u2019Otan et Washington.<\/p>\n","protected":false},"excerpt":{"rendered":"SAUL LOEB \/ AFP L\u2019Ukraine a un mauvais souvenir de Budapest, propos\u00e9e par Trump pour accueillir le sommet&hellip;\n","protected":false},"author":2,"featured_media":331714,"comment_status":"","ping_status":"","sticky":false,"template":"","format":"standard","meta":{"footnotes":""},"categories":[1590],"tags":[11,75,73,1777,674,131,14,12,132,220,135,134],"class_list":{"0":"post-331713","1":"post","2":"type-post","3":"status-publish","4":"format-standard","5":"has-post-thumbnail","7":"category-ukraine","8":"tag-actualites","9":"tag-donald-trump","10":"tag-etats-unis","11":"tag-eu","12":"tag-europe","13":"tag-guerre-en-ukraine","14":"tag-international","15":"tag-news","16":"tag-russie","17":"tag-ukraine","18":"tag-vladimir-poutine","19":"tag-volodymyr-zelensky"},"share_on_mastodon":{"url":"https:\/\/pubeurope.com\/@fr\/115061470309366547","error":""},"_links":{"self":[{"href":"https:\/\/www.europesays.com\/fr\/wp-json\/wp\/v2\/posts\/331713","targetHints":{"allow":["GET"]}}],"collection":[{"href":"https:\/\/www.europesays.com\/fr\/wp-json\/wp\/v2\/posts"}],"about":[{"href":"https:\/\/www.europesays.com\/fr\/wp-json\/wp\/v2\/types\/post"}],"author":[{"embeddable":true,"href":"https:\/\/www.europesays.com\/fr\/wp-json\/wp\/v2\/users\/2"}],"replies":[{"embeddable":true,"href":"https:\/\/www.europesays.com\/fr\/wp-json\/wp\/v2\/comments?post=331713"}],"version-history":[{"count":0,"href":"https:\/\/www.europesays.com\/fr\/wp-json\/wp\/v2\/posts\/331713\/revisions"}],"wp:featuredmedia":[{"embeddable":true,"href":"https:\/\/www.europesays.com\/fr\/wp-json\/wp\/v2\/media\/331714"}],"wp:attachment":[{"href":"https:\/\/www.europesays.com\/fr\/wp-json\/wp\/v2\/media?parent=331713"}],"wp:term":[{"taxonomy":"category","embeddable":true,"href":"https:\/\/www.europesays.com\/fr\/wp-json\/wp\/v2\/categories?post=331713"},{"taxonomy":"post_tag","embeddable":true,"href":"https:\/\/www.europesays.com\/fr\/wp-json\/wp\/v2\/tags?post=331713"}],"curies":[{"name":"wp","href":"https:\/\/api.w.org\/{rel}","templated":true}]}}