{"id":331717,"date":"2025-08-20T14:05:15","date_gmt":"2025-08-20T14:05:15","guid":{"rendered":"https:\/\/www.europesays.com\/fr\/331717\/"},"modified":"2025-08-20T14:05:15","modified_gmt":"2025-08-20T14:05:15","slug":"en-grande-bretagne-les-tests-de-vue-pourraient-devenir-obligatoire-pour-les-seniors-au-volant","status":"publish","type":"post","link":"https:\/\/www.europesays.com\/fr\/331717\/","title":{"rendered":"En Grande-Bretagne, les tests de vue pourraient devenir obligatoire pour les seniors au volant"},"content":{"rendered":"<p>Le gouvernement britannique envisage une r\u00e9forme majeure du code de la route afin de renforcer la s\u00e9curit\u00e9. Parmi les mesures phares figure l\u2019obligation pour les conducteurs de plus de 70 ans de passer un test de la vue pour conserver leur permis. Ceux qui \u00e9choueraient pourraient se voir interdire de conduire.<\/p>\n<p>Cette d\u00e9cision fait suite \u00e0 une enqu\u00eate sur quatre d\u00e9c\u00e8s caus\u00e9s par des automobilistes souffrant de d\u00e9ficiences visuelles. Le magistrat a qualifi\u00e9 le syst\u00e8me britannique de \u00ab plus laxiste d\u2019Europe \u00bb, rappelant que le pays ne repose que sur l\u2019auto-d\u00e9claration des probl\u00e8mes de vision, contrairement \u00e0 la majorit\u00e9 des \u00c9tats europ\u00e9ens.<\/p>\n<p>Les accidents de la route co\u00fbtent chaque ann\u00e9e la vie \u00e0 1 600 personnes en Grande-Bretagne, provoquent des milliers de bless\u00e9s graves et repr\u00e9sentent plus de 2 milliards de livres de d\u00e9penses de sant\u00e9.<\/p>\n<p>Toutefois, la mise en place de cette r\u00e9forme soul\u00e8ve des questions pratiques, car l&rsquo;acc\u00e8s \u00e0 un ophtalmologiste dans des d\u00e9lais raisonnable est souvent aussi compliqu\u00e9 qu&rsquo;en France.\u00a0<\/p>\n<p>Aujourd&rsquo;hui au Royaume-Uni, les probl\u00e8mes visuels sont d\u00e9claratifs, \u00e0 l&rsquo;instar de 2 autres pays europ\u00e9ens,\u00a0l\u2019Islande et la Norv\u00e8ge.<\/p>\n<p>La situation en France<\/p>\n<p>En France, le permis B est d\u00e9livr\u00e9 sans limite de dur\u00e9e et la l\u00e9gislation ne pr\u00e9voit ni visite m\u00e9dicale obligatoire, ni \u00e9valuation sp\u00e9cifique de la conduite des personnes \u00e2g\u00e9es.<\/p>\n<p><a href=\"https:\/\/www.acuite.fr\/actualite\/legislation\/305461\/proposition-de-loi-vers-un-controle-medical-regulier-pour-tous-les\" rel=\"nofollow noopener\" target=\"_blank\">Une proposition de loi \u00e0 \u00e9t\u00e9 d\u00e9pos\u00e9e au printemps 2025<\/a>, pr\u00e9voyant un contr\u00f4le m\u00e9dical (dont visuel) tous les 15 ans pour les d\u00e9tenteurs du permis de conduire, et tous les 5 ans pour les plus de 70 ans. Bien que 80% des Fran\u00e7ais y soient favorable, la loi n&rsquo;a jamais \u00e9t\u00e9 vot\u00e9e et reste aujourd&rsquo;hui en suspens. Une quinzaine de pays europ\u00e9ens ont d\u00e9j\u00e0 mis en place des mesures de ce type.\u00a0<\/p>\n","protected":false},"excerpt":{"rendered":"Le gouvernement britannique envisage une r\u00e9forme majeure du code de la route afin de renforcer la s\u00e9curit\u00e9. Parmi&hellip;\n","protected":false},"author":2,"featured_media":331718,"comment_status":"","ping_status":"","sticky":false,"template":"","format":"standard","meta":{"footnotes":""},"categories":[1588],"tags":[11,1777,674,12,473,1853,1851,1850,1852],"class_list":{"0":"post-331717","1":"post","2":"type-post","3":"status-publish","4":"format-standard","5":"has-post-thumbnail","7":"category-royaume-uni","8":"tag-actualites","9":"tag-eu","10":"tag-europe","11":"tag-news","12":"tag-royaume-uni","13":"tag-royaume-uni-de-grande-bretagne-et-dirlande-du-nord","14":"tag-uk","15":"tag-united-kingdom","16":"tag-united-kingdom-of-great-britain-and-northern-ireland"},"share_on_mastodon":{"url":"https:\/\/pubeurope.com\/@fr\/115061478165670798","error":""},"_links":{"self":[{"href":"https:\/\/www.europesays.com\/fr\/wp-json\/wp\/v2\/posts\/331717","targetHints":{"allow":["GET"]}}],"collection":[{"href":"https:\/\/www.europesays.com\/fr\/wp-json\/wp\/v2\/posts"}],"about":[{"href":"https:\/\/www.europesays.com\/fr\/wp-json\/wp\/v2\/types\/post"}],"author":[{"embeddable":true,"href":"https:\/\/www.europesays.com\/fr\/wp-json\/wp\/v2\/users\/2"}],"replies":[{"embeddable":true,"href":"https:\/\/www.europesays.com\/fr\/wp-json\/wp\/v2\/comments?post=331717"}],"version-history":[{"count":0,"href":"https:\/\/www.europesays.com\/fr\/wp-json\/wp\/v2\/posts\/331717\/revisions"}],"wp:featuredmedia":[{"embeddable":true,"href":"https:\/\/www.europesays.com\/fr\/wp-json\/wp\/v2\/media\/331718"}],"wp:attachment":[{"href":"https:\/\/www.europesays.com\/fr\/wp-json\/wp\/v2\/media?parent=331717"}],"wp:term":[{"taxonomy":"category","embeddable":true,"href":"https:\/\/www.europesays.com\/fr\/wp-json\/wp\/v2\/categories?post=331717"},{"taxonomy":"post_tag","embeddable":true,"href":"https:\/\/www.europesays.com\/fr\/wp-json\/wp\/v2\/tags?post=331717"}],"curies":[{"name":"wp","href":"https:\/\/api.w.org\/{rel}","templated":true}]}}