{"id":331719,"date":"2025-08-20T14:06:13","date_gmt":"2025-08-20T14:06:13","guid":{"rendered":"https:\/\/www.europesays.com\/fr\/331719\/"},"modified":"2025-08-20T14:06:13","modified_gmt":"2025-08-20T14:06:13","slug":"prologue-tour-dallemagne-2025-classement-et-resultats","status":"publish","type":"post","link":"https:\/\/www.europesays.com\/fr\/331719\/","title":{"rendered":"Prologue Tour d&rsquo;Allemagne 2025 &#8211; Classement et r\u00e9sultats"},"content":{"rendered":"<p style=\"text-align: justify;\"><strong>Retrouvez le classement et les r\u00e9sultats du prologue du Tour d\u2019Allemagne 2025, qui s\u2019est d\u00e9roul\u00e9 ce mercredi 20 ao\u00fbt \u00e0 Essen (3,1 km).<\/strong><\/p>\n<ul>\n<li style=\"text-align: justify;\"><strong>\u00c0 ce sujet \u2013 Classement g\u00e9n\u00e9ral Tour d\u2019Allemagne mis \u00e0 jour (\u00e0 venir)<\/strong><\/li>\n<\/ul>\n<p style=\"text-align: justify;\">Le <strong>Tour d\u2019Allemagne 2025<\/strong> d\u00e9bute ce <strong>mercredi 20 ao\u00fbt<\/strong> par un prologue disput\u00e9 \u00e0 <strong>Essen<\/strong>, au c\u0153ur du site class\u00e9 au patrimoine mondial de l\u2019UNESCO de l\u2019ancienne mine de <strong>Zollverein<\/strong>. Sur un parcours de 3 kilom\u00e8tres totalisant 64 m\u00e8tres de d\u00e9nivel\u00e9 positif, les coureurs s\u2019affrontent dans un contre-la-montre individuel aussi explosif que technique. Court, mais exigeant, ce trac\u00e9 offre peu de r\u00e9pit, obligeant chacun \u00e0 g\u00e9rer parfaitement ses relances et ses trajectoires pour esp\u00e9rer endosser le premier maillot de leader de l\u2019\u00e9preuve.<\/p>\n<p style=\"text-align: justify;\">Parmi les favoris du jour, citons <strong>Wout Van Aert<\/strong> (Visma Lease a Bike), ainsi que <strong>Brandon McNulty<\/strong> (UAE Team Emirates XRG) ou encore <strong>Jonathan Milan<\/strong> (Lidl-Trek) qui, sur un prologue aussi court, peut faire des d\u00e9g\u00e2ts.<\/p>\n<p><a href=\"https:\/\/dicodusport.fr\/blog\/tour-dallemagne-2025-parcours-detaille-et-profils-des-etapes\/\" class=\"vlp-link\" title=\"Tour d&#039;Allemagne 2025 : Parcours d\u00e9taill\u00e9 et profils des \u00e9tapes\" target=\"_blank\" rel=\"noopener\"><img loading=\"lazy\" decoding=\"async\" style=\"max-width: 792px;\" width=\"792\" height=\"445\" class=\"attachment-800x445 size-800x445 perfmatters-lazy\" alt=\"Tour d'Allemagne 2025 Parcours d\u00e9taill\u00e9 et profils des \u00e9tapes\" src=\"https:\/\/www.europesays.com\/fr\/wp-content\/uploads\/2025\/08\/Tour-dAllemagne-2025-Parcours-detaille-et-profils-des-etapes.png\"  data-\/><\/p>\n<p>Tour d&rsquo;Allemagne 2025 : Parcours d\u00e9taill\u00e9 et profils des \u00e9tapes<\/p>\n<p>Retrouvez le parcours en d\u00e9tail et tous les profils des \u00e9tapes du Tour d&rsquo;Allemagne 2025, qui se d\u00e9roule du 20 ao\u00fbt au 24 ao\u00fbt 2025.<\/p>\n<p>Lire l&rsquo;article<\/p>\n<p>dicodusport.fr<\/p>\n<p style=\"text-align: justify;\"><strong>Arriv\u00e9e pr\u00e9vue sur les coups de 18h30. Retrouvez les r\u00e9sultats complets et le classement du prologue du Tour d\u2019Allemagne 2025 ci-dessous.<\/strong><\/p>\n<p>Classement du prologue \u2013 Tour d\u2019Allemagne 2025<\/p>\n<p style=\"text-align: justify;\"><strong>Classement officiel mis \u00e0 jour \u00e0 l\u2019issue du prologue.<\/strong><\/p>\n<tr style=\"height: 24px\">\n<td style=\"border-color: #ebebeb;height: 24px;text-align: center;width: 80px;vertical-align: middle\">\ud83c\udfc6<\/td>\n<td style=\"border-color: #ebebeb;height: 24px;text-align: center;width: 500px;vertical-align: middle\"><strong>COUREURS<\/strong><\/td>\n<td style=\"border-color: #ebebeb;height: 24px;text-align: center;width: 220px;vertical-align: middle\"><strong>TEMPS \/ \u00c9CART<\/strong><\/td>\n<\/tr>\n<tr style=\"height: 24px\">\n<td style=\"border-color: #ebebeb;height: 24px;text-align: center;width: 80px;vertical-align: middle\"><strong>1.<\/strong><\/td>\n<td style=\"border-color: #ebebeb;text-align: center;width: 500px;vertical-align: middle\"\/>\n<td style=\"border-color: #ebebeb;text-align: center;width: 220px;vertical-align: middle\"\/>\n<\/tr>\n<tr>\n<td style=\"border-color: #ebebeb;text-align: center;width: 80px;vertical-align: middle\">2.<\/td>\n<td style=\"border-color: #ebebeb;text-align: center;width: 500px;vertical-align: middle\"\/>\n<td style=\"border-color: #ebebeb;text-align: center;width: 220px;vertical-align: middle\"\/>\n<\/tr>\n<tr>\n<td style=\"border-color: #ebebeb;text-align: center;width: 80px;vertical-align: middle\">3.<\/td>\n<td style=\"border-color: #ebebeb;text-align: center;width: 500px;vertical-align: middle\"\/>\n<td style=\"border-color: #ebebeb;text-align: center;width: 220px;vertical-align: middle\"\/>\n<\/tr>\n<tr>\n<td style=\"border-color: #ebebeb;text-align: center;width: 80px;vertical-align: middle\">4.<\/td>\n<td style=\"border-color: #ebebeb;text-align: center;width: 500px;vertical-align: middle\"\/>\n<td style=\"border-color: #ebebeb;text-align: center;width: 220px;vertical-align: middle\"\/>\n<\/tr>\n<tr>\n<td style=\"border-color: #ebebeb;text-align: center;width: 80px;vertical-align: middle\">5.<\/td>\n<td style=\"border-color: #ebebeb;text-align: center;width: 500px;vertical-align: middle\"\/>\n<td style=\"border-color: #ebebeb;text-align: center;width: 220px;vertical-align: middle\"\/>\n<\/tr>\n<tr>\n<td style=\"border-color: #ebebeb;text-align: center;width: 80px;vertical-align: middle\">6.<\/td>\n<td style=\"border-color: #ebebeb;text-align: center;width: 500px;vertical-align: middle\"\/>\n<td style=\"border-color: #ebebeb;text-align: center;width: 220px;vertical-align: middle\"\/>\n<\/tr>\n<tr>\n<td style=\"border-color: #ebebeb;text-align: center;width: 80px;vertical-align: middle\">7.<\/td>\n<td style=\"border-color: #ebebeb;text-align: center;width: 500px;vertical-align: middle\"\/>\n<td style=\"border-color: #ebebeb;text-align: center;width: 220px;vertical-align: middle\"\/>\n<\/tr>\n<tr>\n<td style=\"border-color: #ebebeb;text-align: center;width: 80px;vertical-align: middle\">8.<\/td>\n<td style=\"border-color: #ebebeb;text-align: center;width: 500px;vertical-align: middle\"\/>\n<td style=\"border-color: #ebebeb;text-align: center;width: 220px;vertical-align: middle\"\/>\n<\/tr>\n<tr>\n<td style=\"border-color: #ebebeb;text-align: center;width: 80px;vertical-align: middle\">9.<\/td>\n<td style=\"border-color: #ebebeb;text-align: center;width: 500px;vertical-align: middle\"\/>\n<td style=\"border-color: #ebebeb;text-align: center;width: 220px;vertical-align: middle\"\/>\n<\/tr>\n<tr style=\"height: 24px\">\n<td style=\"border-color: #ebebeb;height: 24px;text-align: center;width: 80px;vertical-align: middle\">10.<\/td>\n<td style=\"border-color: #ebebeb;text-align: center;width: 500px;vertical-align: middle\"\/>\n<td style=\"border-color: #ebebeb;text-align: center;width: 220px;vertical-align: middle\"\/>\n<\/tr>\n<tr>\n<td style=\"border-color: #ebebeb;text-align: center;width: 80px;vertical-align: middle\">11.<\/td>\n<td style=\"border-color: #ebebeb;text-align: center;width: 500px;vertical-align: middle\"\/>\n<td style=\"border-color: #ebebeb;text-align: center;width: 220px;vertical-align: middle\"\/>\n<\/tr>\n<tr>\n<td style=\"border-color: #ebebeb;text-align: center;width: 80px;vertical-align: middle\">12.<\/td>\n<td style=\"border-color: #ebebeb;text-align: center;width: 500px;vertical-align: middle\"\/>\n<td style=\"border-color: #ebebeb;text-align: center;width: 220px;vertical-align: middle\"\/>\n<\/tr>\n<tr>\n<td style=\"border-color: #ebebeb;text-align: center;width: 80px;vertical-align: middle\">13.<\/td>\n<td style=\"border-color: #ebebeb;text-align: center;width: 500px;vertical-align: middle\"\/>\n<td style=\"border-color: #ebebeb;text-align: center;width: 220px;vertical-align: middle\"\/>\n<\/tr>\n<tr>\n<td style=\"border-color: #ebebeb;text-align: center;width: 80px;vertical-align: middle\">14.<\/td>\n<td style=\"border-color: #ebebeb;text-align: center;width: 500px;vertical-align: middle\"\/>\n<td style=\"border-color: #ebebeb;text-align: center;width: 220px;vertical-align: middle\"\/>\n<\/tr>\n<tr>\n<td style=\"border-color: #ebebeb;text-align: center;width: 80px;vertical-align: middle\">15.<\/td>\n<td style=\"border-color: #ebebeb;text-align: center;width: 500px;vertical-align: middle\"\/>\n<td style=\"border-color: #ebebeb;text-align: center;width: 220px;vertical-align: middle\"\/>\n<\/tr>\n<tr>\n<td style=\"border-color: #ebebeb;text-align: center;width: 80px;vertical-align: middle\">16.<\/td>\n<td style=\"border-color: #ebebeb;text-align: center;width: 500px;vertical-align: middle\"\/>\n<td style=\"border-color: #ebebeb;text-align: center;width: 220px;vertical-align: middle\"\/>\n<\/tr>\n<tr>\n<td style=\"border-color: #ebebeb;text-align: center;width: 80px;vertical-align: middle\">17.<\/td>\n<td style=\"border-color: #ebebeb;text-align: center;width: 500px;vertical-align: middle\"\/>\n<td style=\"border-color: #ebebeb;text-align: center;width: 220px;vertical-align: middle\"\/>\n<\/tr>\n<tr>\n<td style=\"border-color: #ebebeb;text-align: center;width: 80px;vertical-align: middle\">18.<\/td>\n<td style=\"border-color: #ebebeb;text-align: center;width: 500px;vertical-align: middle\"\/>\n<td style=\"border-color: #ebebeb;text-align: center;width: 220px;vertical-align: middle\"\/>\n<\/tr>\n<tr style=\"height: 24px\">\n<td style=\"border-color: #ebebeb;height: 24px;text-align: center;width: 80px;vertical-align: middle\">19.<\/td>\n<td style=\"border-color: #ebebeb;text-align: center;width: 500px;vertical-align: middle\"\/>\n<td style=\"border-color: #ebebeb;text-align: center;width: 220px;vertical-align: middle\"\/>\n<\/tr>\n<tr>\n<td style=\"border-color: #ebebeb;text-align: center;width: 80px;vertical-align: middle\">20.<\/td>\n<td style=\"border-color: #ebebeb;text-align: center;width: 500px;vertical-align: middle\"\/>\n<td style=\"border-color: #ebebeb;text-align: center;width: 220px;vertical-align: middle\"\/>\n<\/tr>\n<p>\u00c0 lire aussi<\/p>\n<p><a href=\"https:\/\/dicodusport.fr\/blog\/cyclisme-mercato-2025-2026-le-tableau-des-transferts\/\" class=\"vlp-link\" title=\"Cyclisme Mercato 2025-2026 - Le tableau des transferts\" target=\"_blank\" rel=\"noopener\"><img loading=\"lazy\" decoding=\"async\" style=\"max-width: 792px;\" width=\"792\" height=\"445\" class=\"attachment-800x445 size-800x445 perfmatters-lazy\" alt=\"Cyclisme Mercato 2025-2026 - Le tableau des transferts\" src=\"https:\/\/www.europesays.com\/fr\/wp-content\/uploads\/2025\/08\/Cyclisme-Mercato-2025-2026-Le-tableau-des-transferts.png\"  data-\/><\/p>\n<p>Cyclisme Mercato 2025-2026 &#8211; Le tableau des transferts<\/p>\n<p>MERCATO CYCLISME 2025-2026 &#8211; D\u00e9couvrez les transferts officiels et les rumeurs du mercato cycliste.<\/p>\n<p>Lire l&rsquo;article<\/p>\n<p>dicodusport.fr<\/p>\n","protected":false},"excerpt":{"rendered":"Retrouvez le classement et les r\u00e9sultats du prologue du Tour d\u2019Allemagne 2025, qui s\u2019est d\u00e9roul\u00e9 ce mercredi 20&hellip;\n","protected":false},"author":2,"featured_media":331720,"comment_status":"","ping_status":"","sticky":false,"template":"","format":"standard","meta":{"footnotes":""},"categories":[1587],"tags":[11,672,2113,1804,207,10070,1805,1803,1777,674,1801,12,1802,46900],"class_list":{"0":"post-331719","1":"post","2":"type-post","3":"status-publish","4":"format-standard","5":"has-post-thumbnail","7":"category-allemagne","8":"tag-actualites","9":"tag-allemagne","10":"tag-breve","11":"tag-bundesrepublik-deutschland","12":"tag-cyclisme","13":"tag-cyclisme-sur-route","14":"tag-de","15":"tag-deutschland","16":"tag-eu","17":"tag-europe","18":"tag-germany","19":"tag-news","20":"tag-republique-federale-dallemagne","21":"tag-tour-dallemagne"},"share_on_mastodon":{"url":"https:\/\/pubeurope.com\/@fr\/115061482539748663","error":""},"_links":{"self":[{"href":"https:\/\/www.europesays.com\/fr\/wp-json\/wp\/v2\/posts\/331719","targetHints":{"allow":["GET"]}}],"collection":[{"href":"https:\/\/www.europesays.com\/fr\/wp-json\/wp\/v2\/posts"}],"about":[{"href":"https:\/\/www.europesays.com\/fr\/wp-json\/wp\/v2\/types\/post"}],"author":[{"embeddable":true,"href":"https:\/\/www.europesays.com\/fr\/wp-json\/wp\/v2\/users\/2"}],"replies":[{"embeddable":true,"href":"https:\/\/www.europesays.com\/fr\/wp-json\/wp\/v2\/comments?post=331719"}],"version-history":[{"count":0,"href":"https:\/\/www.europesays.com\/fr\/wp-json\/wp\/v2\/posts\/331719\/revisions"}],"wp:featuredmedia":[{"embeddable":true,"href":"https:\/\/www.europesays.com\/fr\/wp-json\/wp\/v2\/media\/331720"}],"wp:attachment":[{"href":"https:\/\/www.europesays.com\/fr\/wp-json\/wp\/v2\/media?parent=331719"}],"wp:term":[{"taxonomy":"category","embeddable":true,"href":"https:\/\/www.europesays.com\/fr\/wp-json\/wp\/v2\/categories?post=331719"},{"taxonomy":"post_tag","embeddable":true,"href":"https:\/\/www.europesays.com\/fr\/wp-json\/wp\/v2\/tags?post=331719"}],"curies":[{"name":"wp","href":"https:\/\/api.w.org\/{rel}","templated":true}]}}