{"id":331721,"date":"2025-08-20T14:07:11","date_gmt":"2025-08-20T14:07:11","guid":{"rendered":"https:\/\/www.europesays.com\/fr\/331721\/"},"modified":"2025-08-20T14:07:11","modified_gmt":"2025-08-20T14:07:11","slug":"le-nombre-de-cas-de-maladies-transmises-par-les-moustiques-atteint-un-record","status":"publish","type":"post","link":"https:\/\/www.europesays.com\/fr\/331721\/","title":{"rendered":"Le nombre de cas de maladies transmises par les moustiques atteint un record"},"content":{"rendered":"<p><strong>Piq\u00fbre &#8211; Avec 27 cas de chikungunya en 2025, l\u2019Europe \u00e9tablit un nouveau record qui sera une \u00ab nouvelle normalit\u00e9 \u00bb cr\u00e9\u00e9e par le changement climatique<\/strong><\/p>\n<p>Il va falloir s\u2019habituer \u00e0 un important nombre de cas de maladies transmises par des moustiques en <a href=\"https:\/\/www.20minutes.fr\/dossier\/europe?at_medium=RSS%20feed&amp;at_campaign=ynews&amp;utm_source=yahoo&amp;utm_medium=rss&amp;utm_campaign=news_feed&amp;utm_content=in_article_link\" rel=\"nofollow noopener\" target=\"_blank\" data-ylk=\"slk:Europe;elm:context_link;itc:0;sec:content-canvas\" class=\"link \">Europe<\/a>, comme le <a href=\"https:\/\/www.20minutes.fr\/dossier\/chikungunya?at_medium=RSS%20feed&amp;at_campaign=ynews&amp;utm_source=yahoo&amp;utm_medium=rss&amp;utm_campaign=news_feed&amp;utm_content=in_article_link\" rel=\"nofollow noopener\" target=\"_blank\" data-ylk=\"slk:chikungunya;elm:context_link;itc:0;sec:content-canvas\" class=\"link \">chikungunya<\/a> et le virus du Nil occidental. C\u2019est une \u00ab nouvelle normalit\u00e9 \u00bb cr\u00e9\u00e9e par le changement climatique, a annonc\u00e9 mercredi l\u2019agence de sant\u00e9 de l\u2019Union europ\u00e9enne.<\/p>\n<p>Cet \u00e9t\u00e9, le nombre de cas \u00e9tablit un nouveau record. L\u2019Europe conna\u00eet des saisons de contamination par les <a href=\"https:\/\/www.20minutes.fr\/dossier\/moustique?at_medium=RSS%20feed&amp;at_campaign=ynews&amp;utm_source=yahoo&amp;utm_medium=rss&amp;utm_campaign=news_feed&amp;utm_content=in_article_link\" rel=\"nofollow noopener\" target=\"_blank\" data-ylk=\"slk:moustiques;elm:context_link;itc:0;sec:content-canvas\" class=\"link \">moustiques<\/a> plus longues et plus intenses, a expliqu\u00e9 le Centre europ\u00e9en de pr\u00e9vention et de contr\u00f4le des maladies (ECDC) dans un communiqu\u00e9.<\/p>\n<p>\u00ab Ce changement est caus\u00e9 par des facteurs climatiques et environnementaux comme la <a href=\"https:\/\/www.20minutes.fr\/dossier\/rechauffement-climatique?at_medium=RSS%20feed&amp;at_campaign=ynews&amp;utm_source=yahoo&amp;utm_medium=rss&amp;utm_campaign=news_feed&amp;utm_content=in_article_link\" rel=\"nofollow noopener\" target=\"_blank\" data-ylk=\"slk:hausse des temp\u00e9ratures;elm:context_link;itc:0;sec:content-canvas\" class=\"link \">hausse des temp\u00e9ratures<\/a>, des \u00e9t\u00e9s plus longs, des hivers plus doux et des changements dans la pluviom\u00e9trie &#8211; des probl\u00e8mes qui se combinent pour cr\u00e9er un environnement favorable aux moustiques, o\u00f9 ils prosp\u00e8rent et transmettent des virus \u00bb, selon l\u2019ECDC.<\/p>\n<p>27 cas de chikungunya en 2025, un record<\/p>\n<p>La directrice de l\u2019agence, Pamela Rendi-Wagner, estime que l\u2019Europe entre dans une nouvelle phase o\u00f9 \u00ab une transmission plus longue, plus r\u00e9pandue et plus intense de maladies v\u00e9hicul\u00e9es par les moustiques devient la nouvelle normalit\u00e9 \u00bb.<\/p>\n<p>Le moustique pouvant r\u00e9pandre le virus du chikungunya, Aedes albopictus, s\u2019est d\u00e9sormais \u00e9tabli dans 16 pays europ\u00e9ens et 369 r\u00e9gions, contre seulement 114 r\u00e9gions il y a une d\u00e9cennie, a indiqu\u00e9 l\u2019ECDC.<\/p>\n<p>L\u2019Europe a enregistr\u00e9 27 cas de chikungunya pour le moment en 2025, un nouveau record pour le continent. Pour la premi\u00e8re fois, un cas transmis(&#8230;)<\/p>\n<p><a href=\"https:\/\/www.20minutes.fr\/sante\/4168725-20250820-europe-nombre-cas-maladies-transmises-moustiques-atteint-record?at_medium=RSS%20feed&amp;at_campaign=ynews&amp;utm_source=yahoo&amp;utm_medium=rss&amp;utm_campaign=news_feed&amp;utm_content=read_more_link&quot;\" rel=\"nofollow noopener\" target=\"_blank\" data-ylk=\"slk:Lire la suite sur 20minutes;elm:context_link;itc:0;sec:content-canvas\" class=\"link \">Lire la suite sur 20minutes<\/a><\/p>\n<p>\u00c0 lire aussi :<br \/><a href=\"https:\/\/www.20minutes.fr\/sante\/4161336-20250701-moustiques-tigres-premier-cas-autochtone-chikungunya-identifie-bas-rhin?at_medium=RSS%20feed&amp;at_campaign=ynews&amp;utm_source=yahoo&amp;utm_medium=rss&amp;utm_campaign=news_feed&amp;utm_content=related_content_link\" rel=\"nofollow noopener\" target=\"_blank\" data-ylk=\"slk:Moustiques tigres : Un premier cas autochtone de chikungunya identifi\u00e9 dans le Bas-Rhin;elm:context_link;itc:0;sec:content-canvas\" class=\"link \">Moustiques tigres : Un premier cas autochtone de chikungunya identifi\u00e9 dans le Bas-Rhin<\/a><br \/><a href=\"https:\/\/www.20minutes.fr\/sante\/4163896-20250716-chikungunya-douze-foyers-transmission-trentaine-cas-identifies-metropole?at_medium=RSS%20feed&amp;at_campaign=ynews&amp;utm_source=yahoo&amp;utm_medium=rss&amp;utm_campaign=news_feed&amp;utm_content=related_content_link\" rel=\"nofollow noopener\" target=\"_blank\" data-ylk=\"slk:Chikungunya : Douze foyers de transmission et une trentaine de cas identifi\u00e9s en m\u00e9tropole;elm:context_link;itc:0;sec:content-canvas\" class=\"link \">Chikungunya : Douze foyers de transmission et une trentaine de cas identifi\u00e9s en m\u00e9tropole<\/a><\/p>\n","protected":false},"excerpt":{"rendered":"Piq\u00fbre &#8211; Avec 27 cas de chikungunya en 2025, l\u2019Europe \u00e9tablit un nouveau record qui sera une \u00ab&hellip;\n","protected":false},"author":2,"featured_media":331722,"comment_status":"","ping_status":"","sticky":false,"template":"","format":"standard","meta":{"footnotes":""},"categories":[1586],"tags":[11,14362,4734,1777,674,1011,27,1808,12,25],"class_list":{"0":"post-331721","1":"post","2":"type-post","3":"status-publish","4":"format-standard","5":"has-post-thumbnail","7":"category-europe","8":"tag-actualites","9":"tag-cas","10":"tag-changement-climatique","11":"tag-eu","12":"tag-europe","13":"tag-fr","14":"tag-france","15":"tag-leurope","16":"tag-news","17":"tag-republique-francaise"},"share_on_mastodon":{"url":"https:\/\/pubeurope.com\/@fr\/115061486024491576","error":""},"_links":{"self":[{"href":"https:\/\/www.europesays.com\/fr\/wp-json\/wp\/v2\/posts\/331721","targetHints":{"allow":["GET"]}}],"collection":[{"href":"https:\/\/www.europesays.com\/fr\/wp-json\/wp\/v2\/posts"}],"about":[{"href":"https:\/\/www.europesays.com\/fr\/wp-json\/wp\/v2\/types\/post"}],"author":[{"embeddable":true,"href":"https:\/\/www.europesays.com\/fr\/wp-json\/wp\/v2\/users\/2"}],"replies":[{"embeddable":true,"href":"https:\/\/www.europesays.com\/fr\/wp-json\/wp\/v2\/comments?post=331721"}],"version-history":[{"count":0,"href":"https:\/\/www.europesays.com\/fr\/wp-json\/wp\/v2\/posts\/331721\/revisions"}],"wp:featuredmedia":[{"embeddable":true,"href":"https:\/\/www.europesays.com\/fr\/wp-json\/wp\/v2\/media\/331722"}],"wp:attachment":[{"href":"https:\/\/www.europesays.com\/fr\/wp-json\/wp\/v2\/media?parent=331721"}],"wp:term":[{"taxonomy":"category","embeddable":true,"href":"https:\/\/www.europesays.com\/fr\/wp-json\/wp\/v2\/categories?post=331721"},{"taxonomy":"post_tag","embeddable":true,"href":"https:\/\/www.europesays.com\/fr\/wp-json\/wp\/v2\/tags?post=331721"}],"curies":[{"name":"wp","href":"https:\/\/api.w.org\/{rel}","templated":true}]}}