{"id":331723,"date":"2025-08-20T14:08:14","date_gmt":"2025-08-20T14:08:14","guid":{"rendered":"https:\/\/www.europesays.com\/fr\/331723\/"},"modified":"2025-08-20T14:08:14","modified_gmt":"2025-08-20T14:08:14","slug":"cartes-petrole-renouvelables-nucleaire-le-mix-energetique-des-pays-de-lue","status":"publish","type":"post","link":"https:\/\/www.europesays.com\/fr\/331723\/","title":{"rendered":"[Cartes] P\u00e9trole, renouvelables, nucl\u00e9aire&#8230; le mix \u00e9nerg\u00e9tique des pays de l&rsquo;UE"},"content":{"rendered":"<p>\t[Cartes] P\u00e9trole, renouvelables, nucl\u00e9aire&#8230; le mix \u00e9nerg\u00e9tique des pays de l&rsquo;UE &#8211; Touteleurope.eu<\/p>\n<p>\t\t<img decoding=\"async\" alt=\"fermer\" class=\"close-info\" src=\"https:\/\/www.touteleurope.eu\/wp-content\/themes\/toute_leurope\/assets\/images\/close-picto-blue.svg\"\/><\/p>\n<p>Touteleurope.eu est le site p\u00e9dagogique de r\u00e9f\u00e9rence sur les questions europ\u00e9ennes : <a href=\"https:\/\/www.touteleurope.eu\/qui-sommes-nous\/\" target=\"_blank\" rel=\"noopener\">Qui sommes-nous ?<\/a><\/p>\n<p><img decoding=\"async\" class=\"logo-pdf\" alt=\"Toute L'Europe \u2013 Comprendre l'Europe\" src=\"data:image\/svg+xml,%3Csvg%20xmlns=\" http:=\"\" data-lazy-src=\"https:\/\/www.touteleurope.eu\/wp-content\/themes\/toute_leurope\/assets\/images\/logo-ttl.svg\"\/><\/p>\n","protected":false},"excerpt":{"rendered":"[Cartes] P\u00e9trole, renouvelables, nucl\u00e9aire&#8230; le mix \u00e9nerg\u00e9tique des pays de l&rsquo;UE &#8211; Touteleurope.eu Touteleurope.eu est le site p\u00e9dagogique&hellip;\n","protected":false},"author":2,"featured_media":331724,"comment_status":"","ping_status":"","sticky":false,"template":"","format":"standard","meta":{"footnotes":""},"categories":[1586],"tags":[11,893,11440,4915,2830,1777,674,1779,1011,27,12,25,132,1778,364],"class_list":{"0":"post-331723","1":"post","2":"type-post","3":"status-publish","4":"format-standard","5":"has-post-thumbnail","7":"category-europe","8":"tag-actualites","9":"tag-energie","10":"tag-energie-nucleaire","11":"tag-energies-fossiles","12":"tag-energies-renouvelables","13":"tag-eu","14":"tag-europe","15":"tag-european-union","16":"tag-fr","17":"tag-france","18":"tag-news","19":"tag-republique-francaise","20":"tag-russie","21":"tag-ue","22":"tag-union-europeenne"},"share_on_mastodon":{"url":"https:\/\/pubeurope.com\/@fr\/115061489945641810","error":""},"_links":{"self":[{"href":"https:\/\/www.europesays.com\/fr\/wp-json\/wp\/v2\/posts\/331723","targetHints":{"allow":["GET"]}}],"collection":[{"href":"https:\/\/www.europesays.com\/fr\/wp-json\/wp\/v2\/posts"}],"about":[{"href":"https:\/\/www.europesays.com\/fr\/wp-json\/wp\/v2\/types\/post"}],"author":[{"embeddable":true,"href":"https:\/\/www.europesays.com\/fr\/wp-json\/wp\/v2\/users\/2"}],"replies":[{"embeddable":true,"href":"https:\/\/www.europesays.com\/fr\/wp-json\/wp\/v2\/comments?post=331723"}],"version-history":[{"count":0,"href":"https:\/\/www.europesays.com\/fr\/wp-json\/wp\/v2\/posts\/331723\/revisions"}],"wp:featuredmedia":[{"embeddable":true,"href":"https:\/\/www.europesays.com\/fr\/wp-json\/wp\/v2\/media\/331724"}],"wp:attachment":[{"href":"https:\/\/www.europesays.com\/fr\/wp-json\/wp\/v2\/media?parent=331723"}],"wp:term":[{"taxonomy":"category","embeddable":true,"href":"https:\/\/www.europesays.com\/fr\/wp-json\/wp\/v2\/categories?post=331723"},{"taxonomy":"post_tag","embeddable":true,"href":"https:\/\/www.europesays.com\/fr\/wp-json\/wp\/v2\/tags?post=331723"}],"curies":[{"name":"wp","href":"https:\/\/api.w.org\/{rel}","templated":true}]}}