{"id":331731,"date":"2025-08-20T14:14:13","date_gmt":"2025-08-20T14:14:13","guid":{"rendered":"https:\/\/www.europesays.com\/fr\/331731\/"},"modified":"2025-08-20T14:14:13","modified_gmt":"2025-08-20T14:14:13","slug":"pro-d2-rory-teague-beziers-il-est-inutile-de-tout-casser-la-premiere-annee","status":"publish","type":"post","link":"https:\/\/www.europesays.com\/fr\/331731\/","title":{"rendered":"Pro D2 \u2013 Rory Teague (B\u00e9ziers)\u00a0: \u00ab\u00a0Il est inutile de tout casser la premi\u00e8re ann\u00e9e\u00a0\u00bb"},"content":{"rendered":"<p>\n                L\u2019entra\u00eeneur principal Rory Teague et le directeur rugby Johnny Howard se sont adress\u00e9s \u00e0 la presse lors d\u2019une conf\u00e9rence organis\u00e9e \u00e0 la Brasserie du Stade Raoul-Barri\u00e8re. Le technicien anglais a \u00e9voqu\u00e9 de nombreux sujets avant le prochain match amical face \u00e0 Provence Rugby et le d\u00e9but du championnat.\n            <\/p>\n<p><strong>Rory, comment s\u2019est d\u00e9roul\u00e9e votre venue \u00e0 B\u00e9ziers et dans quel contexte\u00a0?<\/strong><\/p>\n<p>Johnny Howard \u00e9tait en train de discuter avec David Gerard. Je le connais un peu, c\u2019est un grand entra\u00eeneur, mais on m\u2019a expliqu\u00e9 que \u00e7a n\u2019allait pas le faire. Le jour d\u2019apr\u00e8s, je re\u00e7ois un message, <strong><a href=\"https:\/\/www.rugbyrama.fr\/2025\/07\/22\/pro-d2-beziers-se-mise-sur-ses-jeunes-pour-lavenir-12834041.php\" target=\"_self\" rel=\"nofollow noopener\">avec l\u2019opportunit\u00e9 de signer \u00e0 B\u00e9ziers<\/a><\/strong>. J\u2019ai regard\u00e9 mon passeport d\u00e9j\u00e0, et j\u2019ai d\u00fb faire quelques d\u00e9marches au pays de Galles. Le projet et les attentes exprim\u00e9es par Johnny \u00e9taient clairs pour \u00eatre leur entra\u00eeneur en chef. Nous sommes vite tomb\u00e9s d\u2019accord et j\u2019ai sign\u00e9 dans la foul\u00e9e.<\/p>\n<p><strong>Qu\u2019est qui vous a s\u00e9duit dans cette approche du club\u00a0?<\/strong><\/p>\n<p>D\u2019abord, la grande histoire de rugby qui r\u00e8gne ici. Je viens de Gloucester, il y avait pas mal de joueurs fran\u00e7ais qui sont pass\u00e9s par mon club d\u2019origine, comme Philippe Saint-Andr\u00e9 et m\u00eame Pierre Caillet. Revenir dans ce pays \u00e9tait tr\u00e8s important pour moi, je suis tr\u00e8s attach\u00e9 \u00e0 plein de choses. Cela fait 15 ans que je suis entre la France et l\u2019Angleterre. Et m\u00eame si je suis un \u00ab\u00a0rosbif\u00a0\u00bb, je suis influenc\u00e9 par le rugby fran\u00e7ais et ce qu\u2019il repr\u00e9sente, comme je le trouve aujourd\u2019hui\u00a0\u00e0 B\u00e9ziers.<\/p>\n<p class=\"std-elt__inline\">\n        <strong>\u00c0 lire aussi :<\/strong><br \/>\n        <a href=\"https:\/\/www.rugbyrama.fr\/2025\/08\/04\/pro-d2-il-fallait-creer-une-ligne-directrice-premier-acte-dun-nouveau-chapitre-a-beziers-12854022.php\" rel=\"nofollow noopener\" target=\"_blank\">Pro D2 &#8211; \u00ab\u00a0Il fallait cr\u00e9er une ligne directrice\u00a0\u00bb : premier acte d&rsquo;un nouveau chapitre \u00e0 B\u00e9ziers<\/a>\n    <\/p>\n<p><strong>Il fallait aussi accepter que le recrutement \u00e9tait quasiment boucl\u00e9 et que vous deviez\u00a0aussi passer derri\u00e8re Pierre Caillet\u00a0?<\/strong><\/p>\n<p>Cela fait partie du challenge que je me fixe en venant \u00e0 l\u2019ASBH. J\u2019arrive au club, en expliquant en termes de jeu, mon envie d\u2019avoir un ADN particulier, de faire vivre le ballon et de pouvoir traverser le terrain. Apr\u00e8s mon passage au Racing 92, nous avions termin\u00e9 meilleure attaque du championnat avec un \u00e9tat d\u2019esprit irr\u00e9prochable. J\u2019esp\u00e8re faire la m\u00eame chose pour B\u00e9ziers, en travaillant le d\u00e9tail, la rigueur et le sale boulot qui n\u2019est jamais facile. Quant au fait de parler du vestiaire, je n\u2019ai\u00a0pas le sentiment que les joueurs sont dans le pass\u00e9. Les discussions avec les leaders et les jeunes me font penser que tout le monde veut aller le plus haut tout simplement.<\/p>\n<p>\u00ab\u00a0J\u2019ai mes id\u00e9es et ma fa\u00e7on de planifier le rugby\u00a0\u00bb<\/p>\n<p><strong>Apr\u00e8s votre passage en Top 14 \u00e0 l\u2019UBB et au Racing 92, vous allez d\u00e9couvrir le championnat de Pro D2. Comment jugez-vous cette comp\u00e9tition\u00a0?<\/strong><\/p>\n<p>C\u2019est assez long\u00a0! Mais avec une bonne planification pour chaque bloc, on peut essayer de faire quelque chose de bien avec ce groupe. C\u2019est un championnat qui tape fort, et tout peut changer apr\u00e8s quelques journ\u00e9es. L\u2019exemple de Montauban est marquant en ce sens. Il y a de l\u2019\u00e9motion, beaucoup veulent acc\u00e9der en Top 14, et c\u2019est vraiment int\u00e9ressant \u00e0 disputer. Il faut des gar\u00e7ons morts de faim, qui ont envie de prouver des choses.<\/p>\n<p><strong>Il y aura un projet de jeu \u00e0 d\u00e9finir et une adh\u00e9sion \u00e0 laquelle le groupe devra s\u2019identifier\u00a0?<\/strong><\/p>\n<p>La premi\u00e8re ann\u00e9e, c\u2019est inutile de tout casser. Quand on voit les r\u00e9sultats auparavant et les classements sur les trois derni\u00e8res saisons, certains \u00e9l\u00e9ments \u00e9taient d\u00e9j\u00e0 en place. Bien s\u00fbr, j\u2019ai envie d\u2019appliquer ma fa\u00e7on de voir les choses dans quelques domaines. Comme sur les lancements, les nettoyages, mais comme je l\u2019ai dit, on se d\u00e9couvre et je vais faire en sorte d\u2019avoir un climat sain. Il y a de la comp\u00e9tition entre eux, \u00e0 l\u2019entra\u00eenement je le per\u00e7ois clairement.<\/p>\n<p>        <img decoding=\"async\" class=\"std-img__img responsive-img\" src=\"https:\/\/www.europesays.com\/fr\/wp-content\/uploads\/2025\/08\/1755699253_672_image.jpg\" alt=\"Samuel Marques et les Biterrois se sont employ\u00e9s \u00e0 produire du jeu face \u00e0 leurs voisins narbonnais.\"\/><\/p>\n<p>                Samuel Marques et les Biterrois se sont employ\u00e9s \u00e0 produire du jeu face \u00e0 leurs voisins narbonnais.<br \/>\n                                    ASBH &#8211; Fred Bedos<\/p>\n<p><strong>Le staff a \u00e9volu\u00e9 aussi, l\u2019arriv\u00e9e de Marius Tincu et David Irazoqui qui est toujours en place. Comment se passe votre quotidien\u00a0?<\/strong><\/p>\n<p>C\u2019est comme avec une femme, il faut se d\u00e9couvrir, se conna\u00eetre et apprendre les uns des autres. On partage nos exp\u00e9riences communes, et il y a forc\u00e9ment des conversations plus dures aussi. J\u2019ai mes id\u00e9es, et j\u2019appr\u00e9cie de planifier et organiser le rugby d\u2019une telle fa\u00e7on. On a trois semaines d\u2019avance sur notre d\u00e9roul\u00e9, le processus de l\u2019entra\u00eenement a chang\u00e9. Mais vous savez tr\u00e8s bien que seuls les r\u00e9sultats parleront au final et j\u2019en suis pleinement conscient.<\/p>\n<p>\u00ab\u00a0B\u00e9ziers avait termin\u00e9 troisi\u00e8me alors qu\u2019il n\u2019avait pas le meilleur effectif\u00a0\u00bb<\/p>\n<p><strong>Qu\u2019attendez-vous du prochain match amical face \u00e0 Provence Rugby en guise de conclusion de la pr\u00e9paration estivale\u00a0?<\/strong><\/p>\n<p>Ce ne sera pas un match de championnat, l\u2019aspect tactique sera pr\u00e9sent bien s\u00fbr, mais on souhaite \u00eatre plus efficace en touche, agressifs en d\u00e9fense, et prendre du plaisir en attaque. Ce que j\u2019aime avec ce groupe, c\u2019est de faire ce boulot le plus dur et parvenir \u00e0 un \u00e9tat d\u2019esprit pour mener \u00e0 bien notre envie de jouer. Provence Rugby est une \u00e9quipe qui a des joueurs de tr\u00e8s bon niveau. Nous aussi, et nous irons l\u00e0-bas pour faire le maximum afin de pr\u00e9parer comme il se doit la premi\u00e8re journ\u00e9e \u00e0 venir contre Biarritz.<\/p>\n<p><strong>Le choix de Cl\u00e9ment Doumenc comme capitaine s\u2019est op\u00e9r\u00e9, pourquoi l\u2019avoir choisi\u00a0?<\/strong><\/p>\n<p>J\u2019ai senti d\u00e8s le d\u00e9but sa pr\u00e9sence envers les autres. J\u2019ai fait mon choix tr\u00e8s t\u00f4t le concernant. C\u2019est l\u2019un des meilleurs joueurs du championnat, il excelle dans le jeu au sol et sur les turnovers. Il met la t\u00eate dans des endroits pas \u00e9vidents, comme d\u2019autres, mais j\u2019aime son c\u00f4t\u00e9 comp\u00e9titeur. Il est toujours \u00e0 100\u00a0%, j\u2019ai confiance en lui et c\u2019est la m\u00eame chose pour le staff aupr\u00e8s de lui. Puis nous avons rajout\u00e9 \u00e9galement Taylor Gontineac aupr\u00e8s du groupe des leaders dans notre r\u00e9flexion.<\/p>\n<p class=\"std-elt__inline\">\n        <strong>\u00c0 lire aussi :<\/strong><br \/>\n        <a href=\"https:\/\/www.rugbyrama.fr\/2025\/08\/04\/pro-d2-nous-serons-plusieurs-voix-dans-le-vestiaire-assure-le-capitaine-de-beziers-clement-doumenc-12854021.php\" rel=\"nofollow noopener\" target=\"_blank\">Pro D2 &#8211; \u00ab\u00a0Nous serons plusieurs voix dans le vestiaire\u00a0\u00bb, assure le capitaine de B\u00e9ziers Cl\u00e9ment Doumenc<\/a>\n    <\/p>\n<p><strong>Est-ce que le recrutement est termin\u00e9 o\u00f9 il existe des pistes pour am\u00e9liorer l\u2019effectif\u00a0?<\/strong><\/p>\n<p>Si je suis toujours concern\u00e9 par le recrutement en ce moment, cela peut miner le joueur qui est en place aussi. Et dire que je n\u2019ai pas confiance en eux. Moi je veux essayer d\u2019am\u00e9liorer d\u00e9j\u00e0 les gar\u00e7ons en place, leurs comportements sur le terrain. Apr\u00e8s c\u2019est le travail de Johnny Howard pour valider une \u00e9ventuelle recrue. Maintenant, si j\u2019ai le besoin d\u2019avoir un profil, on se parlera. Notre effectif est bien, et je crois que B\u00e9ziers a termin\u00e9 \u00e0 la troisi\u00e8me place alors qu\u2019il n\u2019avait pas forc\u00e9ment le meilleur effectif de la saison\u00a0? On est d\u2019accord, et on mettra des choses en place comme je l\u2019ai dit.<\/p>\n","protected":false},"excerpt":{"rendered":"L\u2019entra\u00eeneur principal Rory Teague et le directeur rugby Johnny Howard se sont adress\u00e9s \u00e0 la presse lors d\u2019une&hellip;\n","protected":false},"author":2,"featured_media":331732,"comment_status":"","ping_status":"","sticky":false,"template":"","format":"standard","meta":{"footnotes":""},"categories":[1416],"tags":[1011,27,479,1468,60],"class_list":{"0":"post-331731","1":"post","2":"type-post","3":"status-publish","4":"format-standard","5":"has-post-thumbnail","7":"category-rugby","8":"tag-fr","9":"tag-france","10":"tag-rugby","11":"tag-rugby-football","12":"tag-sports"},"share_on_mastodon":{"url":"https:\/\/pubeurope.com\/@fr\/115061513516806389","error":""},"_links":{"self":[{"href":"https:\/\/www.europesays.com\/fr\/wp-json\/wp\/v2\/posts\/331731","targetHints":{"allow":["GET"]}}],"collection":[{"href":"https:\/\/www.europesays.com\/fr\/wp-json\/wp\/v2\/posts"}],"about":[{"href":"https:\/\/www.europesays.com\/fr\/wp-json\/wp\/v2\/types\/post"}],"author":[{"embeddable":true,"href":"https:\/\/www.europesays.com\/fr\/wp-json\/wp\/v2\/users\/2"}],"replies":[{"embeddable":true,"href":"https:\/\/www.europesays.com\/fr\/wp-json\/wp\/v2\/comments?post=331731"}],"version-history":[{"count":0,"href":"https:\/\/www.europesays.com\/fr\/wp-json\/wp\/v2\/posts\/331731\/revisions"}],"wp:featuredmedia":[{"embeddable":true,"href":"https:\/\/www.europesays.com\/fr\/wp-json\/wp\/v2\/media\/331732"}],"wp:attachment":[{"href":"https:\/\/www.europesays.com\/fr\/wp-json\/wp\/v2\/media?parent=331731"}],"wp:term":[{"taxonomy":"category","embeddable":true,"href":"https:\/\/www.europesays.com\/fr\/wp-json\/wp\/v2\/categories?post=331731"},{"taxonomy":"post_tag","embeddable":true,"href":"https:\/\/www.europesays.com\/fr\/wp-json\/wp\/v2\/tags?post=331731"}],"curies":[{"name":"wp","href":"https:\/\/api.w.org\/{rel}","templated":true}]}}